{"id":234026,"date":"2015-09-11T00:09:17","date_gmt":"2015-09-11T05:09:17","guid":{"rendered":"http:\/\/www.diarioimagen.net\/?p=234026"},"modified":"2015-09-11T03:38:07","modified_gmt":"2015-09-11T08:38:07","slug":"arranca-campana-de-seguridad-vial-en-carreteras-federales","status":"publish","type":"post","link":"https:\/\/www.diarioimagen.net\/?p=234026","title":{"rendered":"Arranca campa\u00f1a de seguridad vial en las carreteras federales"},"content":{"rendered":"<ul>\n<li><strong><em>Buscan crear conciencia entre conductores<\/em><\/strong><\/li>\n<\/ul>\n<div id=\"attachment_234027\" style=\"width: 250px\" class=\"wp-caption alignleft\"><a href=\"http:\/\/www.diarioimagen.net\/?attachment_id=234027\" rel=\"attachment wp-att-234027\"><img loading=\"lazy\" decoding=\"async\" aria-describedby=\"caption-attachment-234027\" class=\"wp-image-234027 size-medium\" src=\"http:\/\/www.diarioimagen.net\/wp-content\/uploads\/2015\/09\/CARRETERAS-PORTAL-240x140.jpg\" alt=\"Con fin de reducir el \u00edndice de accidente en autopistas nacionales, Caminos y Puentes inici\u00f3 una campa\u00f1a de seguridad vial.\" width=\"240\" height=\"140\" srcset=\"https:\/\/www.diarioimagen.net\/wp-content\/uploads\/2015\/09\/CARRETERAS-PORTAL-240x140.jpg 240w, https:\/\/www.diarioimagen.net\/wp-content\/uploads\/2015\/09\/CARRETERAS-PORTAL-420x245.jpg 420w, https:\/\/www.diarioimagen.net\/wp-content\/uploads\/2015\/09\/CARRETERAS-PORTAL.jpg 480w\" sizes=\"auto, (max-width: 240px) 100vw, 240px\" \/><\/a><p id=\"caption-attachment-234027\" class=\"wp-caption-text\">Con fin de reducir el \u00edndice de accidentes en autopistas nacionales, Caminos y Puentes inici\u00f3 una campa\u00f1a de seguridad vial.<\/p><\/div>\n<p>Caminos y Puentes Federales (Capufe) puso en marcha la campa\u00f1a nacional en materia de seguridad vial denominada \u201cYo te invito&#8230;\u201d con el fin de crear conciencia entre los usuarios de autopistas.<\/p>\n<p>Esta campa\u00f1a consta de cinco ejes importantes como lo son la utilizaci\u00f3n del cintur\u00f3n de seguridad, evitar el uso de tel\u00e9fono celular al conducir, portar casco en el caso de motociclistas, respetar los l\u00edmites de velocidad y no ingerir bebidas alcoh\u00f3licas si vas a conducir un autom\u00f3vil.<\/p>\n<p>Benito Neme Sastr\u00e9, director del Capufe, coment\u00f3 que la seguridad vial dentro de las autopistas es lo m\u00e1s importante; que no quede duda, lo m\u00e1s importante es la seguridad de los millones de usuarios que transitan por las carreteras.<\/p>\n<p>\u201cLas muertes y lesiones asociadas a los accidentes viales se han constituido en a\u00f1os recientes en un enorme reto en las pol\u00edticas p\u00fablicas, desgraciadamente las tendencias indican que ante una cantidad creciente de veh\u00edculos existe mayor riesgo de que ocurran accidentes\u201d.<\/p>\n<p>Indic\u00f3 que \u201cen el a\u00f1o 2013 elevamos a la seguridad vial al nivel de objetivo prioritario en nuestro programa institucional de desarrollo, en el lanzamiento mundial del decenio de acci\u00f3n para la seguridad vial por parte de la ONU se estableci\u00f3 la reducci\u00f3n al 50 por ciento en los decesos para el 2020\u201d, dijo.<\/p>\n<p>Reiter\u00f3 que el organismo implementa un programa integral de trabajo que contiene diversas acciones, \u201cpermanentemente realizamos inspecciones a la infraestructura de las autopistas para instalar se\u00f1alizaci\u00f3n y dispositivos que ayuden a incrementar la seguridad vial\u201d.<\/p>\n<p>Record\u00f3 que recientemente se reforzaron los servicios de atenci\u00f3n de emergencia y auxilio vial los cuales se ofrecen mediante alg\u00fan equipo de alerta permanente integrado por m\u00e1s de 800 m\u00e9dicos y param\u00e9dicos de primer nivel.<\/p>\n","protected":false},"excerpt":{"rendered":"<p>Caminos y Puentes Federales (Capufe) puso en marcha la campa\u00f1a nacional en materia de seguridad vial denominada \u201cYo te invito&#8230;\u201d con el fin de crear conciencia entre los usuarios de autopistas.<\/p>\n","protected":false},"author":5,"featured_media":234027,"comment_status":"open","ping_status":"open","sticky":false,"template":"","format":"standard","meta":{"_monsterinsights_skip_tracking":false,"_monsterinsights_sitenote_active":false,"_monsterinsights_sitenote_note":"","_monsterinsights_sitenote_category":0,"footnotes":""},"categories":[3],"tags":[7157,6185,2926,43673,43677],"class_list":["post-234026","post","type-post","status-publish","format-standard","has-post-thumbnail","hentry","category-nacional","tag-caminos-y-puentes-federales","tag-campana","tag-capufe","tag-nacional","tag-seguridad"],"_links":{"self":[{"href":"https:\/\/www.diarioimagen.net\/index.php?rest_route=\/wp\/v2\/posts\/234026","targetHints":{"allow":["GET"]}}],"collection":[{"href":"https:\/\/www.diarioimagen.net\/index.php?rest_route=\/wp\/v2\/posts"}],"about":[{"href":"https:\/\/www.diarioimagen.net\/index.php?rest_route=\/wp\/v2\/types\/post"}],"author":[{"embeddable":true,"href":"https:\/\/www.diarioimagen.net\/index.php?rest_route=\/wp\/v2\/users\/5"}],"replies":[{"embeddable":true,"href":"https:\/\/www.diarioimagen.net\/index.php?rest_route=%2Fwp%2Fv2%2Fcomments&post=234026"}],"version-history":[{"count":0,"href":"https:\/\/www.diarioimagen.net\/index.php?rest_route=\/wp\/v2\/posts\/234026\/revisions"}],"wp:featuredmedia":[{"embeddable":true,"href":"https:\/\/www.diarioimagen.net\/index.php?rest_route=\/wp\/v2\/media\/234027"}],"wp:attachment":[{"href":"https:\/\/www.diarioimagen.net\/index.php?rest_route=%2Fwp%2Fv2%2Fmedia&parent=234026"}],"wp:term":[{"taxonomy":"category","embeddable":true,"href":"https:\/\/www.diarioimagen.net\/index.php?rest_route=%2Fwp%2Fv2%2Fcategories&post=234026"},{"taxonomy":"post_tag","embeddable":true,"href":"https:\/\/www.diarioimagen.net\/index.php?rest_route=%2Fwp%2Fv2%2Ftags&post=234026"}],"curies":[{"name":"wp","href":"https:\/\/api.w.org\/{rel}","templated":true}]}}