{"id":234070,"date":"2015-09-11T00:08:25","date_gmt":"2015-09-11T05:08:25","guid":{"rendered":"http:\/\/www.diarioimagen.net\/?p=234070"},"modified":"2015-09-11T05:53:25","modified_gmt":"2015-09-11T10:53:25","slug":"recibiran-jovenes-capacitacion-en-la-edayo-toluca","status":"publish","type":"post","link":"https:\/\/www.diarioimagen.net\/?p=234070","title":{"rendered":"Recibir\u00e1n j\u00f3venes capacitaci\u00f3n en la EDAYO Toluca"},"content":{"rendered":"<ul>\n<li><strong><em>Para incorporarlos al mercado laboral<\/em><\/strong><\/li>\n<\/ul>\n<p><strong><a href=\"http:\/\/www.diarioimagen.net\/?attachment_id=234167\" rel=\"attachment wp-att-234167\"><img loading=\"lazy\" decoding=\"async\" class=\"alignleft size-medium wp-image-234167\" src=\"http:\/\/www.diarioimagen.net\/wp-content\/uploads\/2015\/09\/edayo-2696-240x135.jpg\" alt=\"edayo-2696\" width=\"240\" height=\"135\" srcset=\"https:\/\/www.diarioimagen.net\/wp-content\/uploads\/2015\/09\/edayo-2696-240x135.jpg 240w, https:\/\/www.diarioimagen.net\/wp-content\/uploads\/2015\/09\/edayo-2696-420x236.jpg 420w, https:\/\/www.diarioimagen.net\/wp-content\/uploads\/2015\/09\/edayo-2696-235x132.jpg 235w, https:\/\/www.diarioimagen.net\/wp-content\/uploads\/2015\/09\/edayo-2696-202x114.jpg 202w, https:\/\/www.diarioimagen.net\/wp-content\/uploads\/2015\/09\/edayo-2696-350x196.jpg 350w, https:\/\/www.diarioimagen.net\/wp-content\/uploads\/2015\/09\/edayo-2696-220x123.jpg 220w, https:\/\/www.diarioimagen.net\/wp-content\/uploads\/2015\/09\/edayo-2696-237x132.jpg 237w, https:\/\/www.diarioimagen.net\/wp-content\/uploads\/2015\/09\/edayo-2696.jpg 480w\" sizes=\"auto, (max-width: 240px) 100vw, 240px\" \/><\/a>Toluca, Estado de M\u00e9xico<\/strong>.- Con la finalidad de obtener los conocimientos y habilidades necesarias que les permitan incrementar la posibilidad de acceder a un trabajo formal o auto emplearse en alguna iniciativa de ocupaci\u00f3n por cuenta propia, el director del Instituto de Capacitaci\u00f3n y Adiestramiento para el Trabajo Industrial (ICATI), Eduardo Blanco Rodr\u00edguez, dio la bienvenida a 96 j\u00f3venes que no estudian ni trabajan y que recibir\u00e1n capacitaci\u00f3n gratuita en la Escuela de Artes y Oficios (EDAYO) de Toluca, quienes resultaron beneficiados de un convenio que se firm\u00f3 entre la Secretar\u00eda del Trabajo y el ayuntamiento local.<\/p>\n<p>En este semestre, que va de septiembre 2015 a febrero 2016, los beneficiados recibir\u00e1n en la EDAYO Toluca, capacitaci\u00f3n en computaci\u00f3n, ingl\u00e9s, mec\u00e1nica automotriz, gastronom\u00eda, cultura de belleza y confecci\u00f3n vers\u00e1til de prendas y al concluir su preparaci\u00f3n para el trabajo, recibir\u00e1n el reconocimiento oficial por parte de la Secretar\u00eda de Educaci\u00f3n P\u00fablica (SEP) y de la Secretar\u00eda del Trabajo.<\/p>\n<p>\u201cEste es el tercer a\u00f1o que la Secretar\u00eda y el ayuntamiento de Toluca, firmamos un convenio de colaboraci\u00f3n, para dar a este sector de la poblaci\u00f3n, la oportunidad de construir su propia historia de \u00e9xito a trav\u00e9s de la capacitaci\u00f3n laboral y con estos 96 nuevos becados, sumamos ya 600 j\u00f3venes que se han convertido en mexiquenses m\u00e1s productivos, le apostamos a la juventud, porque cada joven, es motivo de esperanza para el Estado de M\u00e9xico\u201d, puntualiz\u00f3 el director del ICATI.<\/p>\n","protected":false},"excerpt":{"rendered":"<p>Con la finalidad de obtener los conocimientos y habilidades necesarias que les permitan incrementar la posibilidad de acceder a un trabajo formal o auto emplearse en alguna iniciativa de ocupaci\u00f3n por cuenta propia, el director del Instituto de Capacitaci\u00f3n y Adiestramiento para el Trabajo Industrial (ICATI), Eduardo Blanco Rodr\u00edguez, dio la bienvenida a 96 j\u00f3venes que no estudian ni trabajan y que recibir\u00e1n capacitaci\u00f3n gratuita en la Escuela de Artes y Oficios (EDAYO) de Toluca, quienes resultaron beneficiados de un convenio que se firm\u00f3 entre la Secretar\u00eda del Trabajo y el ayuntamiento local.<\/p>\n","protected":false},"author":3,"featured_media":234167,"comment_status":"open","ping_status":"open","sticky":false,"template":"","format":"standard","meta":{"_monsterinsights_skip_tracking":false,"_monsterinsights_sitenote_active":false,"_monsterinsights_sitenote_note":"","_monsterinsights_sitenote_category":0,"footnotes":""},"categories":[5],"tags":[25972,43645,43675,260,452],"class_list":["post-234070","post","type-post","status-publish","format-standard","has-post-thumbnail","hentry","category-estado-de-mexico","tag-capacitacion","tag-edayo","tag-estado-de-mexico","tag-jovenes","tag-toluca"],"_links":{"self":[{"href":"https:\/\/www.diarioimagen.net\/index.php?rest_route=\/wp\/v2\/posts\/234070","targetHints":{"allow":["GET"]}}],"collection":[{"href":"https:\/\/www.diarioimagen.net\/index.php?rest_route=\/wp\/v2\/posts"}],"about":[{"href":"https:\/\/www.diarioimagen.net\/index.php?rest_route=\/wp\/v2\/types\/post"}],"author":[{"embeddable":true,"href":"https:\/\/www.diarioimagen.net\/index.php?rest_route=\/wp\/v2\/users\/3"}],"replies":[{"embeddable":true,"href":"https:\/\/www.diarioimagen.net\/index.php?rest_route=%2Fwp%2Fv2%2Fcomments&post=234070"}],"version-history":[{"count":0,"href":"https:\/\/www.diarioimagen.net\/index.php?rest_route=\/wp\/v2\/posts\/234070\/revisions"}],"wp:featuredmedia":[{"embeddable":true,"href":"https:\/\/www.diarioimagen.net\/index.php?rest_route=\/wp\/v2\/media\/234167"}],"wp:attachment":[{"href":"https:\/\/www.diarioimagen.net\/index.php?rest_route=%2Fwp%2Fv2%2Fmedia&parent=234070"}],"wp:term":[{"taxonomy":"category","embeddable":true,"href":"https:\/\/www.diarioimagen.net\/index.php?rest_route=%2Fwp%2Fv2%2Fcategories&post=234070"},{"taxonomy":"post_tag","embeddable":true,"href":"https:\/\/www.diarioimagen.net\/index.php?rest_route=%2Fwp%2Fv2%2Ftags&post=234070"}],"curies":[{"name":"wp","href":"https:\/\/api.w.org\/{rel}","templated":true}]}}