{"id":234154,"date":"2015-09-11T00:01:22","date_gmt":"2015-09-11T05:01:22","guid":{"rendered":"http:\/\/www.diarioimagen.net\/?p=234154"},"modified":"2015-09-14T00:36:45","modified_gmt":"2015-09-14T05:36:45","slug":"personal-del-tsjdf-celebra-las-fiestas-patrias","status":"publish","type":"post","link":"https:\/\/www.diarioimagen.net\/?p=234154","title":{"rendered":"Personal del TSJDF celebra las fiestas patrias"},"content":{"rendered":"<ul>\n<li><strong><em>Con gran alegr\u00eda y entusiasmo realizaron la tradicional kerm\u00e9s<\/em><\/strong><\/li>\n<\/ul>\n<h6>Gloria Carpio<\/h6>\n<p>&nbsp;<\/p>\n<div id=\"attachment_234185\" style=\"width: 250px\" class=\"wp-caption alignleft\"><a href=\"http:\/\/www.diarioimagen.net\/?attachment_id=234185\" rel=\"attachment wp-att-234185\"><img loading=\"lazy\" decoding=\"async\" aria-describedby=\"caption-attachment-234185\" class=\"size-medium wp-image-234185\" src=\"http:\/\/www.diarioimagen.net\/wp-content\/uploads\/2015\/09\/tribunal-2696-240x135.jpg\" alt=\"Yolanda Morales Romero (Juez 5 Civil), Lidia Barrera Santiago\u00a0 (Juez 70 Civil) Mar\u00eda del Carmen Mirta Jacaranda Gonz\u00e1lez Abarca (Juez 73 Civil) y Judith Cova Castillo (Juez 10 Civil). \" width=\"240\" height=\"135\" srcset=\"https:\/\/www.diarioimagen.net\/wp-content\/uploads\/2015\/09\/tribunal-2696-240x135.jpg 240w, https:\/\/www.diarioimagen.net\/wp-content\/uploads\/2015\/09\/tribunal-2696-420x236.jpg 420w, https:\/\/www.diarioimagen.net\/wp-content\/uploads\/2015\/09\/tribunal-2696-235x132.jpg 235w, https:\/\/www.diarioimagen.net\/wp-content\/uploads\/2015\/09\/tribunal-2696-202x114.jpg 202w, https:\/\/www.diarioimagen.net\/wp-content\/uploads\/2015\/09\/tribunal-2696-350x196.jpg 350w, https:\/\/www.diarioimagen.net\/wp-content\/uploads\/2015\/09\/tribunal-2696-220x123.jpg 220w, https:\/\/www.diarioimagen.net\/wp-content\/uploads\/2015\/09\/tribunal-2696-237x132.jpg 237w, https:\/\/www.diarioimagen.net\/wp-content\/uploads\/2015\/09\/tribunal-2696.jpg 480w\" sizes=\"auto, (max-width: 240px) 100vw, 240px\" \/><\/a><p id=\"caption-attachment-234185\" class=\"wp-caption-text\">Yolanda Morales Romero (Juez 5 Civil), Lidia Barrera Santiago\u00a0 (Juez 70 Civil) Mar\u00eda del Carmen Mirta Jacaranda Gonz\u00e1lez Abarca (Juez 73 Civil) y Judith Cova Castillo (Juez 10 Civil).<\/p><\/div>\n<p>El personal del Tribunal Superior de Justicia del Distrito Federal llev\u00f3 a cabo la celebraci\u00f3n de fiestas patrias con una tradicional kerm\u00e9s. Los puestos de antojitos mexicanos, dulces t\u00edpicos y hasta m\u00fasica en vivo formaron parte de esta fiesta que re\u00fane a los trabajadores de la casa de justicia de la ciudad de M\u00e9xico.<\/p>\n<p>La mayor\u00eda de los asistentes luc\u00edan trajes regionales para formar parte de esta fiesta.<\/p>\n<p>Personal del TSJDF disfrut\u00f3 de diversos antojitos mexicanos y participaron en los diferentes juegos recreativos.<\/p>\n<p>&nbsp;<\/p>\n","protected":false},"excerpt":{"rendered":"<p>El personal del Tribunal Superior de Justicia del Distrito Federal llev\u00f3 a cabo la celebraci\u00f3n de fiestas patrias con una tradicional kerm\u00e9s. Los puestos de antojitos mexicanos, dulces t\u00edpicos y hasta m\u00fasica en vivo formaron parte de esta fiesta que re\u00fane a los trabajadores de la casa de justicia de la ciudad de M\u00e9xico.<\/p>\n","protected":false},"author":3,"featured_media":234185,"comment_status":"open","ping_status":"open","sticky":false,"template":"","format":"standard","meta":{"_monsterinsights_skip_tracking":false,"_monsterinsights_sitenote_active":false,"_monsterinsights_sitenote_note":"","_monsterinsights_sitenote_category":0,"footnotes":""},"categories":[6,12],"tags":[204,39,43682,12164,60,862],"class_list":["post-234154","post","type-post","status-publish","format-standard","has-post-thumbnail","hentry","category-cd-de-mexico","category-espectaculos","tag-ciudad-de-mexico","tag-distrito-federal","tag-espectaculos","tag-fiestas-patrias","tag-gloria-carpio","tag-tsjdf"],"_links":{"self":[{"href":"https:\/\/www.diarioimagen.net\/index.php?rest_route=\/wp\/v2\/posts\/234154","targetHints":{"allow":["GET"]}}],"collection":[{"href":"https:\/\/www.diarioimagen.net\/index.php?rest_route=\/wp\/v2\/posts"}],"about":[{"href":"https:\/\/www.diarioimagen.net\/index.php?rest_route=\/wp\/v2\/types\/post"}],"author":[{"embeddable":true,"href":"https:\/\/www.diarioimagen.net\/index.php?rest_route=\/wp\/v2\/users\/3"}],"replies":[{"embeddable":true,"href":"https:\/\/www.diarioimagen.net\/index.php?rest_route=%2Fwp%2Fv2%2Fcomments&post=234154"}],"version-history":[{"count":0,"href":"https:\/\/www.diarioimagen.net\/index.php?rest_route=\/wp\/v2\/posts\/234154\/revisions"}],"wp:featuredmedia":[{"embeddable":true,"href":"https:\/\/www.diarioimagen.net\/index.php?rest_route=\/wp\/v2\/media\/234185"}],"wp:attachment":[{"href":"https:\/\/www.diarioimagen.net\/index.php?rest_route=%2Fwp%2Fv2%2Fmedia&parent=234154"}],"wp:term":[{"taxonomy":"category","embeddable":true,"href":"https:\/\/www.diarioimagen.net\/index.php?rest_route=%2Fwp%2Fv2%2Fcategories&post=234154"},{"taxonomy":"post_tag","embeddable":true,"href":"https:\/\/www.diarioimagen.net\/index.php?rest_route=%2Fwp%2Fv2%2Ftags&post=234154"}],"curies":[{"name":"wp","href":"https:\/\/api.w.org\/{rel}","templated":true}]}}