{"id":234267,"date":"2015-09-14T00:08:51","date_gmt":"2015-09-14T05:08:51","guid":{"rendered":"http:\/\/www.diarioimagen.net\/?p=234267"},"modified":"2015-09-15T04:26:07","modified_gmt":"2015-09-15T09:26:07","slug":"edayo-126-anos-de-formar-fuerza-productiva-en-la-entidad","status":"publish","type":"post","link":"https:\/\/www.diarioimagen.net\/?p=234267","title":{"rendered":"EDAYO, 126 a\u00f1os de formar fuerza productiva en la entidad"},"content":{"rendered":"<ul>\n<li><strong><em>Atiende anualmente a m\u00e1s de 150 mil alumnos<\/em><\/strong><\/li>\n<\/ul>\n<p><strong><a href=\"http:\/\/www.diarioimagen.net\/?attachment_id=234371\" rel=\"attachment wp-att-234371\"><img loading=\"lazy\" decoding=\"async\" class=\"alignleft size-medium wp-image-234371\" src=\"http:\/\/www.diarioimagen.net\/wp-content\/uploads\/2015\/09\/edayo-2697-240x135.jpg\" alt=\"edayo-2697\" width=\"240\" height=\"135\" srcset=\"https:\/\/www.diarioimagen.net\/wp-content\/uploads\/2015\/09\/edayo-2697-240x135.jpg 240w, https:\/\/www.diarioimagen.net\/wp-content\/uploads\/2015\/09\/edayo-2697-420x236.jpg 420w, https:\/\/www.diarioimagen.net\/wp-content\/uploads\/2015\/09\/edayo-2697-235x132.jpg 235w, https:\/\/www.diarioimagen.net\/wp-content\/uploads\/2015\/09\/edayo-2697-202x114.jpg 202w, https:\/\/www.diarioimagen.net\/wp-content\/uploads\/2015\/09\/edayo-2697-350x196.jpg 350w, https:\/\/www.diarioimagen.net\/wp-content\/uploads\/2015\/09\/edayo-2697-220x123.jpg 220w, https:\/\/www.diarioimagen.net\/wp-content\/uploads\/2015\/09\/edayo-2697-237x132.jpg 237w, https:\/\/www.diarioimagen.net\/wp-content\/uploads\/2015\/09\/edayo-2697.jpg 480w\" sizes=\"auto, (max-width: 240px) 100vw, 240px\" \/><\/a>Toluca, Estado de M\u00e9xico<\/strong>.- Al conmemorar el 126 aniversario de las Escuelas de Artes y Oficios (EDAYO), el director del Instituto de Capacitaci\u00f3n y Adiestramieto para el Trabajo Industrial (ICATI), Eduardo Blanco Rodr\u00edguez, afirm\u00f3 que el Estado de M\u00e9xico se consolida como el sistema de formaci\u00f3n para el trabajo m\u00e1s grande del pa\u00eds en su tipo al ofrecer instrucci\u00f3n en sus aulas a m\u00e1s de 150 mil alumnos anualmente.<\/p>\n<p>\u201cEl Instituto de Capacitaci\u00f3n y Adiestramiento para el Trabajo Industrial (ICATI), junto con sus 44 Escuelas de Artes y Oficios (EDAYO) y nueve Unidades de Capacitaci\u00f3n Externa se consolida como el sistema de formaci\u00f3n para el trabajo m\u00e1s grande del pa\u00eds\u201d, puntualiz\u00f3.<\/p>\n<p>Record\u00f3 que hace m\u00e1s de un siglo, el entonces gobernador, coronel Jos\u00e9 Vicente Villada, impuls\u00f3 la creaci\u00f3n de esta escuela, con la esperanza de verla a la altura de las mejores instituciones de su clase a nivel nacional.<\/p>\n<p>En este sentido, asegur\u00f3 que hoy gracias a la aportaci\u00f3n de generaciones enteras de mexiquenses, las EDAYO han conquistado el primer lugar del pa\u00eds, destacando entre sus logros, el de conseguir elevar las potencialidades del individuo para insertarse al sector productivo.<\/p>\n<p>Refiri\u00f3 que fue el a\u00f1o pasado, cuando con 42 planteles la instituci\u00f3n se ratific\u00f3 como el centro capacitador m\u00e1s grande del pa\u00eds, formando e instruyendo a poco m\u00e1s de 150 mil mexiquenses, y adelant\u00f3 que se tiene proyectado cerrar este 2015 con al menos 170 mil egresados, porque desde el mes de mayo pasado, iniciaron operaciones dos escuelas m\u00e1s, una en San Mateo Atenco, la primera en la entidad, especializada en la elaboraci\u00f3n de calzado, y otra en el municipio de Tultepec.<\/p>\n<p>\u201cEstas nuevas EDAYO, nos dan cuenta de que el gobierno que encabeza Eruviel \u00c1vila Villegas, le invierte en la superaci\u00f3n de la sociedad que les permita ampliar las oportunidades de empleabilidad; consciente de que la capacitaci\u00f3n laboral, hoy m\u00e1s que nunca, constituye uno de los principales pilares para la edificaci\u00f3n del progreso y el desarrollo de nuestra entidad\u201d, concluy\u00f3.<\/p>\n","protected":false},"excerpt":{"rendered":"<p>Al conmemorar el 126 aniversario de las Escuelas de Artes y Oficios (EDAYO), el director del Instituto de Capacitaci\u00f3n y Adiestramieto para el Trabajo Industrial (ICATI), Eduardo Blanco Rodr\u00edguez, afirm\u00f3 que el Estado de M\u00e9xico se consolida como el sistema de formaci\u00f3n para el trabajo m\u00e1s grande del pa\u00eds en su tipo al ofrecer instrucci\u00f3n en sus aulas a m\u00e1s de 150 mil alumnos anualmente.<\/p>\n","protected":false},"author":3,"featured_media":234371,"comment_status":"open","ping_status":"open","sticky":false,"template":"","format":"standard","meta":{"_monsterinsights_skip_tracking":false,"_monsterinsights_sitenote_active":false,"_monsterinsights_sitenote_note":"","_monsterinsights_sitenote_category":0,"footnotes":""},"categories":[5],"tags":[43645,43675,452],"class_list":["post-234267","post","type-post","status-publish","format-standard","has-post-thumbnail","hentry","category-estado-de-mexico","tag-edayo","tag-estado-de-mexico","tag-toluca"],"_links":{"self":[{"href":"https:\/\/www.diarioimagen.net\/index.php?rest_route=\/wp\/v2\/posts\/234267","targetHints":{"allow":["GET"]}}],"collection":[{"href":"https:\/\/www.diarioimagen.net\/index.php?rest_route=\/wp\/v2\/posts"}],"about":[{"href":"https:\/\/www.diarioimagen.net\/index.php?rest_route=\/wp\/v2\/types\/post"}],"author":[{"embeddable":true,"href":"https:\/\/www.diarioimagen.net\/index.php?rest_route=\/wp\/v2\/users\/3"}],"replies":[{"embeddable":true,"href":"https:\/\/www.diarioimagen.net\/index.php?rest_route=%2Fwp%2Fv2%2Fcomments&post=234267"}],"version-history":[{"count":0,"href":"https:\/\/www.diarioimagen.net\/index.php?rest_route=\/wp\/v2\/posts\/234267\/revisions"}],"wp:featuredmedia":[{"embeddable":true,"href":"https:\/\/www.diarioimagen.net\/index.php?rest_route=\/wp\/v2\/media\/234371"}],"wp:attachment":[{"href":"https:\/\/www.diarioimagen.net\/index.php?rest_route=%2Fwp%2Fv2%2Fmedia&parent=234267"}],"wp:term":[{"taxonomy":"category","embeddable":true,"href":"https:\/\/www.diarioimagen.net\/index.php?rest_route=%2Fwp%2Fv2%2Fcategories&post=234267"},{"taxonomy":"post_tag","embeddable":true,"href":"https:\/\/www.diarioimagen.net\/index.php?rest_route=%2Fwp%2Fv2%2Ftags&post=234267"}],"curies":[{"name":"wp","href":"https:\/\/api.w.org\/{rel}","templated":true}]}}