{"id":234306,"date":"2015-09-14T00:06:27","date_gmt":"2015-09-14T05:06:27","guid":{"rendered":"http:\/\/www.diarioimagen.net\/?p=234306"},"modified":"2015-09-14T05:13:20","modified_gmt":"2015-09-14T10:13:20","slug":"huixquilucan-crece-centro-de-bachillerato-tecnologico","status":"publish","type":"post","link":"https:\/\/www.diarioimagen.net\/?p=234306","title":{"rendered":"Huixquilucan: crece Centro de Bachillerato Tecnol\u00f3gico"},"content":{"rendered":"<ul>\n<li><strong><em>Mayor oferta educativa<\/em><\/strong><\/li>\n<\/ul>\n<div id=\"attachment_234383\" style=\"width: 250px\" class=\"wp-caption alignleft\"><a href=\"http:\/\/www.diarioimagen.net\/?attachment_id=234383\" rel=\"attachment wp-att-234383\"><img loading=\"lazy\" decoding=\"async\" aria-describedby=\"caption-attachment-234383\" class=\"size-medium wp-image-234383\" src=\"http:\/\/www.diarioimagen.net\/wp-content\/uploads\/2015\/09\/HUIXQUILUCAN-2697-240x135.jpg\" alt=\"La segunda etapa del Centro de Bachillerato Tecnol\u00f3gico Huixquilucan incluyen la construcci\u00f3n de dos edificios.\" width=\"240\" height=\"135\" srcset=\"https:\/\/www.diarioimagen.net\/wp-content\/uploads\/2015\/09\/HUIXQUILUCAN-2697-240x135.jpg 240w, https:\/\/www.diarioimagen.net\/wp-content\/uploads\/2015\/09\/HUIXQUILUCAN-2697-420x236.jpg 420w, https:\/\/www.diarioimagen.net\/wp-content\/uploads\/2015\/09\/HUIXQUILUCAN-2697-235x132.jpg 235w, https:\/\/www.diarioimagen.net\/wp-content\/uploads\/2015\/09\/HUIXQUILUCAN-2697-202x114.jpg 202w, https:\/\/www.diarioimagen.net\/wp-content\/uploads\/2015\/09\/HUIXQUILUCAN-2697-350x196.jpg 350w, https:\/\/www.diarioimagen.net\/wp-content\/uploads\/2015\/09\/HUIXQUILUCAN-2697-220x123.jpg 220w, https:\/\/www.diarioimagen.net\/wp-content\/uploads\/2015\/09\/HUIXQUILUCAN-2697-237x132.jpg 237w, https:\/\/www.diarioimagen.net\/wp-content\/uploads\/2015\/09\/HUIXQUILUCAN-2697.jpg 480w\" sizes=\"auto, (max-width: 240px) 100vw, 240px\" \/><\/a><p id=\"caption-attachment-234383\" class=\"wp-caption-text\">La segunda etapa del Centro de Bachillerato Tecnol\u00f3gico Huixquilucan incluyen la construcci\u00f3n de dos edificios.<\/p><\/div>\n<p><strong>Huixquilucan, Estado de M\u00e9xico<\/strong>.- Gracias al esfuerzo conjunto de autoridades estatales, municipales, acad\u00e9micas y sociedad civil se consolid\u00f3 el proyecto del Centro de Bachillerato Tecnol\u00f3gico, que tiene como finalidad proveer a la juventud huixquiluquense de un espacio acad\u00e9mico digno para el desarrollo de su preparaci\u00f3n media superior en condiciones \u00f3ptimas, coincidieron funcionarios p\u00fablicos municipales, personal docente, comuneros y vecinos de Santa Cruz Ayotuxco al iniciar los trabajos de la segunda etapa de construcci\u00f3n del CBT-Huixquilucan.<\/p>\n<p>Uno de los principales objetivos de la presente administraci\u00f3n municipal es generar nuevas pol\u00edticas p\u00fablicas enfocadas en la\u00a0 educaci\u00f3n, para fortalecer la preparaci\u00f3n acad\u00e9mica de los j\u00f3venes del municipio, y gracias a la valiosa ayuda del gobierno del Estado de M\u00e9xico, es posible ver los progresos en el corto tiempo, asegur\u00f3 Urbano Silva Guti\u00e9rrez, asesor de la presidencia municipal, a nombre del alcalde de la demarcaci\u00f3n, Jos\u00e9 Reynol Neyra Gonz\u00e1lez.<\/p>\n<p>Ante alumnos, padres de familia, integrantes de Cabildo, autoridades auxiliares, personal docente, integrantes del Comisariado Ejidal de Santa Cruz Ayotuxco y vecinos de la zona, el director de Control Urbano municipal, Rafael Mondrag\u00f3n Pedrero, inform\u00f3 que los trabajos de la segunda etapa del CBT-Huixquilucan incluyen la construcci\u00f3n de dos edificios; el edificio A estar\u00e1 constituido por una superficie de 265 metros en que se cimentar\u00e1n siete aulas de clases, en tanto que el edificio B medir\u00e1 665 metros cuyo uso estar\u00e1 desinado para oficinas administrativas y los \u00a0m\u00f3dulos sanitarios.<\/p>\n<p>Mondrag\u00f3n Pedrero agreg\u00f3 que tambi\u00e9n se construir\u00e1 una cancha de usos m\u00faltiples de 450 metros aproximadamente, adem\u00e1s de un estacionamiento, un p\u00f3rtico de acceso de alrededor de 18 metros, as\u00ed como andadores y escaleras, para brindar la seguridad necesaria a los estudiantes.<\/p>\n<p>H\u00e9ctor Hinojosa Rojas, Supervisor de la Zona Escolar 020 de Bachillerato Tecnol\u00f3gico, coment\u00f3 que desde el inicio de actividades del CBT en Huixquilucan, la matr\u00edcula escolar ha sido constante y se prev\u00e9 siga en aumento, por lo que es de vital importancia otorgar a los estudiantes una escuela digna y segura para su mejor desenvolvimiento.<\/p>\n<p>\u201cPara que un compromiso de gran nivel salga adelante se requiere un esfuerzo conjunto, entre sociedad y gobierno, y este proyecto no fue la excepci\u00f3n\u201d, asegur\u00f3 Francisco Reyes Navarrete, presidente del Comisariado de Bienes Comunales.<\/p>\n","protected":false},"excerpt":{"rendered":"<p>Gracias al esfuerzo conjunto de autoridades estatales, municipales, acad\u00e9micas y sociedad civil se consolid\u00f3 el proyecto del Centro de Bachillerato Tecnol\u00f3gico, que tiene como finalidad proveer a la juventud huixquiluquense de un espacio acad\u00e9mico digno para el desarrollo de su preparaci\u00f3n media superior en condiciones \u00f3ptimas, coincidieron funcionarios p\u00fablicos municipales, personal docente, comuneros y vecinos de Santa Cruz Ayotuxco al iniciar los trabajos de la segunda etapa de construcci\u00f3n del CBT-Huixquilucan.<\/p>\n","protected":false},"author":3,"featured_media":234383,"comment_status":"open","ping_status":"open","sticky":false,"template":"","format":"standard","meta":{"_monsterinsights_skip_tracking":false,"_monsterinsights_sitenote_active":false,"_monsterinsights_sitenote_note":"","_monsterinsights_sitenote_category":0,"footnotes":""},"categories":[35155],"tags":[43675,1097],"class_list":["post-234306","post","type-post","status-publish","format-standard","has-post-thumbnail","hentry","category-estado-de-mexico-estado-de-mexico","tag-estado-de-mexico","tag-huixquilucan"],"_links":{"self":[{"href":"https:\/\/www.diarioimagen.net\/index.php?rest_route=\/wp\/v2\/posts\/234306","targetHints":{"allow":["GET"]}}],"collection":[{"href":"https:\/\/www.diarioimagen.net\/index.php?rest_route=\/wp\/v2\/posts"}],"about":[{"href":"https:\/\/www.diarioimagen.net\/index.php?rest_route=\/wp\/v2\/types\/post"}],"author":[{"embeddable":true,"href":"https:\/\/www.diarioimagen.net\/index.php?rest_route=\/wp\/v2\/users\/3"}],"replies":[{"embeddable":true,"href":"https:\/\/www.diarioimagen.net\/index.php?rest_route=%2Fwp%2Fv2%2Fcomments&post=234306"}],"version-history":[{"count":0,"href":"https:\/\/www.diarioimagen.net\/index.php?rest_route=\/wp\/v2\/posts\/234306\/revisions"}],"wp:featuredmedia":[{"embeddable":true,"href":"https:\/\/www.diarioimagen.net\/index.php?rest_route=\/wp\/v2\/media\/234383"}],"wp:attachment":[{"href":"https:\/\/www.diarioimagen.net\/index.php?rest_route=%2Fwp%2Fv2%2Fmedia&parent=234306"}],"wp:term":[{"taxonomy":"category","embeddable":true,"href":"https:\/\/www.diarioimagen.net\/index.php?rest_route=%2Fwp%2Fv2%2Fcategories&post=234306"},{"taxonomy":"post_tag","embeddable":true,"href":"https:\/\/www.diarioimagen.net\/index.php?rest_route=%2Fwp%2Fv2%2Ftags&post=234306"}],"curies":[{"name":"wp","href":"https:\/\/api.w.org\/{rel}","templated":true}]}}