{"id":234503,"date":"2015-09-15T00:13:05","date_gmt":"2015-09-15T05:13:05","guid":{"rendered":"http:\/\/www.diarioimagen.net\/?p=234503"},"modified":"2015-09-17T03:02:13","modified_gmt":"2015-09-17T08:02:13","slug":"se-debe-aclarar-ataque-a-turistas","status":"publish","type":"post","link":"https:\/\/www.diarioimagen.net\/?p=234503","title":{"rendered":"Se debe aclarar ataque a turistas"},"content":{"rendered":"<h2>Arco Norte<\/h2>\n<h5>Jos\u00e9 Luis Monta\u00f1ez Aguilar<\/h5>\n<p>&nbsp;<\/p>\n<div id=\"attachment_234572\" style=\"width: 250px\" class=\"wp-caption alignleft\"><a href=\"http:\/\/www.diarioimagen.net\/?attachment_id=234572\" rel=\"attachment wp-att-234572\"><img loading=\"lazy\" decoding=\"async\" aria-describedby=\"caption-attachment-234572\" class=\"size-medium wp-image-234572\" src=\"http:\/\/www.diarioimagen.net\/wp-content\/uploads\/2015\/09\/eruviel-2698-240x135.jpg\" alt=\"Eruviel \u00c1vila - Consejo Nacional Directivo del Sindicato de Trabajadores de la SAGARPA.\" width=\"240\" height=\"135\" srcset=\"https:\/\/www.diarioimagen.net\/wp-content\/uploads\/2015\/09\/eruviel-2698-240x135.jpg 240w, https:\/\/www.diarioimagen.net\/wp-content\/uploads\/2015\/09\/eruviel-2698-420x236.jpg 420w, https:\/\/www.diarioimagen.net\/wp-content\/uploads\/2015\/09\/eruviel-2698-235x132.jpg 235w, https:\/\/www.diarioimagen.net\/wp-content\/uploads\/2015\/09\/eruviel-2698-202x114.jpg 202w, https:\/\/www.diarioimagen.net\/wp-content\/uploads\/2015\/09\/eruviel-2698-350x196.jpg 350w, https:\/\/www.diarioimagen.net\/wp-content\/uploads\/2015\/09\/eruviel-2698-220x123.jpg 220w, https:\/\/www.diarioimagen.net\/wp-content\/uploads\/2015\/09\/eruviel-2698-237x132.jpg 237w, https:\/\/www.diarioimagen.net\/wp-content\/uploads\/2015\/09\/eruviel-2698.jpg 480w\" sizes=\"auto, (max-width: 240px) 100vw, 240px\" \/><\/a><p id=\"caption-attachment-234572\" class=\"wp-caption-text\">Eruviel \u00c1vila &#8211; Consejo Nacional Directivo del Sindicato de Trabajadores de la SAGARPA.<\/p><\/div>\n<p>El gobernador Eruviel \u00c1vila Villegas, en su calidad de presidente de la Conago, expres\u00f3 el respaldo de este organismo al gobierno federal para solicitar el esclarecimiento de los hechos que sufri\u00f3 un grupo de vacacionistas mexicanos que se encontraban en Egipto, donde murieron dos connacionales y seis m\u00e1s resultaron heridos.<\/p>\n<p>\u201cLe quiero expresar al gobierno federal, a la canciller, que los gobernadores del pa\u00eds somos solidarios y estaremos muy pendientes para que se esclarezcan los hechos y se sepa por qu\u00e9 lamentablemente perdieron la vida dos mexicanos que iban a vacacionar a ese pa\u00eds, y tambi\u00e9n hago votos por la pronta recuperaci\u00f3n de nuestros seis connacionales que est\u00e1n hospitalizados all\u00e1 en ese pa\u00eds y pido a todos los mexicanos la solidaridad para nuestros paisanos, y sobre todo hay que exigir que se brinden garant\u00edas, las garant\u00edas necesarias para quienes visiten este pa\u00eds, tengan la seguridad y la protecci\u00f3n del gobierno debidamente\u201d, expres\u00f3.<\/p>\n<p>Eruviel \u00c1vila reconoci\u00f3 tambi\u00e9n la r\u00e1pida actuaci\u00f3n y operaci\u00f3n del gobierno federal. \u00a0Lo anterior durante la inauguraci\u00f3n del XVII Consejo Nacional Directivo del Sindicato Nacional de Trabajadores de la Sagarpa&#8230; En el marco de la campa\u00f1a Juntos Contra la Ilegalidad, emprendida por el gobierno de la Rep\u00fablica, \u00c1vila Villegas y el comisionado federal para la Protecci\u00f3n Contra Riesgos Sanitarios (Cofepris), Mikel Arriola Pe\u00f1alosa, encabezaron la destrucci\u00f3n de 10 toneladas de productos <em>milagro<\/em> y medicamentos ilegales, que han sido decomisados en los \u00faltimos dos meses en la entidad.<\/p>\n<p><em><a href=\"mailto:montanezaguilar@gmail.com\" target=\"_blank\">montanezaguilar@gmail.com<\/a><\/em><\/p>\n","protected":false},"excerpt":{"rendered":"<p><span style=\"color: #005497;\">Jos\u00e9 Luis Monta\u00f1ez Aguilar<\/span><br \/>\n<br \/>\nEl gobernador Eruviel \u00c1vila Villegas, en su calidad de presidente de la Conago, expres\u00f3 el respaldo de este organismo al gobierno federal para solicitar el esclarecimiento de los hechos que sufri\u00f3 un grupo de vacacionistas mexicanos que se encontraban en Egipto, donde murieron dos connacionales y seis m\u00e1s resultaron heridos.<\/p>\n","protected":false},"author":3,"featured_media":234572,"comment_status":"open","ping_status":"open","sticky":false,"template":"","format":"standard","meta":{"_monsterinsights_skip_tracking":false,"_monsterinsights_sitenote_active":false,"_monsterinsights_sitenote_note":"","_monsterinsights_sitenote_category":0,"footnotes":""},"categories":[11622],"tags":[13284,43704,43674],"class_list":["post-234503","post","type-post","status-publish","format-standard","has-post-thumbnail","hentry","category-jose-luis-montanez-aguilar","tag-arco-norte","tag-jose-luis-montanez-aguilar","tag-opinion"],"_links":{"self":[{"href":"https:\/\/www.diarioimagen.net\/index.php?rest_route=\/wp\/v2\/posts\/234503","targetHints":{"allow":["GET"]}}],"collection":[{"href":"https:\/\/www.diarioimagen.net\/index.php?rest_route=\/wp\/v2\/posts"}],"about":[{"href":"https:\/\/www.diarioimagen.net\/index.php?rest_route=\/wp\/v2\/types\/post"}],"author":[{"embeddable":true,"href":"https:\/\/www.diarioimagen.net\/index.php?rest_route=\/wp\/v2\/users\/3"}],"replies":[{"embeddable":true,"href":"https:\/\/www.diarioimagen.net\/index.php?rest_route=%2Fwp%2Fv2%2Fcomments&post=234503"}],"version-history":[{"count":0,"href":"https:\/\/www.diarioimagen.net\/index.php?rest_route=\/wp\/v2\/posts\/234503\/revisions"}],"wp:featuredmedia":[{"embeddable":true,"href":"https:\/\/www.diarioimagen.net\/index.php?rest_route=\/wp\/v2\/media\/234572"}],"wp:attachment":[{"href":"https:\/\/www.diarioimagen.net\/index.php?rest_route=%2Fwp%2Fv2%2Fmedia&parent=234503"}],"wp:term":[{"taxonomy":"category","embeddable":true,"href":"https:\/\/www.diarioimagen.net\/index.php?rest_route=%2Fwp%2Fv2%2Fcategories&post=234503"},{"taxonomy":"post_tag","embeddable":true,"href":"https:\/\/www.diarioimagen.net\/index.php?rest_route=%2Fwp%2Fv2%2Ftags&post=234503"}],"curies":[{"name":"wp","href":"https:\/\/api.w.org\/{rel}","templated":true}]}}