{"id":234507,"date":"2015-09-15T00:07:01","date_gmt":"2015-09-15T05:07:01","guid":{"rendered":"http:\/\/www.diarioimagen.net\/?p=234507"},"modified":"2015-09-15T05:20:23","modified_gmt":"2015-09-15T10:20:23","slug":"amplian-electrificacion-en-zonas-rurales-del-edomex","status":"publish","type":"post","link":"https:\/\/www.diarioimagen.net\/?p=234507","title":{"rendered":"Ampl\u00edan electrificaci\u00f3n en zonas rurales del Edomex"},"content":{"rendered":"<p><strong><a href=\"http:\/\/www.diarioimagen.net\/?attachment_id=234586\" rel=\"attachment wp-att-234586\"><img loading=\"lazy\" decoding=\"async\" class=\"alignleft size-medium wp-image-234586\" src=\"http:\/\/www.diarioimagen.net\/wp-content\/uploads\/2015\/09\/electrificacion-2698-240x135.jpg\" alt=\"electrificacion-2698\" width=\"240\" height=\"135\" srcset=\"https:\/\/www.diarioimagen.net\/wp-content\/uploads\/2015\/09\/electrificacion-2698-240x135.jpg 240w, https:\/\/www.diarioimagen.net\/wp-content\/uploads\/2015\/09\/electrificacion-2698-420x236.jpg 420w, https:\/\/www.diarioimagen.net\/wp-content\/uploads\/2015\/09\/electrificacion-2698-235x132.jpg 235w, https:\/\/www.diarioimagen.net\/wp-content\/uploads\/2015\/09\/electrificacion-2698-202x114.jpg 202w, https:\/\/www.diarioimagen.net\/wp-content\/uploads\/2015\/09\/electrificacion-2698-350x196.jpg 350w, https:\/\/www.diarioimagen.net\/wp-content\/uploads\/2015\/09\/electrificacion-2698-220x123.jpg 220w, https:\/\/www.diarioimagen.net\/wp-content\/uploads\/2015\/09\/electrificacion-2698-237x132.jpg 237w, https:\/\/www.diarioimagen.net\/wp-content\/uploads\/2015\/09\/electrificacion-2698.jpg 480w\" sizes=\"auto, (max-width: 240px) 100vw, 240px\" \/><\/a>Toluca, Estado de M\u00e9xico.- <\/strong>La Secretar\u00eda de Infraestructura, a trav\u00e9s de la Direcci\u00f3n General de Electrificaci\u00f3n, realiza la ampliaci\u00f3n de la red el\u00e9ctrica en municipios rurales del Estado de M\u00e9xico, con una inversi\u00f3n de m\u00e1s de 40 millones de pesos, a fin de apoyar el desarrollo de las comunidades.<\/p>\n<p>Los proyectos llevar\u00e1n electricidad a comunidades de 13 municipios mexiquenses, atendiendo a las familias de Almoloya de Alquisiras, Atlacomulco, Chapa de Mota, Ixtapan de la Sal, Ixtapan del Oro, Luvianos, Otzoloapan, San Jos\u00e9 del Rinc\u00f3n, Sultepec, Tejupilco, Temascaltepec, Villa Guerrero y Villa Victoria.<\/p>\n<p>&nbsp;<\/p>\n","protected":false},"excerpt":{"rendered":"<p>La Secretar\u00eda de Infraestructura, a trav\u00e9s de la Direcci\u00f3n General de Electrificaci\u00f3n, realiza la ampliaci\u00f3n de la red el\u00e9ctrica en municipios rurales del Estado de M\u00e9xico, con una inversi\u00f3n de m\u00e1s de 40 millones de pesos, a fin de apoyar el desarrollo de las comunidades. <\/p>\n","protected":false},"author":3,"featured_media":234586,"comment_status":"open","ping_status":"open","sticky":false,"template":"","format":"standard","meta":{"_monsterinsights_skip_tracking":false,"_monsterinsights_sitenote_active":false,"_monsterinsights_sitenote_note":"","_monsterinsights_sitenote_category":0,"footnotes":""},"categories":[35155],"tags":[24210,43675,452],"class_list":["post-234507","post","type-post","status-publish","format-standard","has-post-thumbnail","hentry","category-estado-de-mexico-estado-de-mexico","tag-electrificacion","tag-estado-de-mexico","tag-toluca"],"_links":{"self":[{"href":"https:\/\/www.diarioimagen.net\/index.php?rest_route=\/wp\/v2\/posts\/234507","targetHints":{"allow":["GET"]}}],"collection":[{"href":"https:\/\/www.diarioimagen.net\/index.php?rest_route=\/wp\/v2\/posts"}],"about":[{"href":"https:\/\/www.diarioimagen.net\/index.php?rest_route=\/wp\/v2\/types\/post"}],"author":[{"embeddable":true,"href":"https:\/\/www.diarioimagen.net\/index.php?rest_route=\/wp\/v2\/users\/3"}],"replies":[{"embeddable":true,"href":"https:\/\/www.diarioimagen.net\/index.php?rest_route=%2Fwp%2Fv2%2Fcomments&post=234507"}],"version-history":[{"count":0,"href":"https:\/\/www.diarioimagen.net\/index.php?rest_route=\/wp\/v2\/posts\/234507\/revisions"}],"wp:featuredmedia":[{"embeddable":true,"href":"https:\/\/www.diarioimagen.net\/index.php?rest_route=\/wp\/v2\/media\/234586"}],"wp:attachment":[{"href":"https:\/\/www.diarioimagen.net\/index.php?rest_route=%2Fwp%2Fv2%2Fmedia&parent=234507"}],"wp:term":[{"taxonomy":"category","embeddable":true,"href":"https:\/\/www.diarioimagen.net\/index.php?rest_route=%2Fwp%2Fv2%2Fcategories&post=234507"},{"taxonomy":"post_tag","embeddable":true,"href":"https:\/\/www.diarioimagen.net\/index.php?rest_route=%2Fwp%2Fv2%2Ftags&post=234507"}],"curies":[{"name":"wp","href":"https:\/\/api.w.org\/{rel}","templated":true}]}}