{"id":234513,"date":"2015-09-15T00:04:17","date_gmt":"2015-09-15T05:04:17","guid":{"rendered":"http:\/\/www.diarioimagen.net\/?p=234513"},"modified":"2015-09-17T00:43:59","modified_gmt":"2015-09-17T05:43:59","slug":"se-restablece-abasto-de-agua-al-valle-de-mexico","status":"publish","type":"post","link":"https:\/\/www.diarioimagen.net\/?p=234513","title":{"rendered":"Se restablece abasto de agua al Valle de M\u00e9xico"},"content":{"rendered":"<ul>\n<li><strong><em>Tras labores de mantenimiento del Cutzamala<\/em><\/strong><\/li>\n<\/ul>\n<div id=\"attachment_234616\" style=\"width: 250px\" class=\"wp-caption alignleft\"><a href=\"http:\/\/www.diarioimagen.net\/?attachment_id=234616\" rel=\"attachment wp-att-234616\"><img loading=\"lazy\" decoding=\"async\" aria-describedby=\"caption-attachment-234616\" class=\"size-medium wp-image-234616\" src=\"http:\/\/www.diarioimagen.net\/wp-content\/uploads\/2015\/09\/CUTZAMALA-2698-240x135.jpg\" alt=\"Se normaliz\u00f3 el abasto de agua potable en Valle de M\u00e9xico tras obras de mantenimiento del Sistema Cutzamala.\" width=\"240\" height=\"135\" srcset=\"https:\/\/www.diarioimagen.net\/wp-content\/uploads\/2015\/09\/CUTZAMALA-2698-240x135.jpg 240w, https:\/\/www.diarioimagen.net\/wp-content\/uploads\/2015\/09\/CUTZAMALA-2698-420x236.jpg 420w, https:\/\/www.diarioimagen.net\/wp-content\/uploads\/2015\/09\/CUTZAMALA-2698-235x132.jpg 235w, https:\/\/www.diarioimagen.net\/wp-content\/uploads\/2015\/09\/CUTZAMALA-2698-202x114.jpg 202w, https:\/\/www.diarioimagen.net\/wp-content\/uploads\/2015\/09\/CUTZAMALA-2698-350x196.jpg 350w, https:\/\/www.diarioimagen.net\/wp-content\/uploads\/2015\/09\/CUTZAMALA-2698-220x123.jpg 220w, https:\/\/www.diarioimagen.net\/wp-content\/uploads\/2015\/09\/CUTZAMALA-2698-237x132.jpg 237w, https:\/\/www.diarioimagen.net\/wp-content\/uploads\/2015\/09\/CUTZAMALA-2698.jpg 480w\" sizes=\"auto, (max-width: 240px) 100vw, 240px\" \/><\/a><p id=\"caption-attachment-234616\" class=\"wp-caption-text\">Se normaliz\u00f3 el abasto de agua potable en Valle de M\u00e9xico tras obras de mantenimiento del Sistema Cutzamala.<\/p><\/div>\n<p>Al medio d\u00eda de ayer el Sistema Cutzamala reinici\u00f3 su operaci\u00f3n normal de bombeo de agua potable al Valle de M\u00e9xico, una vez que concluy\u00f3 su mantenimiento preventivo.<\/p>\n<p>La Comisi\u00f3n Nacional del Agua (Conagua) asegur\u00f3 que los vol\u00famenes de agua potable comprometidos con el Estado de M\u00e9xico y el Distrito Federal ya est\u00e1n normalizados.<\/p>\n<p>Sin embargo, advirti\u00f3 que la estabilidad de la operaci\u00f3n en las redes de distribuci\u00f3n est\u00e1 sujetas a las estrategias que establezcan el Sistema de Agua de la Ciudad de M\u00e9xico (Sacmex), la Comisi\u00f3n del Agua del Estado de M\u00e9xico (CAEM) y los organismos operadores municipales.<\/p>\n<p>En ese sentido es que durante el resto de la semana, el Sistema entregar\u00e1 2.3 metros c\u00fabicos de agua por segundo adicionales a los 14.7 metros c\u00fabicos por segundo que se reciben habitualmente, para acelerar la normalizaci\u00f3n de los servicios en los valles de M\u00e9xico y Toluca.<\/p>\n<p>En el operativo de mantenimiento participaron 794 t\u00e9cnicos de la Conagua, contratistas, elementos de la Secretar\u00eda de la Defensa Nacional (Sedena) y personal de Seguridad P\u00fablica del Estado de M\u00e9xico, quienes trabajaron de manera coordinada en 17 frentes de obras simult\u00e1neos por m\u00e1s de 80 horas continuas.<\/p>\n<p>La Conagua expuso que en estas acciones se usaron 34 m\u00e1quinas pesadas como gr\u00faas, excavadoras y retroexcavadoras, as\u00ed como con 238 unidades de equipo menor, como bombas, plantas de soldar, generadores de energ\u00eda el\u00e9ctrica e iluminaci\u00f3n.<\/p>\n<p>Los trabajos consistieron en el reforzamiento de siete tubos mediante el uso de modernas tecnolog\u00edas que permiten colocar tendones de acero postensados alrededor de los tubos y luego recubrirlos con concreto lanzado, explic\u00f3.<\/p>\n<p>Adem\u00e1s, se sustituyeron otros siete tubos, de los cuales tres estaban en el programa prioritario de reforzamiento.<\/p>\n<p>La dependencia record\u00f3 que durante el operativo se determin\u00f3 que era urgente el reemplazo de estos \u00faltimos, debido al inminente riesgo de falla s\u00fabita por la corrosi\u00f3n que registraban, situaci\u00f3n que oblig\u00f3 a montar dos frentes emergentes de trabajo adicionales.<\/p>\n<p>Para ejecutar las actividades emergentes se redoblaron esfuerzos y fueron necesarias 12 horas adicionales a lo programado en la reducci\u00f3n del caudal del Sistema Cutzamala, cuando una emergencia de este tipo requiere de hasta 36 horas en normalizarse.<\/p>\n<p>&nbsp;<\/p>\n","protected":false},"excerpt":{"rendered":"<p>Al medio d\u00eda de ayer el Sistema Cutzamala reinici\u00f3 su operaci\u00f3n normal de bombeo de agua potable al Valle de M\u00e9xico, una vez que concluy\u00f3 su mantenimiento preventivo.<\/p>\n","protected":false},"author":3,"featured_media":234616,"comment_status":"open","ping_status":"open","sticky":false,"template":"","format":"standard","meta":{"_monsterinsights_skip_tracking":false,"_monsterinsights_sitenote_active":false,"_monsterinsights_sitenote_note":"","_monsterinsights_sitenote_category":0,"footnotes":""},"categories":[3],"tags":[43673,2524],"class_list":["post-234513","post","type-post","status-publish","format-standard","has-post-thumbnail","hentry","category-nacional","tag-nacional","tag-sistema-cutzamala"],"_links":{"self":[{"href":"https:\/\/www.diarioimagen.net\/index.php?rest_route=\/wp\/v2\/posts\/234513","targetHints":{"allow":["GET"]}}],"collection":[{"href":"https:\/\/www.diarioimagen.net\/index.php?rest_route=\/wp\/v2\/posts"}],"about":[{"href":"https:\/\/www.diarioimagen.net\/index.php?rest_route=\/wp\/v2\/types\/post"}],"author":[{"embeddable":true,"href":"https:\/\/www.diarioimagen.net\/index.php?rest_route=\/wp\/v2\/users\/3"}],"replies":[{"embeddable":true,"href":"https:\/\/www.diarioimagen.net\/index.php?rest_route=%2Fwp%2Fv2%2Fcomments&post=234513"}],"version-history":[{"count":0,"href":"https:\/\/www.diarioimagen.net\/index.php?rest_route=\/wp\/v2\/posts\/234513\/revisions"}],"wp:featuredmedia":[{"embeddable":true,"href":"https:\/\/www.diarioimagen.net\/index.php?rest_route=\/wp\/v2\/media\/234616"}],"wp:attachment":[{"href":"https:\/\/www.diarioimagen.net\/index.php?rest_route=%2Fwp%2Fv2%2Fmedia&parent=234513"}],"wp:term":[{"taxonomy":"category","embeddable":true,"href":"https:\/\/www.diarioimagen.net\/index.php?rest_route=%2Fwp%2Fv2%2Fcategories&post=234513"},{"taxonomy":"post_tag","embeddable":true,"href":"https:\/\/www.diarioimagen.net\/index.php?rest_route=%2Fwp%2Fv2%2Ftags&post=234513"}],"curies":[{"name":"wp","href":"https:\/\/api.w.org\/{rel}","templated":true}]}}