{"id":234527,"date":"2015-09-15T00:06:36","date_gmt":"2015-09-15T05:06:36","guid":{"rendered":"http:\/\/www.diarioimagen.net\/?p=234527"},"modified":"2015-09-15T05:38:11","modified_gmt":"2015-09-15T10:38:11","slug":"arranca-operativo-fiestas-patrias-2015-en-naucalpan","status":"publish","type":"post","link":"https:\/\/www.diarioimagen.net\/?p=234527","title":{"rendered":"Arranca Operativo Fiestas Patrias 2015 en Naucalpan"},"content":{"rendered":"<ul>\n<li><strong><em>Garantizan seguridad<\/em><\/strong><\/li>\n<\/ul>\n<div id=\"attachment_234610\" style=\"width: 250px\" class=\"wp-caption alignleft\"><a href=\"http:\/\/www.diarioimagen.net\/?attachment_id=234610\" rel=\"attachment wp-att-234610\"><img loading=\"lazy\" decoding=\"async\" aria-describedby=\"caption-attachment-234610\" class=\"size-medium wp-image-234610\" src=\"http:\/\/www.diarioimagen.net\/wp-content\/uploads\/2015\/09\/NAUCALPAN-2698-240x135.jpg\" alt=\"Con el fin de garantizar la seguridad de los naucalpenses, las autoridades implementaron el \u201cOperativo Fiestas Patrias 2015\u201d.\" width=\"240\" height=\"135\" srcset=\"https:\/\/www.diarioimagen.net\/wp-content\/uploads\/2015\/09\/NAUCALPAN-2698-240x135.jpg 240w, https:\/\/www.diarioimagen.net\/wp-content\/uploads\/2015\/09\/NAUCALPAN-2698-420x236.jpg 420w, https:\/\/www.diarioimagen.net\/wp-content\/uploads\/2015\/09\/NAUCALPAN-2698-235x132.jpg 235w, https:\/\/www.diarioimagen.net\/wp-content\/uploads\/2015\/09\/NAUCALPAN-2698-202x114.jpg 202w, https:\/\/www.diarioimagen.net\/wp-content\/uploads\/2015\/09\/NAUCALPAN-2698-350x196.jpg 350w, https:\/\/www.diarioimagen.net\/wp-content\/uploads\/2015\/09\/NAUCALPAN-2698-220x123.jpg 220w, https:\/\/www.diarioimagen.net\/wp-content\/uploads\/2015\/09\/NAUCALPAN-2698-237x132.jpg 237w, https:\/\/www.diarioimagen.net\/wp-content\/uploads\/2015\/09\/NAUCALPAN-2698.jpg 480w\" sizes=\"auto, (max-width: 240px) 100vw, 240px\" \/><\/a><p id=\"caption-attachment-234610\" class=\"wp-caption-text\">Con el fin de garantizar la seguridad de los naucalpenses, las autoridades implementaron el \u201cOperativo Fiestas Patrias 2015\u201d.<\/p><\/div>\n<p><strong>Naucalpan, Estado de M\u00e9xico<\/strong>.- Salvaguardar la integridad f\u00edsica de los naucalpenses durante los eventos del 15 de septiembre, es el objetivo del Operativo Fiestas Patrias 2015 que implementar\u00e1 el gobierno municipal, a trav\u00e9s de la Direcci\u00f3n General de Seguridad Ciudadana, Tr\u00e1nsito y Protecci\u00f3n Civil (DGSCTyPC), inform\u00f3 el coronel Alfonso Cancino Aguilar.<\/p>\n<p>Este festejo es muy importante para los mexicanos, de ah\u00ed que estemos preparando el operativo con antelaci\u00f3n, procurando en todo momento que las familias que nos visitan del municipio y de otras entidades disfruten con seguridad y sin incidentes las fiestas patrias.<\/p>\n<p>El coronel Cancino a\u00f1adi\u00f3 que durante el operativo se desplegar\u00e1n los m\u00e1s de 2 mil\u00a0elementos de la corporaci\u00f3n en todo el territorio, poniendo especial atenci\u00f3n en los lugares donde se concentran personas para celebrar la Independencia de M\u00e9xico, como puede ser las zonas donde hay restaurantes.<\/p>\n<p>Coment\u00f3 que para los festejos en la explanada del palacio municipal, donde se concentra el mayor n\u00famero de personas, se instalar\u00e1n \u00a0filtros de revisi\u00f3n, en calles aleda\u00f1as, as\u00ed como en los accesos peatonales al evento, adem\u00e1s del apoyo de elementos de la Secretar\u00eda de Seguridad Ciudadana del Estado de M\u00e9xico, a fin de salvaguardar la integridad de los asistentes.<\/p>\n<p>Marco Antonio Vilchis Becerra, subdirector de Protecci\u00f3n Civil, se\u00f1al\u00f3 que desde las\u00a0\u00a08:00 horas del d\u00eda 15 inician la supervisi\u00f3n de la zona y a partir de las 14:00 horas aplica el operativo, que contempla la instalaci\u00f3n de un punto de control se\u00f1alizado, y dos estaciones dentro de la explanada.<\/p>\n<p>Contando con el apoyo de 8 param\u00e9dicos, una ambulancia, 20 bomberos y 17 elementos de Protecci\u00f3n Civil, conformados en 10 c\u00e9lulas, con equipo de radio que har\u00e1n recorridos permanentes por las zonas, adem\u00e1s de la supervisi\u00f3n permanente durante todo el evento a fin de prevenir cualquier contingencia, concluy\u00f3.<\/p>\n<p>&nbsp;<\/p>\n","protected":false},"excerpt":{"rendered":"<p>Salvaguardar la integridad f\u00edsica de los naucalpenses durante los eventos del 15 de septiembre, es el objetivo del Operativo Fiestas Patrias 2015 que implementar\u00e1 el gobierno municipal, a trav\u00e9s de la Direcci\u00f3n General de Seguridad Ciudadana, Tr\u00e1nsito y Protecci\u00f3n Civil (DGSCTyPC), inform\u00f3 el coronel Alfonso Cancino Aguilar.<\/p>\n","protected":false},"author":3,"featured_media":234610,"comment_status":"open","ping_status":"open","sticky":false,"template":"","format":"standard","meta":{"_monsterinsights_skip_tracking":false,"_monsterinsights_sitenote_active":false,"_monsterinsights_sitenote_note":"","_monsterinsights_sitenote_category":0,"footnotes":""},"categories":[35155],"tags":[43675,970],"class_list":["post-234527","post","type-post","status-publish","format-standard","has-post-thumbnail","hentry","category-estado-de-mexico-estado-de-mexico","tag-estado-de-mexico","tag-naucalpan"],"_links":{"self":[{"href":"https:\/\/www.diarioimagen.net\/index.php?rest_route=\/wp\/v2\/posts\/234527","targetHints":{"allow":["GET"]}}],"collection":[{"href":"https:\/\/www.diarioimagen.net\/index.php?rest_route=\/wp\/v2\/posts"}],"about":[{"href":"https:\/\/www.diarioimagen.net\/index.php?rest_route=\/wp\/v2\/types\/post"}],"author":[{"embeddable":true,"href":"https:\/\/www.diarioimagen.net\/index.php?rest_route=\/wp\/v2\/users\/3"}],"replies":[{"embeddable":true,"href":"https:\/\/www.diarioimagen.net\/index.php?rest_route=%2Fwp%2Fv2%2Fcomments&post=234527"}],"version-history":[{"count":0,"href":"https:\/\/www.diarioimagen.net\/index.php?rest_route=\/wp\/v2\/posts\/234527\/revisions"}],"wp:featuredmedia":[{"embeddable":true,"href":"https:\/\/www.diarioimagen.net\/index.php?rest_route=\/wp\/v2\/media\/234610"}],"wp:attachment":[{"href":"https:\/\/www.diarioimagen.net\/index.php?rest_route=%2Fwp%2Fv2%2Fmedia&parent=234527"}],"wp:term":[{"taxonomy":"category","embeddable":true,"href":"https:\/\/www.diarioimagen.net\/index.php?rest_route=%2Fwp%2Fv2%2Fcategories&post=234527"},{"taxonomy":"post_tag","embeddable":true,"href":"https:\/\/www.diarioimagen.net\/index.php?rest_route=%2Fwp%2Fv2%2Ftags&post=234527"}],"curies":[{"name":"wp","href":"https:\/\/api.w.org\/{rel}","templated":true}]}}