{"id":234551,"date":"2015-09-15T00:03:38","date_gmt":"2015-09-15T05:03:38","guid":{"rendered":"http:\/\/www.diarioimagen.net\/?p=234551"},"modified":"2015-09-15T04:52:54","modified_gmt":"2015-09-15T09:52:54","slug":"violencia-sin-fronteras","status":"publish","type":"post","link":"https:\/\/www.diarioimagen.net\/?p=234551","title":{"rendered":"Violencia sin fronteras"},"content":{"rendered":"<h2>Desde el portal<\/h2>\n<h5>\u00c1ngel Soriano<\/h5>\n<p>&nbsp;<\/p>\n<p>El Ministerio del Interior de Egipto acept\u00f3 que por error balearon un convoy de turistas mexicanos cuando persegu\u00edan terroristas, resultando dos connacionales muertos y 11 heridos, y aunque la canciller\u00eda mexicana ha exigido una investigaci\u00f3n a fondo de lo ocurrido, lo cierto es que la violencia no tiene fronteras y no se detiene ante nada como se observa en el mundo globalizado en donde los que huyen de las guerras cruzan de un pa\u00eds a otro en busca de paz y tranquilidad.<\/p>\n<p>Ya no s\u00f3lo es la lucha entre grupos de poder de un pa\u00eds y otro, de una potencia a otra, sino se da al interior de las naciones, entre la misma raza, por razones ideol\u00f3gicas, religiosas o por disputas de poder, de intereses sobre los recursos naturales, financieros y por el control del mercado interno e internacional con el objeto de ampliar ganancias y bases de poder.<\/p>\n<p>El turismo no tiene reposo ni encuentra la tranquilidad en los paradisiacos lugares del mundo pues sin conocer y llevados por los atractivos de cada lugar, se adentra en zonas restringidas \u2014lo mismo que por mar, tierra y aire-, como ocurri\u00f3 en el desierto egipcio, hacia donde fueron llevados por los gu\u00edas de turistas sin saber que ser\u00edan atacados desde aviones y helic\u00f3pteros egipcios que buscaban terroristas, encontrando as\u00ed la muerte.<\/p>\n<p>Dramas similares se viven en otras regiones del mundo en donde la migraci\u00f3n de las v\u00edctimas de la guerra se traslada de un pa\u00eds a otro, camina cientos de kil\u00f3metros, ocupa en su totalidad y viajan hacinados en todo tipo de embarcaciones, encontrando lo mismo el rechazo que bienvenidas calurosas, pero al final de cuentas dejan su pa\u00eds, su tierra y sus familiares a consecuencia de la violencia que no respeta l\u00edmites, refugios, ni centros de recreaci\u00f3n para quienes nada tienen que ver con las encarnizadas luchas entre habitantes de un mismo pueblo.<\/p>\n<p style=\"text-align: center;\"><strong>TURBULENCIAS<br \/>\nInicia gira Aurelio Nu\u00f1o<\/strong><\/p>\n<p>El flamante titular de la SEP, Aurelio Nu\u00f1o Mayer, inici\u00f3 un periplo por las escuelas del pa\u00eds para conocer el estado en que se encuentran y escuchar a padres de familia y maestros \u2014tambi\u00e9n alumnos- sobre los problemas que enfrentan, y ampliar tambi\u00e9n los alcances de la reforma educativa en marcha\u2026Al entregar equipo por m\u00e1s de 94 millones de pesos a la Secretar\u00eda de Seguridad P\u00fablica, el secretario de Gobierno de Oaxaca, Alfonso G\u00f3mez Sandoval, inform\u00f3 que se renegoci\u00f3 la deuda que ten\u00eda la polic\u00eda del Estado con diversas empresas por lo que paulatinamente se han mejorado las condiciones laborales de los elementos de seguridad p\u00fablica y esperan que muy pronto exista una nueva manera de apoyarlos, indic\u00f3\u2026El titular de la Secretar\u00eda de las Culturas y Artes de Oaxaca, Alonso Aguilar Orihuela, se reuni\u00f3 con personal y el director del Museo de Arte Popular de Oaxaca (MEAPO) Carlos Magno Mart\u00ednez, como parte de su acercamiento a las instituciones que dependen de Seculta y realiz\u00f3 un recorrido por las instalaciones ubicadas en San Bartolo Coyotepec, que alberga muestras artesanales de las ocho regiones en exposiciones permanentes y temporales\u2026El Instituto Tlaxcalteca de la Cultura realizar\u00e1 el Primer Encuentro de Cocineras Tradicionales de Tlaxcala, bajo el auspicio del Conaculta, del 26 y 27 de septiembre, en el Palacio de la Cultura de Tlaxcala, que reunir\u00e1 a diez cocineras tradicionales del estado, de acuerdo a la transversalidad de la gastronom\u00eda, que inicia con la agricultura y concluye con el acto de alimentarse, se ha incluido la participaci\u00f3n de artesanos vinculados a la gastronom\u00eda y a los agro productores&#8230;<\/p>\n<p><em><a href=\"http:\/\/www.revista-brecha.com\/\" target=\"_blank\">www.revista-brecha.com<br \/>\n<\/a><a href=\"mailto:vidanacional@yahoo.com.mx\" target=\"_blank\">vidanacional@yahoo.com.mx<\/a><\/em><\/p>\n","protected":false},"excerpt":{"rendered":"<p><span style=\"color: #005497;\"><strong>\u00c1ngel Soriano<\/strong><\/span><\/p>\n","protected":false},"author":3,"featured_media":0,"comment_status":"open","ping_status":"open","sticky":false,"template":"","format":"standard","meta":{"_monsterinsights_skip_tracking":false,"_monsterinsights_sitenote_active":false,"_monsterinsights_sitenote_note":"","_monsterinsights_sitenote_category":0,"footnotes":""},"categories":[135],"tags":[85,86,43674],"class_list":["post-234551","post","type-post","status-publish","format-standard","hentry","category-angel-soriano-opinion","tag-angel-soriano","tag-desde-el-portal","tag-opinion"],"_links":{"self":[{"href":"https:\/\/www.diarioimagen.net\/index.php?rest_route=\/wp\/v2\/posts\/234551","targetHints":{"allow":["GET"]}}],"collection":[{"href":"https:\/\/www.diarioimagen.net\/index.php?rest_route=\/wp\/v2\/posts"}],"about":[{"href":"https:\/\/www.diarioimagen.net\/index.php?rest_route=\/wp\/v2\/types\/post"}],"author":[{"embeddable":true,"href":"https:\/\/www.diarioimagen.net\/index.php?rest_route=\/wp\/v2\/users\/3"}],"replies":[{"embeddable":true,"href":"https:\/\/www.diarioimagen.net\/index.php?rest_route=%2Fwp%2Fv2%2Fcomments&post=234551"}],"version-history":[{"count":0,"href":"https:\/\/www.diarioimagen.net\/index.php?rest_route=\/wp\/v2\/posts\/234551\/revisions"}],"wp:attachment":[{"href":"https:\/\/www.diarioimagen.net\/index.php?rest_route=%2Fwp%2Fv2%2Fmedia&parent=234551"}],"wp:term":[{"taxonomy":"category","embeddable":true,"href":"https:\/\/www.diarioimagen.net\/index.php?rest_route=%2Fwp%2Fv2%2Fcategories&post=234551"},{"taxonomy":"post_tag","embeddable":true,"href":"https:\/\/www.diarioimagen.net\/index.php?rest_route=%2Fwp%2Fv2%2Ftags&post=234551"}],"curies":[{"name":"wp","href":"https:\/\/api.w.org\/{rel}","templated":true}]}}