{"id":234561,"date":"2015-09-15T00:07:55","date_gmt":"2015-09-15T05:07:55","guid":{"rendered":"http:\/\/www.diarioimagen.net\/?p=234561"},"modified":"2015-09-15T04:59:31","modified_gmt":"2015-09-15T09:59:31","slug":"lamentable-agresion","status":"publish","type":"post","link":"https:\/\/www.diarioimagen.net\/?p=234561","title":{"rendered":"Lamentable agresi\u00f3n"},"content":{"rendered":"<h2>Punto por punto<\/h2>\n<h5>Augusto Corro<\/h5>\n<p>&nbsp;<\/p>\n<p>Doce turistas -entre ellos dos mexicanos- perecieron durante un ataque de fuerzas de seguridad egipcias.<\/p>\n<p>Tambi\u00e9n, diez personas resultaron lesionadas entre ellas seis mexicanas y las dem\u00e1s egipcias.<\/p>\n<p>Desde un avi\u00f3n y helic\u00f3pteros fueron lanzadas bombas contra los viajeros.<\/p>\n<p>La agresi\u00f3n se efectu\u00f3 en un \u00e1rea prohibida en el desierto occidental de Egipto, durante una operaci\u00f3n de los representantes de la autoridad contra yihadistas.<\/p>\n<p>Las autoridades de M\u00e9xico conocieron el hecho durante la madrugada del domingo e inmediatamente exigieron al gobierno de Egipto una investigaci\u00f3n sobre lo ocurrido.<\/p>\n<p>El Ministerio del Interior de aqu\u00e9l pa\u00eds reconoci\u00f3 que atac\u00f3 por accidente cuatro veh\u00edculos donde viajaban los turistas.<\/p>\n<p>Inform\u00f3 que polic\u00edas y elementos de las fuerzas armadas persegu\u00edan a un grupo de presuntos terroristas y dispararon por error contra cuatro veh\u00edculos en los que viajaban los turistas, en su mayor\u00eda mexicanos.<\/p>\n<p>A la hora de redactar estas l\u00edneas se desconoc\u00edan los nombres de las v\u00edctimas.<\/p>\n<p>En el presente, el gobierno egipcio lleva a cabo una lucha contra rebeldes surgidos durante el golpe de Estado que termin\u00f3 con el mandato del presidente Mohamed Morsi, en el 2013.<\/p>\n<p>Los yihadistas mencionados forman parte del Estado Isl\u00e1mico (EI), que ten\u00eda su campo de acci\u00f3n en la pen\u00ednsula del Sina\u00ed, pero que recientemente opt\u00f3 por ampliar su presencia en el desierto occidental egipcio.<\/p>\n<p>Sin duda, la violencia en Egipto afectar\u00e1 considerablemente su econom\u00eda que depende, en gran parte del turismo.<\/p>\n<p style=\"text-align: center;\"><strong>BASAVE, IMPUGNADO<\/strong><\/p>\n<p>No todo es miel sobre hojuelas en el caso de Agust\u00edn Basave, el for\u00e1neo que busca la presidencia del Partido de la Revoluci\u00f3n Democr\u00e1tica (PRD).<\/p>\n<p>En el partido del sol azteca \u201cexiste una gran cantidad de militantes que podr\u00edan comandar de mejor manera el trabajo del PRD de cara a las elecciones presidenciales de 2018\u201d, dijo el gobernador electo de Michoac\u00e1n, Silvano Aureoles Conejo.<\/p>\n<p>Como todo mundo sabe, el actual l\u00edder perredista, Carlos Navarrete, decidi\u00f3 renunciar a su cargo a fin de que se elija a un nuevo dirigente que saque al PRD del abismo pol\u00edtico en que se encuentra.<\/p>\n<p>Para ese fin habr\u00eda que buscar entre las personalidades pol\u00edticas afines al partido al pr\u00f3ximo presidente del PRD. Encontraron en Agust\u00edn Basave al precandidato for\u00e1neo. \u00c9ste, se sinti\u00f3 due\u00f1o de la situaci\u00f3n y espera su nombramiento oficial el pr\u00f3ximo mes de octubre.<\/p>\n<p>Sin embargo, no todo va sobre rieles. Precisamente, el gobernador Aureoles Conejo sali\u00f3 al paso para advertir que son muchos los perredistas que podr\u00edan desempe\u00f1ar un buen papel como dirigentes perredistas.<\/p>\n<p>\u201cEso es sin el af\u00e1n de descalificar a Basave\u201d, recalc\u00f3 el mandatario estatal.<\/p>\n<p>Aunque si bien Basave cuenta con un perfil pulcro y destacado carecer\u00eda de liderazgo al interior del partido perredista por el pasado que tiene con el Partido Revolucionario Institucional (PRI), consider\u00f3 el gobernador.<\/p>\n<p>De lo anterior se desprende que la pugna por el poder en el PRD apenas comienza y que las declaraciones de Aureoles Conejo revivir\u00e1n las esperanzas de aquellos que aspiran al liderazgo como Armando R\u00edos Piter, Fernando Belanzaur\u00e1n, Beatriz Mojica y Zo\u00e9 Robledo. Se valen apuestas.<\/p>\n<p style=\"text-align: center;\"><strong>ADVERTENCIA<\/strong><\/p>\n<p>La nueva gobernadora de Sonora, Claudia Pavlovich Arellano, hizo la promesa de combatir la corrupci\u00f3n.<\/p>\n<p>Por lo menos de palabra, ya se sabe que la mandataria estatal ir\u00e1 contra todos aquellos corruptos que alcanzaron a enriquecerse durante el gobierno del panista Guillermo Padr\u00e9s.<\/p>\n<p>Dijo que quienes \u201csaquearon\u201d al estado, \u201cno deben confiar en que se quedaran con lo robado. Si alguien piensa disfrutar de lo que se llev\u00f3, que los piense dos veces. Nada ni nadie quedar\u00e1 en la impunidad, ni los de ayer, ni los de hoy\u201d.<\/p>\n<p>En esa l\u00ednea de saqueadores se encuentra el gobernador saliente, Guillermo Padr\u00e9s, quien hace varios meses fue acusado de enriquecimiento il\u00edcito. Inclusive, las autoridades de Arizona, Texas, iniciaron una investigaci\u00f3n judicial.<\/p>\n<p>Para empezar, la mandataria inform\u00f3 que se investigar\u00e1 la situaci\u00f3n actual de las finanzas p\u00fablicas para saber en qu\u00e9 condiciones las dej\u00f3 Padr\u00e9s.<\/p>\n<p>Ojal\u00e1 y Pavlovich Arellano cumpla su promesa, porque es com\u00fan que cuando un gobernador toma el poder se pronuncia por denunciar las acciones ilegales de su antecesor, pero esto no ocurre. Se ver\u00eda muy bien que el buen ejemplo de castigar a los \u201csaqueadores\u201d empezara en Sonora.<\/p>\n<p style=\"text-align: center;\"><strong>SENTENCIA QUE NO CONVENCE<\/strong><\/p>\n<p>El l\u00edder del PRD en Michoac\u00e1n, Carlos Torres Pi\u00f1a, reconoci\u00f3 que la sentencia de 11 meses de prisi\u00f3n impuesta a Rodrigo Vallejo Mora \u201cEl Gerber\u201d, \u201cno complace ni convence a la sociedad michoacana\u201d.<\/p>\n<p>Ayer informamos que \u201cEl Gerber\u201d, hijo del ex gobernador pri\u00edsta, Fausto Vallejo, fue encontrado culpable de encubrimiento al l\u00edder templario, Servando G\u00f3mez \u201cLa Tuta\u201d, con quien se reuni\u00f3 en varias ocasiones, seg\u00fan videos.<\/p>\n<p>La narcopol\u00edtica alcanz\u00f3 en Michoac\u00e1n su m\u00e1ximo grado de esc\u00e1ndalo cuando aparecieron las videograbaciones de \u201cEl Gerber\u201d con \u201cLa Tuta\u201d en plenas pl\u00e1ticas sobre pol\u00edtica y otros temas de inter\u00e9s personal, como grandes amigos.<\/p>\n<p><em><a href=\"mailto:aco2742@hotmail.com\" target=\"_blank\">aco2742@hotmail.com<\/a><\/em><\/p>\n","protected":false},"excerpt":{"rendered":"<p><span style=\"color: #005497;\"><strong>Augusto Corro<\/strong><\/span><\/p>\n","protected":false},"author":3,"featured_media":0,"comment_status":"open","ping_status":"open","sticky":false,"template":"","format":"standard","meta":{"_monsterinsights_skip_tracking":false,"_monsterinsights_sitenote_active":false,"_monsterinsights_sitenote_note":"","_monsterinsights_sitenote_category":0,"footnotes":""},"categories":[157],"tags":[43686,43674,11515],"class_list":["post-234561","post","type-post","status-publish","format-standard","hentry","category-augusto-corro","tag-augusto-corro","tag-opinion","tag-punto-por-punto"],"_links":{"self":[{"href":"https:\/\/www.diarioimagen.net\/index.php?rest_route=\/wp\/v2\/posts\/234561","targetHints":{"allow":["GET"]}}],"collection":[{"href":"https:\/\/www.diarioimagen.net\/index.php?rest_route=\/wp\/v2\/posts"}],"about":[{"href":"https:\/\/www.diarioimagen.net\/index.php?rest_route=\/wp\/v2\/types\/post"}],"author":[{"embeddable":true,"href":"https:\/\/www.diarioimagen.net\/index.php?rest_route=\/wp\/v2\/users\/3"}],"replies":[{"embeddable":true,"href":"https:\/\/www.diarioimagen.net\/index.php?rest_route=%2Fwp%2Fv2%2Fcomments&post=234561"}],"version-history":[{"count":0,"href":"https:\/\/www.diarioimagen.net\/index.php?rest_route=\/wp\/v2\/posts\/234561\/revisions"}],"wp:attachment":[{"href":"https:\/\/www.diarioimagen.net\/index.php?rest_route=%2Fwp%2Fv2%2Fmedia&parent=234561"}],"wp:term":[{"taxonomy":"category","embeddable":true,"href":"https:\/\/www.diarioimagen.net\/index.php?rest_route=%2Fwp%2Fv2%2Fcategories&post=234561"},{"taxonomy":"post_tag","embeddable":true,"href":"https:\/\/www.diarioimagen.net\/index.php?rest_route=%2Fwp%2Fv2%2Ftags&post=234561"}],"curies":[{"name":"wp","href":"https:\/\/api.w.org\/{rel}","templated":true}]}}