{"id":234653,"date":"2015-09-17T00:06:03","date_gmt":"2015-09-17T05:06:03","guid":{"rendered":"http:\/\/www.diarioimagen.net\/?p=234653"},"modified":"2015-09-18T00:56:38","modified_gmt":"2015-09-18T05:56:38","slug":"pena-nieto-preside-desfile-militar-del-205-aniversario-del-inicio-de-la-independencia","status":"publish","type":"post","link":"https:\/\/www.diarioimagen.net\/?p=234653","title":{"rendered":"Pe\u00f1a Nieto preside el desfile militar del 16 de septiembre"},"content":{"rendered":"<ul>\n<li><strong><em>Participaron 12 mil 442 elementos<\/em><\/strong><\/li>\n<\/ul>\n<div id=\"attachment_234754\" style=\"width: 250px\" class=\"wp-caption alignleft\"><a href=\"http:\/\/www.diarioimagen.net\/?attachment_id=234754\" rel=\"attachment wp-att-234754\"><img loading=\"lazy\" decoding=\"async\" aria-describedby=\"caption-attachment-234754\" class=\"size-medium wp-image-234754\" src=\"http:\/\/www.diarioimagen.net\/wp-content\/uploads\/2015\/09\/epn-2699-240x135.jpg\" alt=\"Enrique Pe\u00f1a Nieto, en compa\u00f1\u00eda de su esposa, observ\u00f3 desde el balc\u00f3n central de Palacio Nacional el desfile militar conmemorativo del 205 aniversario del inicio de la Independencia de M\u00e9xico.\" width=\"240\" height=\"135\" srcset=\"https:\/\/www.diarioimagen.net\/wp-content\/uploads\/2015\/09\/epn-2699-240x135.jpg 240w, https:\/\/www.diarioimagen.net\/wp-content\/uploads\/2015\/09\/epn-2699-420x236.jpg 420w, https:\/\/www.diarioimagen.net\/wp-content\/uploads\/2015\/09\/epn-2699-235x132.jpg 235w, https:\/\/www.diarioimagen.net\/wp-content\/uploads\/2015\/09\/epn-2699-202x114.jpg 202w, https:\/\/www.diarioimagen.net\/wp-content\/uploads\/2015\/09\/epn-2699-350x196.jpg 350w, https:\/\/www.diarioimagen.net\/wp-content\/uploads\/2015\/09\/epn-2699-220x123.jpg 220w, https:\/\/www.diarioimagen.net\/wp-content\/uploads\/2015\/09\/epn-2699-237x132.jpg 237w, https:\/\/www.diarioimagen.net\/wp-content\/uploads\/2015\/09\/epn-2699.jpg 480w\" sizes=\"auto, (max-width: 240px) 100vw, 240px\" \/><\/a><p id=\"caption-attachment-234754\" class=\"wp-caption-text\">Enrique Pe\u00f1a Nieto, en compa\u00f1\u00eda de su esposa, observ\u00f3 desde el balc\u00f3n central de Palacio Nacional el desfile militar conmemorativo del 205 aniversario del inicio de la Independencia de M\u00e9xico.<\/p><\/div>\n<p>El presidente Enrique Pe\u00f1a Nieto encabez\u00f3 el desfile militar conmemorativo del 205 aniversario del inicio de la Independencia de M\u00e9xico, en la que participaron 12 mil 442 integrantes del Ej\u00e9rcito, la Armada y la Fuerza A\u00e9rea.<\/p>\n<p>Tras pasar revista a las fuerzas castrenses, el mandatario y comandante supremo de las fuerzas armadas se ubic\u00f3 en el balc\u00f3n central de Palacio Nacional para que, en compa\u00f1\u00eda de su familia e integrantes del gabinete de gobierno, observar el desfile con el cual tambi\u00e9n se celebra el centenario de creaci\u00f3n de la Fuerza A\u00e9rea Mexicana.<\/p>\n<p>Por las calles de la ciudad de M\u00e9xico marcharon tambi\u00e9n 331 veh\u00edculos, 14 veteranos de la Fuerza A\u00e9rea Expedicionaria del Escuadr\u00f3n 201 que particip\u00f3 en la Segunda Guerra Mundial, as\u00ed como 266 animales.<\/p>\n<p>Al frente del desfile estuvo el comandante de la Fuerza A\u00e9rea, general de divisi\u00f3n, Carlos Antonio Rodr\u00edguez Mungu\u00eda, piloto aviador Diplomado del Estado Mayor; el primer contingente est\u00e1 formado por miembros del Agrupamiento de Banderas, seguidos de la Fuerza A\u00e9rea Mexicana.<\/p>\n<p>Antes de iniciar el desfile, el Ejecutivo federal iz\u00f3 la bandera nacional monumental en la Plaza de la Constituci\u00f3n, flanqueado por los titulares de los poderes Legislativo y Judicial, as\u00ed como de los secretarios de la Marina, almirante Vidal Francisco Sober\u00f3n Sanz, y de la Defensa Nacional, general Salvador Cienfuegos Zepeda.<\/p>\n<p style=\"text-align: center;\"><strong>Sin novedad transcurri\u00f3 el desfile <\/strong><\/p>\n<p>El desfile conmemorativo del 205 aniversario del inicio de la Independencia de M\u00e9xico transcurri\u00f3 \u201csin novedad\u201d. En este acto militar tambi\u00e9n se celebr\u00f3 el centenario de la creaci\u00f3n de la Fuerza A\u00e9rea Mexicana.<\/p>\n<p>Aerotropas de las fuerzas armadas desplegaron sus habilidades al arrojarse con paraca\u00eddas desde varios helic\u00f3pteros y aterrizar con precisi\u00f3n en la plancha del Z\u00f3calo, entre los aplausos y la admiraci\u00f3n de las miles de asistentes.<\/p>\n<p>El desfile comenz\u00f3 con el Agrupamiento de Banderas, seguido del contingente de la Fuerza A\u00e9rea, elementos de la Secretar\u00eda de Marina y del Ej\u00e9rcito Mexicano, de la Polic\u00eda Federal e integrantes de diversos planteles de educaci\u00f3n militar, tras los cuales cabalgaron los charros, quienes como es tradicional cerraron la parada militar.<\/p>\n<p>En este acto, que inici\u00f3 en el Z\u00f3calo y culmin\u00f3 en el Auditorio Nacional, participaron 14 veteranos de la Fuerza A\u00e9rea Expedicionaria del Escuadr\u00f3n 201, as\u00ed como 331 veh\u00edculos y 266 animales.<\/p>\n<p>Al finalizar, el general Rodr\u00edguez Mungu\u00eda inform\u00f3 al presidente Pe\u00f1a Nieto que el desfile transcurri\u00f3 sin novedad, con una duraci\u00f3n de una hora 38 minutos, y que participaron 2 mil 167 elementos de la Fuerza A\u00e9rea, 2 mil 887 integrantes de la Secretar\u00eda de Marina, 6 mil 577 del Ej\u00e9rcito, 739 de la Polic\u00eda Federal y 100 charros.<\/p>\n<p>&nbsp;<\/p>\n","protected":false},"excerpt":{"rendered":"<p>El presidente Enrique Pe\u00f1a Nieto encabez\u00f3 el desfile militar conmemorativo del 205 aniversario del inicio de la Independencia de M\u00e9xico, en la que participaron12 mil 442 integrantes del Ej\u00e9rcito, la Armada y la Fuerza A\u00e9rea.<\/p>\n","protected":false},"author":5,"featured_media":234754,"comment_status":"open","ping_status":"open","sticky":false,"template":"","format":"standard","meta":{"_monsterinsights_skip_tracking":false,"_monsterinsights_sitenote_active":false,"_monsterinsights_sitenote_note":"","_monsterinsights_sitenote_category":0,"footnotes":""},"categories":[3],"tags":[12358,18,9745],"class_list":["post-234653","post","type-post","status-publish","format-standard","has-post-thumbnail","hentry","category-nacional","tag-desfile-militar","tag-enrique-pena-nieto","tag-independencia-de-mexico"],"_links":{"self":[{"href":"https:\/\/www.diarioimagen.net\/index.php?rest_route=\/wp\/v2\/posts\/234653","targetHints":{"allow":["GET"]}}],"collection":[{"href":"https:\/\/www.diarioimagen.net\/index.php?rest_route=\/wp\/v2\/posts"}],"about":[{"href":"https:\/\/www.diarioimagen.net\/index.php?rest_route=\/wp\/v2\/types\/post"}],"author":[{"embeddable":true,"href":"https:\/\/www.diarioimagen.net\/index.php?rest_route=\/wp\/v2\/users\/5"}],"replies":[{"embeddable":true,"href":"https:\/\/www.diarioimagen.net\/index.php?rest_route=%2Fwp%2Fv2%2Fcomments&post=234653"}],"version-history":[{"count":0,"href":"https:\/\/www.diarioimagen.net\/index.php?rest_route=\/wp\/v2\/posts\/234653\/revisions"}],"wp:featuredmedia":[{"embeddable":true,"href":"https:\/\/www.diarioimagen.net\/index.php?rest_route=\/wp\/v2\/media\/234754"}],"wp:attachment":[{"href":"https:\/\/www.diarioimagen.net\/index.php?rest_route=%2Fwp%2Fv2%2Fmedia&parent=234653"}],"wp:term":[{"taxonomy":"category","embeddable":true,"href":"https:\/\/www.diarioimagen.net\/index.php?rest_route=%2Fwp%2Fv2%2Fcategories&post=234653"},{"taxonomy":"post_tag","embeddable":true,"href":"https:\/\/www.diarioimagen.net\/index.php?rest_route=%2Fwp%2Fv2%2Ftags&post=234653"}],"curies":[{"name":"wp","href":"https:\/\/api.w.org\/{rel}","templated":true}]}}