{"id":234665,"date":"2015-09-17T00:05:02","date_gmt":"2015-09-17T05:05:02","guid":{"rendered":"http:\/\/www.diarioimagen.net\/?p=234665"},"modified":"2015-09-18T00:56:32","modified_gmt":"2015-09-18T05:56:32","slug":"fiestas-patrias-en-paz","status":"publish","type":"post","link":"https:\/\/www.diarioimagen.net\/?p=234665","title":{"rendered":"Fiestas patrias, en paz"},"content":{"rendered":"<h2>Arco Norte<\/h2>\n<h5>Jos\u00e9 Luis Monta\u00f1ez Aguilar<\/h5>\n<p>&nbsp;<\/p>\n<div id=\"attachment_234727\" style=\"width: 250px\" class=\"wp-caption alignleft\"><a href=\"http:\/\/www.diarioimagen.net\/?attachment_id=234727\" rel=\"attachment wp-att-234727\"><img loading=\"lazy\" decoding=\"async\" aria-describedby=\"caption-attachment-234727\" class=\"size-medium wp-image-234727\" src=\"http:\/\/www.diarioimagen.net\/wp-content\/uploads\/2015\/09\/arco-2699-240x159.jpg\" alt=\"Eruviel \u00c1vila - Desfile C\u00edvico Militar por el 205 Aniversario de la Independencia.\" width=\"240\" height=\"159\" srcset=\"https:\/\/www.diarioimagen.net\/wp-content\/uploads\/2015\/09\/arco-2699-240x159.jpg 240w, https:\/\/www.diarioimagen.net\/wp-content\/uploads\/2015\/09\/arco-2699-420x279.jpg 420w, https:\/\/www.diarioimagen.net\/wp-content\/uploads\/2015\/09\/arco-2699.jpg 640w\" sizes=\"auto, (max-width: 240px) 100vw, 240px\" \/><\/a><p id=\"caption-attachment-234727\" class=\"wp-caption-text\">Eruviel \u00c1vila &#8211; Desfile C\u00edvico Militar por el 205 Aniversario de la Independencia.<\/p><\/div>\n<p>El gobernador Eruviel \u00c1vila Villegas destac\u00f3 el ambiente de paz que se registr\u00f3 durante la ceremonia del Grito de la Independencia de M\u00e9xico en los 125 municipios mexiquenses, como parte de los festejos por el 205 aniversario de esta gesta patri\u00f3tica.<\/p>\n<p>En la capital mexiquense se congregaron la noche del 15 de septiembre, m\u00e1s de 50 mil personas para disfrutar de eventos art\u00edsticos, verbenas populares, una presentaci\u00f3n multimedia sobre la fachada del palacio del Poder Ejecutivo y juegos pirot\u00e9cnicos.<\/p>\n<p>Adem\u00e1s reconoci\u00f3 la participaci\u00f3n de los contingentes en el desfile c\u00edvico militar que congreg\u00f3 a miles de familias en las calles del primer cuadro de la capital mexiquense. Ah\u00ed participaron m\u00e1s de 3 mil 480 elementos en la columna del desfile por las calles principales del centro de Toluca, donde\u00a0 ni\u00f1os, j\u00f3venes y adultos, disfrutaron de los agrupamientos, bandas, entre otros.<\/p>\n<p>Desde el palco central del Palacio de Gobierno, Eruviel \u00c1vila, junto con los representantes de los poderes p\u00fablicos del Estado de M\u00e9xico y\u00a0 los integrantes del gabinete estatal, apreciaron la destreza y precisi\u00f3n mostrada por los contingentes que conformaron este desfile, donde tomaron parte 9 escoltas; 320 elementos del Ej\u00e9rcito Mexicano; 800 estudiantes de planteles educativos; 4 bandas juveniles; 20 carros aleg\u00f3ricos; 80 elementos de la Cruz Roja Mexicana.<\/p>\n<p>Tambi\u00e9n 1,900 elementos de la Comisi\u00f3n Estatal de Seguridad Ciudadana con 130 veh\u00edculos; 208 elementos de la Direcci\u00f3n de Seguridad P\u00fablica Municipal de Toluca; 35 bomberos en seis unidades; 200 integrantes de grupos ind\u00edgenas; representantes de la charrer\u00eda, as\u00ed como el sobrevuelo de los helic\u00f3pteros Rel\u00e1mpagos.<\/p>\n<p><em><a href=\"mailto:montanezaguilar@gmail.com\" target=\"_blank\">montanezaguilar@gmail.com<\/a><\/em><\/p>\n","protected":false},"excerpt":{"rendered":"<p><span style=\"color: #005497;\">Jos\u00e9 Luis Monta\u00f1ez Aguilar<\/span><br \/>\n<br \/>\nEl gobernador Eruviel \u00c1vila Villegas destac\u00f3 el ambiente de paz que se registr\u00f3 durante la ceremonia del Grito de la Independencia de M\u00e9xico en los 125 municipios mexiquenses, como parte de los festejos por el 205 aniversario de esta gesta patri\u00f3tica. <\/p>\n","protected":false},"author":3,"featured_media":234727,"comment_status":"open","ping_status":"open","sticky":false,"template":"","format":"standard","meta":{"_monsterinsights_skip_tracking":false,"_monsterinsights_sitenote_active":false,"_monsterinsights_sitenote_note":"","_monsterinsights_sitenote_category":0,"footnotes":""},"categories":[5],"tags":[13284,43704,43674],"class_list":["post-234665","post","type-post","status-publish","format-standard","has-post-thumbnail","hentry","category-estado-de-mexico","tag-arco-norte","tag-jose-luis-montanez-aguilar","tag-opinion"],"_links":{"self":[{"href":"https:\/\/www.diarioimagen.net\/index.php?rest_route=\/wp\/v2\/posts\/234665","targetHints":{"allow":["GET"]}}],"collection":[{"href":"https:\/\/www.diarioimagen.net\/index.php?rest_route=\/wp\/v2\/posts"}],"about":[{"href":"https:\/\/www.diarioimagen.net\/index.php?rest_route=\/wp\/v2\/types\/post"}],"author":[{"embeddable":true,"href":"https:\/\/www.diarioimagen.net\/index.php?rest_route=\/wp\/v2\/users\/3"}],"replies":[{"embeddable":true,"href":"https:\/\/www.diarioimagen.net\/index.php?rest_route=%2Fwp%2Fv2%2Fcomments&post=234665"}],"version-history":[{"count":0,"href":"https:\/\/www.diarioimagen.net\/index.php?rest_route=\/wp\/v2\/posts\/234665\/revisions"}],"wp:featuredmedia":[{"embeddable":true,"href":"https:\/\/www.diarioimagen.net\/index.php?rest_route=\/wp\/v2\/media\/234727"}],"wp:attachment":[{"href":"https:\/\/www.diarioimagen.net\/index.php?rest_route=%2Fwp%2Fv2%2Fmedia&parent=234665"}],"wp:term":[{"taxonomy":"category","embeddable":true,"href":"https:\/\/www.diarioimagen.net\/index.php?rest_route=%2Fwp%2Fv2%2Fcategories&post=234665"},{"taxonomy":"post_tag","embeddable":true,"href":"https:\/\/www.diarioimagen.net\/index.php?rest_route=%2Fwp%2Fv2%2Ftags&post=234665"}],"curies":[{"name":"wp","href":"https:\/\/api.w.org\/{rel}","templated":true}]}}