{"id":234680,"date":"2015-09-17T00:06:51","date_gmt":"2015-09-17T05:06:51","guid":{"rendered":"http:\/\/www.diarioimagen.net\/?p=234680"},"modified":"2015-09-17T05:10:25","modified_gmt":"2015-09-17T10:10:25","slug":"miles-de-tultitlenses-celebran-fiestas-patrias","status":"publish","type":"post","link":"https:\/\/www.diarioimagen.net\/?p=234680","title":{"rendered":"Miles de tultitlenses celebran fiestas patrias"},"content":{"rendered":"<ul>\n<li><strong><em>Verbena popular en la plaza principal<\/em><\/strong><\/li>\n<\/ul>\n<div id=\"attachment_234740\" style=\"width: 250px\" class=\"wp-caption alignleft\"><a href=\"http:\/\/www.diarioimagen.net\/?attachment_id=234740\" rel=\"attachment wp-att-234740\"><img loading=\"lazy\" decoding=\"async\" aria-describedby=\"caption-attachment-234740\" class=\"size-medium wp-image-234740\" src=\"http:\/\/www.diarioimagen.net\/wp-content\/uploads\/2015\/09\/TULTITLAN-2699-240x135.jpg\" alt=\"El alcalde Higinio Alfredo Garc\u00eda Dur\u00e1n convivi\u00f3 con tultitlenses, que se dieron cita en la verbena popular del 15 de septiembre.\" width=\"240\" height=\"135\" srcset=\"https:\/\/www.diarioimagen.net\/wp-content\/uploads\/2015\/09\/TULTITLAN-2699-240x135.jpg 240w, https:\/\/www.diarioimagen.net\/wp-content\/uploads\/2015\/09\/TULTITLAN-2699-420x236.jpg 420w, https:\/\/www.diarioimagen.net\/wp-content\/uploads\/2015\/09\/TULTITLAN-2699-235x132.jpg 235w, https:\/\/www.diarioimagen.net\/wp-content\/uploads\/2015\/09\/TULTITLAN-2699-202x114.jpg 202w, https:\/\/www.diarioimagen.net\/wp-content\/uploads\/2015\/09\/TULTITLAN-2699-350x196.jpg 350w, https:\/\/www.diarioimagen.net\/wp-content\/uploads\/2015\/09\/TULTITLAN-2699-220x123.jpg 220w, https:\/\/www.diarioimagen.net\/wp-content\/uploads\/2015\/09\/TULTITLAN-2699-237x132.jpg 237w, https:\/\/www.diarioimagen.net\/wp-content\/uploads\/2015\/09\/TULTITLAN-2699.jpg 480w\" sizes=\"auto, (max-width: 240px) 100vw, 240px\" \/><\/a><p id=\"caption-attachment-234740\" class=\"wp-caption-text\">El alcalde Higinio Alfredo Garc\u00eda Dur\u00e1n convivi\u00f3 con tultitlenses, que se dieron cita en la verbena popular del 15 de septiembre.<\/p><\/div>\n<p><strong>Tultitl\u00e1n, Estado de M\u00e9xico<\/strong>.- El\u00a0 presidente municipal, Higinio Alfredo Garc\u00eda Dur\u00e1n, dio el grito de \u201c\u00a1Viva M\u00e9xico!\u201d para celebrar el 205 aniversario de la Independencia de M\u00e9xico, en compa\u00f1\u00eda de miles de tultitlenses que se dieron cita en la explana principal de zona centro y oriente de esta demarcaci\u00f3n, donde disfrutaron de la gran fiesta que el gobierno local prepar\u00f3 para goce de la ciudadan\u00eda.<\/p>\n<p>\u201cMexicanos, \u00a1Vivan los h\u00e9roes que nos dieron Patria y Libertad, viva Hidalgo, viva Morelos, viva Allende, viva Josefina Ortiz de Dom\u00ednguez, viva Guerrero, viva Tultitl\u00e1n, viva M\u00e9xico, viva M\u00e9xico, viva M\u00e9xico!\u201d grit\u00f3 el alcalde Higinio Alfredo Garc\u00eda la noche del 15 de septiembre.<\/p>\n<p>Despu\u00e9s de ondear la bandera de M\u00e9xico, el edil y la ciudadan\u00eda disfrutaron del gran espect\u00e1culo de juegos pirot\u00e9cnicos y la m\u00fasica de la Banda Maguey, quienes fueron los encargados de poner a bailar a miles de tultitlenses.<\/p>\n<p>Posteriormente, ayer 16 de septiembre, autoridades municipales encabezadas por el mun\u00edcipe, s\u00edndicos, regidores, directores, personal administrativo y estudiantes de los distintos niveles educativos participaron en el magno desfile conmemorativo a estas fiestas patrias.<\/p>\n<p>En punto de las 9 de la ma\u00f1ana \u00a0m\u00e1s de 4 mil personas desfilaron sobre Avenida San Antonio en direcci\u00f3n a la explanada municipal, mostrando su deber c\u00edvico con la naci\u00f3n.<\/p>\n<p>&nbsp;<\/p>\n","protected":false},"excerpt":{"rendered":"<p>El  presidente municipal, Higinio Alfredo Garc\u00eda Dur\u00e1n, dio el grito de \u201c\u00a1Viva M\u00e9xico!\u201d para celebrar el 205 aniversario de la Independencia de M\u00e9xico, en compa\u00f1\u00eda de miles de tultitlenses que se dieron cita en la explana principal de zona centro y oriente de esta demarcaci\u00f3n, donde disfrutaron de la gran fiesta que el gobierno local prepar\u00f3 para goce de la ciudadan\u00eda. <\/p>\n","protected":false},"author":3,"featured_media":234740,"comment_status":"open","ping_status":"open","sticky":false,"template":"","format":"standard","meta":{"_monsterinsights_skip_tracking":false,"_monsterinsights_sitenote_active":false,"_monsterinsights_sitenote_note":"","_monsterinsights_sitenote_category":0,"footnotes":""},"categories":[35155],"tags":[43675,12164,578],"class_list":["post-234680","post","type-post","status-publish","format-standard","has-post-thumbnail","hentry","category-estado-de-mexico-estado-de-mexico","tag-estado-de-mexico","tag-fiestas-patrias","tag-tultitlan"],"_links":{"self":[{"href":"https:\/\/www.diarioimagen.net\/index.php?rest_route=\/wp\/v2\/posts\/234680","targetHints":{"allow":["GET"]}}],"collection":[{"href":"https:\/\/www.diarioimagen.net\/index.php?rest_route=\/wp\/v2\/posts"}],"about":[{"href":"https:\/\/www.diarioimagen.net\/index.php?rest_route=\/wp\/v2\/types\/post"}],"author":[{"embeddable":true,"href":"https:\/\/www.diarioimagen.net\/index.php?rest_route=\/wp\/v2\/users\/3"}],"replies":[{"embeddable":true,"href":"https:\/\/www.diarioimagen.net\/index.php?rest_route=%2Fwp%2Fv2%2Fcomments&post=234680"}],"version-history":[{"count":0,"href":"https:\/\/www.diarioimagen.net\/index.php?rest_route=\/wp\/v2\/posts\/234680\/revisions"}],"wp:featuredmedia":[{"embeddable":true,"href":"https:\/\/www.diarioimagen.net\/index.php?rest_route=\/wp\/v2\/media\/234740"}],"wp:attachment":[{"href":"https:\/\/www.diarioimagen.net\/index.php?rest_route=%2Fwp%2Fv2%2Fmedia&parent=234680"}],"wp:term":[{"taxonomy":"category","embeddable":true,"href":"https:\/\/www.diarioimagen.net\/index.php?rest_route=%2Fwp%2Fv2%2Fcategories&post=234680"},{"taxonomy":"post_tag","embeddable":true,"href":"https:\/\/www.diarioimagen.net\/index.php?rest_route=%2Fwp%2Fv2%2Ftags&post=234680"}],"curies":[{"name":"wp","href":"https:\/\/api.w.org\/{rel}","templated":true}]}}