{"id":234682,"date":"2015-09-17T00:04:21","date_gmt":"2015-09-17T05:04:21","guid":{"rendered":"http:\/\/www.diarioimagen.net\/?p=234682"},"modified":"2015-09-17T06:51:12","modified_gmt":"2015-09-17T11:51:12","slug":"tercer-implicado-si-estuvo-en-el-departamento-del-multihomicidio","status":"publish","type":"post","link":"https:\/\/www.diarioimagen.net\/?p=234682","title":{"rendered":"Tercer implicado s\u00ed estuvo en el departamento del multihomicidio"},"content":{"rendered":"<ul>\n<li><strong><em>Peritajes del caso Narvarte<\/em><\/strong><\/li>\n<\/ul>\n<h6>Claudia Arellano<\/h6>\n<h6><\/h6>\n<div id=\"attachment_234770\" style=\"width: 250px\" class=\"wp-caption alignleft\"><a href=\"http:\/\/www.diarioimagen.net\/?attachment_id=234770\" rel=\"attachment wp-att-234770\"><img loading=\"lazy\" decoding=\"async\" aria-describedby=\"caption-attachment-234770\" class=\"size-medium wp-image-234770\" src=\"http:\/\/www.diarioimagen.net\/wp-content\/uploads\/2015\/09\/seguridad-2699-240x135.jpg\" alt=\"C\u00e9sar Omar Mart\u00ednez Zendejas, tercer implicado en el multihomicidio de la colonia Narvarte, s\u00ed estuvo en el departamento de Luz Savi\u00f1\u00f3n el d\u00eda de los asesinatos.\" width=\"240\" height=\"135\" srcset=\"https:\/\/www.diarioimagen.net\/wp-content\/uploads\/2015\/09\/seguridad-2699-240x135.jpg 240w, https:\/\/www.diarioimagen.net\/wp-content\/uploads\/2015\/09\/seguridad-2699-420x236.jpg 420w, https:\/\/www.diarioimagen.net\/wp-content\/uploads\/2015\/09\/seguridad-2699-235x132.jpg 235w, https:\/\/www.diarioimagen.net\/wp-content\/uploads\/2015\/09\/seguridad-2699-202x114.jpg 202w, https:\/\/www.diarioimagen.net\/wp-content\/uploads\/2015\/09\/seguridad-2699-350x196.jpg 350w, https:\/\/www.diarioimagen.net\/wp-content\/uploads\/2015\/09\/seguridad-2699-220x123.jpg 220w, https:\/\/www.diarioimagen.net\/wp-content\/uploads\/2015\/09\/seguridad-2699-237x132.jpg 237w, https:\/\/www.diarioimagen.net\/wp-content\/uploads\/2015\/09\/seguridad-2699.jpg 480w\" sizes=\"auto, (max-width: 240px) 100vw, 240px\" \/><\/a><p id=\"caption-attachment-234770\" class=\"wp-caption-text\">C\u00e9sar Omar Mart\u00ednez Zendejas, tercer implicado en el multihomicidio de la colonia Narvarte, s\u00ed estuvo en el departamento de Luz Savi\u00f1\u00f3n el d\u00eda de los asesinatos.<\/p><\/div>\n<p>C\u00e9sar Omar Mart\u00ednez Zendejas, tercer implicado en el asesinato de cinco personas en la colonia Narvarte, s\u00ed estuvo en el lugar de los hechos y podr\u00eda ser trasladado al Reclusorio Oriente, donde est\u00e1n recluidos Daniel Pacheco y Abraham Torres. El motivo de su traslado ser\u00eda porque ah\u00ed es donde est\u00e1 radicada la causa penal.<\/p>\n<p>Asimismo, tras su detenci\u00f3n el viernes pasado, y luego de rendir su declaraci\u00f3n ante el Ministerio P\u00fablico, Mart\u00ednez Zendejas fue enviado al Reclusorio Preventivo Norte, donde se encontraba de turno el juez S\u00e9ptimo, Fernando Guerrero Z\u00e1rate, quien se encarg\u00f3 de recibir la consignaci\u00f3n que hizo la Procuradur\u00eda General de Justicia del Distrito Federal.<\/p>\n<p>Al tercer detenido se le ha acusado de cuatro feminicidios, un homicidio, robo agravado en pandilla y robo del veh\u00edculo Ford Mustang, al igual que los otros dos implicados.<\/p>\n<p>A pesar que neg\u00f3 haber estado en el lugar del homicidio m\u00faltiple, en su declaraci\u00f3n preparatoria se le presentaron los peritajes realizados por la Procuradur\u00eda capitalina que demuestran su presencia en el departamento de Luz Savi\u00f1\u00f3n.<\/p>\n<p>Mart\u00ednez Zendejas relat\u00f3 las relaciones que tuvo con Abraham Torres Tranquilino (ex polic\u00eda) y acept\u00f3 que tiene antecedentes penales por haber sido detenido en dos ocasiomnes, la primera por portar un objeto robado, donde fue investigado por encubrimiento y la segunda porque \u201cle lleg\u00f3\u201d un cargamento de coca\u00edna.<\/p>\n<p>Su relaci\u00f3n con el ex polic\u00eda data de cuando \u00e9ste fue detenido por tortura, por cuyo delito le cost\u00f3 nueve meses de prisi\u00f3n y perder el trabajo, por lo cual su esposa y \u00e9l lo asesoraron, pues la primera era pasante de Derecho y sostuvo que no conoce a Daniel Pacheco (primer detenido).<\/p>\n<p>Sin embargo, a Mart\u00ednez Zendejas le encontraron tres tel\u00e9fonos celulares, en uno de los cuales aparece un dep\u00f3sito bancario de Scotiabank que le hizo Daniel Pacheco (a quien no conoce) y en otro equipo aparecen las fotos de una pistola escuadra con luz t\u00e1ctica, de la que se investiga si fue utilizada en un acto delictivo.<\/p>\n<p>En el seguimiento de los celulares de los tres implicados hubo coincidencia de que los tres se citaron en el domicilio de la Narvarte. Asimismo, el tercer implicado enfrenta las acusaciones que de acuerdo a declaraciones de Abraham Torres Tranquilino, segundo detenido del caso, C\u00e9sar es integrante de \u201cLos Zetas\u201d y es quien dispar\u00f3 en contra de las cuatro mujeres v\u00edctimas y el fotoperiodista Rub\u00e9n Espinosa.<\/p>\n<p style=\"text-align: center;\"><strong>Omar niega acusaciones<\/strong><\/p>\n<p>A pesar de las acusaciones, Omar neg\u00f3 ante la Fiscal\u00eda de Homicidios que \u00e9l haya asesinado a cinco personas como lo sugiere la declaraci\u00f3n de uno de sus supuestos c\u00f3mplices.<\/p>\n<p>Muchas versiones han surgido en torno al \u00faltimo de los detenidos, Omar Mart\u00ednez Zendejas, de 32 a\u00f1os, quien fue trasladado al Reclusorio Norte (Reno), donde se present\u00f3 su madre Leticia, quien firm\u00f3 la notificaci\u00f3n correspondiente de la situaci\u00f3n en la que se encontraba su hijo.<\/p>\n<p>La madre neg\u00f3 conocer los hechos y pidi\u00f3 respeto y privacidad para el momento que la familia est\u00e1 viviendo. La mujer indic\u00f3 que Mart\u00ednez Zendejas trabaj\u00f3 en una tienda de ropa y accesorios \u201cZara\u201d dentro de un centro comercial en la avenida Patriotismo, colonia San Pedro de los Pinos.<\/p>\n<p>El implicado neg\u00f3 ser malabarista callejero y mucho menos integrante del grupo delictivo \u201cLos Zetas\u201d, pues asegur\u00f3 ser dise\u00f1ador gr\u00e1fico independiente y haber hecho trabajos para Kidzania Cuicuilco, LG, y en tiempo reciente unas serigraf\u00edas para la campa\u00f1a del partido Morena. \u201cPercibo mensualmente entre 20 mil y 25 mil pesos\u201d, afirm\u00f3.<\/p>\n<p>El sujeto al que han apodado \u201cEl Omarcito\u201d declar\u00f3 al Ministerio P\u00fablico que nunca estuvo en el departamento 401 de Luz Savi\u00f1\u00f3n 1909, y afirma no conocer a Daniel Pacheco Guti\u00e9rrez, el primer detenido. Sin embargo, reconoci\u00f3 que el ex polic\u00eda Abraham Torres Tranquilino, trabaj\u00f3 para \u00e9l y su familia hace tiempo, ya que hace dos a\u00f1os su esposa le present\u00f3 a Tranquilino, cuando se encontraban en una reuni\u00f3n. Ella en esa \u00e9poca era pasante de Derecho y asesor\u00f3 al ex agente.<\/p>\n<p>\u201cComo \u00e9l (Abraham) era una persona de confianza de mi esposa, le dije que si le interesaba trabajar conmigo en labores pesadas de la casa; por ejemplo, ir a la lavander\u00eda, sacar la basura, pasear al perro y los mandados que le pidiera mi esposa. Entonces lo contrat\u00e9, porque mi esposa ten\u00eda un embarazo de alto riesgo. En un principio le pagaba mil pesos semanales, estuvo trabajando conmigo todo el embarazo de mi esposa, empec\u00e9 a tener problemas con Tranquilino porque faltaba, luego llegaba oliendo a alcohol\u201d, dijo.<\/p>\n<p>Omar agreg\u00f3 que estaba molesto con su empleado, pues constantemente ten\u00eda una conducta inapropiada, pero permiti\u00f3 que Tranquilino trabajara un mes m\u00e1s; es decir, antes del 31 de julio de este a\u00f1o y que incluso debido a que su empleado no ten\u00eda celular \u00e9l le prestaba uno. \u201cLa \u00faltima ocasi\u00f3n que prest\u00e9 el tel\u00e9fono (a Tranquilino) fue los primeros d\u00edas de agosto de este a\u00f1o\u201d, dijo Omar, quien afirm\u00f3 que despidi\u00f3 a Tranquilino por alcoh\u00f3lico.<\/p>\n<p>Por su parte, el gobernador de Veracruz, Javier Duarte, afirm\u00f3 que su administraci\u00f3n no tiene nada qu\u00e9 ver con la muerte de 12 periodistas en esa entidad y asegur\u00f3 que el haomicidio del fotoperiodista Rub\u00e9n Espinosa, ocurrido en la ciudad de M\u00e9xico el pasado 31 de julio, no es por temas period\u00edsticos.<\/p>\n<p>El mandatario se\u00f1al\u00f3 que \u201ctodo mundo ha hablado de las muertes de periodistas en Veracruz, pero en ninguno de los casos ninguno de los comunicadores ha publicado, ha escrito o ha generado alguna nota o comentario que vaya en contra de mi administraci\u00f3n ni de mi persona, es decir, en ninguno de los casos hay una vinculaci\u00f3n directa del m\u00f3vil que tenga que ver con mi gobierno y la situaci\u00f3n que lamentablemente priv\u00f3 de su vida a esos periodistas\u201d.<\/p>\n","protected":false},"excerpt":{"rendered":"<p>C\u00e9sar Omar Mart\u00ednez Zendejas, tercer implicado en el asesinato de cinco personas en la colonia Narvarte, s\u00ed estuvo en el lugar de los hechos y podr\u00eda ser trasladado al Reclusorio Oriente, donde est\u00e1n recluidos Daniel Pacheco y Abraham Torres. El motivo de su traslado ser\u00eda porque ah\u00ed es donde est\u00e1 radicada la causa penal.<\/p>\n","protected":false},"author":3,"featured_media":234770,"comment_status":"open","ping_status":"open","sticky":false,"template":"","format":"standard","meta":{"_monsterinsights_skip_tracking":false,"_monsterinsights_sitenote_active":false,"_monsterinsights_sitenote_note":"","_monsterinsights_sitenote_category":0,"footnotes":""},"categories":[7],"tags":[44437,204,13037,43243,43677],"class_list":["post-234682","post","type-post","status-publish","format-standard","has-post-thumbnail","hentry","category-seguridad","tag-cesar-omar-martinez-zendejas","tag-ciudad-de-mexico","tag-multihomicidio","tag-narvarte","tag-seguridad"],"_links":{"self":[{"href":"https:\/\/www.diarioimagen.net\/index.php?rest_route=\/wp\/v2\/posts\/234682","targetHints":{"allow":["GET"]}}],"collection":[{"href":"https:\/\/www.diarioimagen.net\/index.php?rest_route=\/wp\/v2\/posts"}],"about":[{"href":"https:\/\/www.diarioimagen.net\/index.php?rest_route=\/wp\/v2\/types\/post"}],"author":[{"embeddable":true,"href":"https:\/\/www.diarioimagen.net\/index.php?rest_route=\/wp\/v2\/users\/3"}],"replies":[{"embeddable":true,"href":"https:\/\/www.diarioimagen.net\/index.php?rest_route=%2Fwp%2Fv2%2Fcomments&post=234682"}],"version-history":[{"count":0,"href":"https:\/\/www.diarioimagen.net\/index.php?rest_route=\/wp\/v2\/posts\/234682\/revisions"}],"wp:featuredmedia":[{"embeddable":true,"href":"https:\/\/www.diarioimagen.net\/index.php?rest_route=\/wp\/v2\/media\/234770"}],"wp:attachment":[{"href":"https:\/\/www.diarioimagen.net\/index.php?rest_route=%2Fwp%2Fv2%2Fmedia&parent=234682"}],"wp:term":[{"taxonomy":"category","embeddable":true,"href":"https:\/\/www.diarioimagen.net\/index.php?rest_route=%2Fwp%2Fv2%2Fcategories&post=234682"},{"taxonomy":"post_tag","embeddable":true,"href":"https:\/\/www.diarioimagen.net\/index.php?rest_route=%2Fwp%2Fv2%2Ftags&post=234682"}],"curies":[{"name":"wp","href":"https:\/\/api.w.org\/{rel}","templated":true}]}}