{"id":234698,"date":"2015-09-17T00:03:43","date_gmt":"2015-09-17T05:03:43","guid":{"rendered":"http:\/\/www.diarioimagen.net\/?p=234698"},"modified":"2015-09-17T06:49:47","modified_gmt":"2015-09-17T11:49:47","slug":"chicharito-se-estrena-en-goleada-del-bayer","status":"publish","type":"post","link":"https:\/\/www.diarioimagen.net\/?p=234698","title":{"rendered":"<em>Chicharito<\/em> se estrena en goleada del Bayer"},"content":{"rendered":"<ul>\n<li><strong><em>En la Champions League<\/em><\/strong><\/li>\n<\/ul>\n<div id=\"attachment_234767\" style=\"width: 250px\" class=\"wp-caption alignleft\"><a href=\"http:\/\/www.diarioimagen.net\/?attachment_id=234767\" rel=\"attachment wp-att-234767\"><img loading=\"lazy\" decoding=\"async\" aria-describedby=\"caption-attachment-234767\" class=\"size-medium wp-image-234767\" src=\"http:\/\/www.diarioimagen.net\/wp-content\/uploads\/2015\/09\/deportes-2699-240x135.jpg\" alt=\"El delantero mexicano recibi\u00f3 su primera oportunidad de ser titular y respondi\u00f3 de la mejor forma.\" width=\"240\" height=\"135\" srcset=\"https:\/\/www.diarioimagen.net\/wp-content\/uploads\/2015\/09\/deportes-2699-240x135.jpg 240w, https:\/\/www.diarioimagen.net\/wp-content\/uploads\/2015\/09\/deportes-2699-420x236.jpg 420w, https:\/\/www.diarioimagen.net\/wp-content\/uploads\/2015\/09\/deportes-2699-235x132.jpg 235w, https:\/\/www.diarioimagen.net\/wp-content\/uploads\/2015\/09\/deportes-2699-202x114.jpg 202w, https:\/\/www.diarioimagen.net\/wp-content\/uploads\/2015\/09\/deportes-2699-350x196.jpg 350w, https:\/\/www.diarioimagen.net\/wp-content\/uploads\/2015\/09\/deportes-2699-220x123.jpg 220w, https:\/\/www.diarioimagen.net\/wp-content\/uploads\/2015\/09\/deportes-2699-237x132.jpg 237w, https:\/\/www.diarioimagen.net\/wp-content\/uploads\/2015\/09\/deportes-2699.jpg 480w\" sizes=\"auto, (max-width: 240px) 100vw, 240px\" \/><\/a><p id=\"caption-attachment-234767\" class=\"wp-caption-text\">El delantero mexicano recibi\u00f3 su primera oportunidad de ser titular y respondi\u00f3 de la mejor forma.<\/p><\/div>\n<p>Javier <em>Chicharito<\/em> Hern\u00e1ndez por fin celebr\u00f3 su primera anotaci\u00f3n con la camiseta del Bayer Leverkusen y lo hizo ni m\u00e1s ni menos que en Champions League, torneo en el que su equipo destroz\u00f3 4-1 al BATE Borisov bielorruso.<\/p>\n<p>En la primera fecha de actividades del grupo E, la maquinaria del Bayer supo despertar en la parte complementaria y domin\u00f3 a una escuadra visitante que le hab\u00eda plantado cara hasta antes del descanso.<\/p>\n<p>Por los de casa marcaron el suizo Admir Mehmedi (4\u2019), el turco Hakan \u00c7alhanoglu (47\u2019 y 75\u2019 de penal) y ariete \u201cazteca\u201d (58\u2019), en tanto que el serbio Nemanja Milunovic le puso n\u00famero a la causa de los actuales punteros en la Liga Premier de Bielorrusia.<\/p>\n<p>Combinado con el otro resultado de este sector (AS Roma 1-1 Barcelona), Hern\u00e1ndez y sus compa\u00f1eros se colocaron en la cima al cabo de la jornada inaugural con tres unidades y una diferencia de goleo de +3, misma que en un futuro podr\u00eda ser determinante para acceder a la siguiente instancia de la justa continental.<\/p>\n<p>Desde que se anunci\u00f3 la alineaci\u00f3n titular en la BayArena, la estrella del \u201cChicharito\u201d ten\u00eda la mesa puesta para volver a brillar, ya que se col\u00f3 en el 11 inicial del conjunto \u201cwerkself\u201d, el cual apost\u00f3 por su talento justo cuando el mercado de fichajes de verano agonizaba.<\/p>\n<p>El tapat\u00edo se postr\u00f3 al centro del campo a realizar su tradicional rezo, mismo que recibir\u00eda respuesta 58 minutos despu\u00e9s, cuando aport\u00f3 la tercera celebraci\u00f3n del club alem\u00e1n.<\/p>\n<p>La \u00faltima vez que el jalisciense logr\u00f3 una diana en la Liga de Campeones de Europa fue el 22 de abril, cuando consigui\u00f3 el dram\u00e1tico pase del Real Madrid a semifinales ante su ac\u00e9rrimo enemigo Atl\u00e9tico de Madrid.<\/p>\n<p>Aquella vez se gan\u00f3 las portadas de varios diarios alrededor del mundo y luego, hace menos de un mes, tuvo posibilidad de actualizar ese dato en la etapa de repesca con Manchester United, pero se resbal\u00f3 a la hora de cobrar un penal y eso sentenci\u00f3 su salida de la instituci\u00f3n inglesa.<\/p>\n<p>Con los br\u00edos renovados tras enrolarse en las filas de las \u201caspirinas\u201d, Hern\u00e1ndez Balc\u00e1zar recibi\u00f3 ayer su primera oportunidad de ser titular y respondi\u00f3 de la mejor forma.<\/p>\n<p>Al 58, su compa\u00f1ero esloveno Kevin Kampl le filtr\u00f3 un pase perfecto que el mexicano cruz\u00f3 con potencia entre las piernas del guardameta bielorruso Sergey Chernik; al minuto 72 su idilio concluy\u00f3 y fue sustituido por Stefan Kiessling.<\/p>\n<p>Por su parte, en el estadio Ol\u00edmpico de la capital italiana, Barcelona arranc\u00f3 con empate la defensa de su corona, al igualar 1-1 con AS Roma.<\/p>\n<p>El uruguayo Luis Su\u00e1rez adelant\u00f3 a los \u201ccul\u00e9s\u201d al minuto 21, luego de coronar la asistencia del croata Ivan Rakitic, pero el gusto s\u00f3lo les dur\u00f3 10 minutos, ya que Alessandro Florenzi se encarg\u00f3 de emparejar los cartones, los cuales ya no sufrieron modificaci\u00f3n alguna en el resto del compromiso.<\/p>\n<p style=\"text-align: center;\"><strong>Jurgen Damm desea ser como\u00a0<\/strong><strong style=\"line-height: 1.5;\">Guardado o <em>Chicharito<\/em><\/strong><\/p>\n<p>El volante ofensivo J\u00fcrgen Damm se mostr\u00f3 ilusionado por su llamado a la selecci\u00f3n mexicana, en la lista preliminar, y dijo que le gustar\u00eda en un futuro ser un jugador como Andr\u00e9s Guardado y Javier <em>Chicharito<\/em> Hern\u00e1ndez.<\/p>\n<p>\u201cEstar en una lista preliminar me motiva, me ilusiona mucho el poder regresar y consolidarme en la selecci\u00f3n, no s\u00f3lo ir y debutar, sino ser un jugador como Guardado o <em>Chicharito<\/em>, que hacen las cosas bien en sus clubes y est\u00e1n en selecci\u00f3n constantemente\u201d.<\/p>\n<p>El mediocampista a\u00f1adi\u00f3 que en anteriores convocatorias las lesiones y enfermedades le impidieron tener alguna actuaci\u00f3n con el Tricolor, pero que ahora tratar\u00e1 de entregarse al m\u00e1ximo para quedarse en la lista definitiva.<\/p>\n<p>Se debe recordar que en los pr\u00f3ximos d\u00edas, el timonel Ricardo Ferretti recortar\u00e1 la lista y dejar\u00e1 a los 23 elementos que enfrentar\u00e1n el 10 de octubre a Estados Unidos para ganar el boleto a la Copa Confederaciones.<\/p>\n<p>Jurgen Damm expres\u00f3 que sin duda es relevante que Ferretti haya convocado a seis elementos de Tigres y desde su punto de vista es porque requiere de gente que conoce su sistema de juego.<\/p>\n<p>\u201cEl profe necesita gente de su confianza, que lo conoce, lo vimos con Miguel Herrera, cuando le dieron el repechaje al mundial llev\u00f3 a jugadores del Am\u00e9rica porque es gente que trabaja a diario con \u00e9l, creo que el profe tambi\u00e9n quiere jugadores que conocen su sistema, que trabaja con \u00e9l\u201d, expres\u00f3.<\/p>\n<p>\u201cMe motiva y s\u00e9 que tengo m\u00e1s oportunidad por ser el profe el entrenador de Tigres y la selecci\u00f3n, pero estoy consciente de que hay que trabajar mucho, porque los jugadores que est\u00e1n en mi posici\u00f3n son de mucha jerarqu\u00eda y vienen haciendo las cosas bien\u201d, manifest\u00f3.<\/p>\n<p>Damm habl\u00f3 tambi\u00e9n del cl\u00e1sico regiomontano y se mostr\u00f3 contento porque podr\u00e1 jugarlo, luego que le quitaron la tarjeta roja que hab\u00eda recibido ante Am\u00e9rica, tras la apelaci\u00f3n que hizo el club felino, y dijo que buscar\u00e1 ayudar a los de la UANL a llevarse el triunfo.<\/p>\n<p>\u201cEn cada partido salgo con la ilusi\u00f3n de hacer un gol o una asistencia, aspiro a hacer m\u00e1s cosas, hacer un buen partido motiva al jugador y m\u00e1s con partidos contra Monterrey\u201d, concluy\u00f3.<\/p>\n<p>&nbsp;<\/p>\n","protected":false},"excerpt":{"rendered":"<p>Javier <em>Chicharito<\/em> Hern\u00e1ndez por fin celebr\u00f3 su primera anotaci\u00f3n con la camiseta del Bayer Leverkusen y lo hizo ni m\u00e1s ni menos que en Champions League, torneo en el que su equipo destroz\u00f3 4-1 al BATE Borisov bielorruso.<\/p>\n","protected":false},"author":3,"featured_media":234767,"comment_status":"open","ping_status":"open","sticky":false,"template":"","format":"standard","meta":{"_monsterinsights_skip_tracking":false,"_monsterinsights_sitenote_active":false,"_monsterinsights_sitenote_note":"","_monsterinsights_sitenote_category":0,"footnotes":""},"categories":[10],"tags":[19924,5849],"class_list":["post-234698","post","type-post","status-publish","format-standard","has-post-thumbnail","hentry","category-deportes","tag-goleada","tag-javier-chicharito-hernandez"],"_links":{"self":[{"href":"https:\/\/www.diarioimagen.net\/index.php?rest_route=\/wp\/v2\/posts\/234698","targetHints":{"allow":["GET"]}}],"collection":[{"href":"https:\/\/www.diarioimagen.net\/index.php?rest_route=\/wp\/v2\/posts"}],"about":[{"href":"https:\/\/www.diarioimagen.net\/index.php?rest_route=\/wp\/v2\/types\/post"}],"author":[{"embeddable":true,"href":"https:\/\/www.diarioimagen.net\/index.php?rest_route=\/wp\/v2\/users\/3"}],"replies":[{"embeddable":true,"href":"https:\/\/www.diarioimagen.net\/index.php?rest_route=%2Fwp%2Fv2%2Fcomments&post=234698"}],"version-history":[{"count":0,"href":"https:\/\/www.diarioimagen.net\/index.php?rest_route=\/wp\/v2\/posts\/234698\/revisions"}],"wp:featuredmedia":[{"embeddable":true,"href":"https:\/\/www.diarioimagen.net\/index.php?rest_route=\/wp\/v2\/media\/234767"}],"wp:attachment":[{"href":"https:\/\/www.diarioimagen.net\/index.php?rest_route=%2Fwp%2Fv2%2Fmedia&parent=234698"}],"wp:term":[{"taxonomy":"category","embeddable":true,"href":"https:\/\/www.diarioimagen.net\/index.php?rest_route=%2Fwp%2Fv2%2Fcategories&post=234698"},{"taxonomy":"post_tag","embeddable":true,"href":"https:\/\/www.diarioimagen.net\/index.php?rest_route=%2Fwp%2Fv2%2Ftags&post=234698"}],"curies":[{"name":"wp","href":"https:\/\/api.w.org\/{rel}","templated":true}]}}