{"id":235269,"date":"2015-09-22T00:05:56","date_gmt":"2015-09-22T05:05:56","guid":{"rendered":"http:\/\/www.diarioimagen.net\/?p=235269"},"modified":"2015-09-22T23:46:28","modified_gmt":"2015-09-23T04:46:28","slug":"inauguran-banco-de-tejidos","status":"publish","type":"post","link":"https:\/\/www.diarioimagen.net\/?p=235269","title":{"rendered":"Inauguran Banco de Tejidos"},"content":{"rendered":"<h2>Arco Norte<\/h2>\n<h5>Jos\u00e9 Luis Monta\u00f1ez Aguilar<\/h5>\n<p>&nbsp;<\/p>\n<div id=\"attachment_235363\" style=\"width: 250px\" class=\"wp-caption alignleft\"><a href=\"http:\/\/www.diarioimagen.net\/?attachment_id=235363\" rel=\"attachment wp-att-235363\"><img loading=\"lazy\" decoding=\"async\" aria-describedby=\"caption-attachment-235363\" class=\"size-medium wp-image-235363\" src=\"http:\/\/www.diarioimagen.net\/wp-content\/uploads\/2015\/09\/arco-2702-240x135.jpg\" alt=\"Eruviel \u00c1vila - Inaugurando el Banco Central de Tejidos.\" width=\"240\" height=\"135\" srcset=\"https:\/\/www.diarioimagen.net\/wp-content\/uploads\/2015\/09\/arco-2702-240x135.jpg 240w, https:\/\/www.diarioimagen.net\/wp-content\/uploads\/2015\/09\/arco-2702-420x236.jpg 420w, https:\/\/www.diarioimagen.net\/wp-content\/uploads\/2015\/09\/arco-2702-235x132.jpg 235w, https:\/\/www.diarioimagen.net\/wp-content\/uploads\/2015\/09\/arco-2702-202x114.jpg 202w, https:\/\/www.diarioimagen.net\/wp-content\/uploads\/2015\/09\/arco-2702-350x196.jpg 350w, https:\/\/www.diarioimagen.net\/wp-content\/uploads\/2015\/09\/arco-2702-220x123.jpg 220w, https:\/\/www.diarioimagen.net\/wp-content\/uploads\/2015\/09\/arco-2702-237x132.jpg 237w, https:\/\/www.diarioimagen.net\/wp-content\/uploads\/2015\/09\/arco-2702.jpg 480w\" sizes=\"auto, (max-width: 240px) 100vw, 240px\" \/><\/a><p id=\"caption-attachment-235363\" class=\"wp-caption-text\">Eruviel \u00c1vila &#8211; Inaugurando el Banco Central de Tejidos.<\/p><\/div>\n<p>Eruviel \u00c1vila Villegas y la secretaria federal de Salud, Mercedes Juan L\u00f3pez, inauguraron el Banco de Tejidos de la entidad, que cuenta con equipamiento y tecnolog\u00eda de punta, que consolidar\u00e1 al Estado de M\u00e9xico como el primer lugar nacional en trasplante y procuraci\u00f3n de tejidos, que ocupa los \u00faltimos cuatro a\u00f1os consecutivos.<\/p>\n<p>Afirm\u00f3 que se trabaja para avanzar a\u00fan m\u00e1s en esta materia y obtener logros, como el de revertir la tendencia en el origen, por ejemplo, de las c\u00f3rneas para trasplante, pues hace 10 a\u00f1os el 90 por ciento de ellas se importaba de otros pa\u00edses y ahora la cifra se ha revertido y s\u00f3lo se importa el 10 por ciento.<\/p>\n<p>\u00c1vila Villegas inform\u00f3 que el Banco de Tejidos tuvo una inversi\u00f3n superior a 62 millones de pesos y puede procurar anualmente 8 mil tejidos y huesos, con lo que se incrementa en cinco veces la capacidad de sus anteriores instalaciones, lo que permitir\u00e1 que m\u00e1s pacientes mexiquenses y de otros estados de la Rep\u00fablica mexicana se vean beneficiados.<\/p>\n<p>Detall\u00f3 que este servicio se brindar\u00e1 de manera gratuita para los derechohabientes del Instituto de Seguridad Social del Estado de M\u00e9xico y Municipios (ISSEMyM), as\u00ed como para quienes tengan Seguro Popular. El gobernador mexiquense afirm\u00f3 que esta obra se entrega en el marco del D\u00eda Nacional de la Donaci\u00f3n y Trasplante de \u00d3rganos y Tejidos, que se celebra el 26 de septiembre, y se\u00f1al\u00f3 que para 2016 la meta es captar y procurar m\u00e1s de 800 donaciones y contar con 2 mil 500 tejidos.<\/p>\n<p>Asimismo, dijo que el Hospital Adolfo L\u00f3pez Mateos de la ciudad de Toluca iniciar\u00e1 con la realizaci\u00f3n de trasplantes de coraz\u00f3n, y reconoci\u00f3 al Hospital de Alta Especialidad de Zumpango, por ser el primero en ser autorizado para hacer un trasplante hep\u00e1tico.<\/p>\n<p><em><a href=\"mailto:montanezaguilar@gmail.com\" target=\"_blank\">montanezaguilar@gmail.com<\/a><\/em><\/p>\n","protected":false},"excerpt":{"rendered":"<p><span style=\"color: #005497;\">Jos\u00e9 Luis Monta\u00f1ez Aguilar<\/span><br \/>\n<br \/>\nEruviel \u00c1vila Villegas y la secretaria federal de Salud, Mercedes Juan L\u00f3pez, inauguraron el Banco de Tejidos de la entidad, que cuenta con equipamiento y tecnolog\u00eda de punta, que consolidar\u00e1 al Estado de M\u00e9xico como el primer lugar nacional en trasplante y procuraci\u00f3n de tejidos, que ocupa los \u00faltimos cuatro a\u00f1os consecutivos. <\/p>\n","protected":false},"author":3,"featured_media":235363,"comment_status":"open","ping_status":"open","sticky":false,"template":"","format":"standard","meta":{"_monsterinsights_skip_tracking":false,"_monsterinsights_sitenote_active":false,"_monsterinsights_sitenote_note":"","_monsterinsights_sitenote_category":0,"footnotes":""},"categories":[5],"tags":[13284,43704,43674],"class_list":["post-235269","post","type-post","status-publish","format-standard","has-post-thumbnail","hentry","category-estado-de-mexico","tag-arco-norte","tag-jose-luis-montanez-aguilar","tag-opinion"],"_links":{"self":[{"href":"https:\/\/www.diarioimagen.net\/index.php?rest_route=\/wp\/v2\/posts\/235269","targetHints":{"allow":["GET"]}}],"collection":[{"href":"https:\/\/www.diarioimagen.net\/index.php?rest_route=\/wp\/v2\/posts"}],"about":[{"href":"https:\/\/www.diarioimagen.net\/index.php?rest_route=\/wp\/v2\/types\/post"}],"author":[{"embeddable":true,"href":"https:\/\/www.diarioimagen.net\/index.php?rest_route=\/wp\/v2\/users\/3"}],"replies":[{"embeddable":true,"href":"https:\/\/www.diarioimagen.net\/index.php?rest_route=%2Fwp%2Fv2%2Fcomments&post=235269"}],"version-history":[{"count":0,"href":"https:\/\/www.diarioimagen.net\/index.php?rest_route=\/wp\/v2\/posts\/235269\/revisions"}],"wp:featuredmedia":[{"embeddable":true,"href":"https:\/\/www.diarioimagen.net\/index.php?rest_route=\/wp\/v2\/media\/235363"}],"wp:attachment":[{"href":"https:\/\/www.diarioimagen.net\/index.php?rest_route=%2Fwp%2Fv2%2Fmedia&parent=235269"}],"wp:term":[{"taxonomy":"category","embeddable":true,"href":"https:\/\/www.diarioimagen.net\/index.php?rest_route=%2Fwp%2Fv2%2Fcategories&post=235269"},{"taxonomy":"post_tag","embeddable":true,"href":"https:\/\/www.diarioimagen.net\/index.php?rest_route=%2Fwp%2Fv2%2Ftags&post=235269"}],"curies":[{"name":"wp","href":"https:\/\/api.w.org\/{rel}","templated":true}]}}