{"id":235294,"date":"2015-09-22T00:09:29","date_gmt":"2015-09-22T05:09:29","guid":{"rendered":"http:\/\/www.diarioimagen.net\/?p=235294"},"modified":"2015-09-22T05:59:55","modified_gmt":"2015-09-22T10:59:55","slug":"aplazan-consulta-sobre-corredor-chapultepec","status":"publish","type":"post","link":"https:\/\/www.diarioimagen.net\/?p=235294","title":{"rendered":"Aplazan consulta sobre Corredor Chapultepec"},"content":{"rendered":"<ul>\n<li><strong><em>En el DF, cero incidencia de rabia<\/em><\/strong><\/li>\n<\/ul>\n<div id=\"attachment_235392\" style=\"width: 250px\" class=\"wp-caption alignleft\"><a href=\"http:\/\/www.diarioimagen.net\/?attachment_id=235392\" rel=\"attachment wp-att-235392\"><img loading=\"lazy\" decoding=\"async\" aria-describedby=\"caption-attachment-235392\" class=\"size-medium wp-image-235392\" src=\"http:\/\/www.diarioimagen.net\/wp-content\/uploads\/2015\/09\/corredor-2702-240x135.jpg\" alt=\"Se report\u00f3 la participaci\u00f3n de poco m\u00e1s de 6 millones de personas durante el macrosimulacro de la Ciudad de M\u00e9xico del pasado s\u00e1bado 19, donde se midi\u00f3 la capacidad de respuesta del Comit\u00e9 Nacional de Emergencias y Protecci\u00f3n Civil.\" width=\"240\" height=\"135\" srcset=\"https:\/\/www.diarioimagen.net\/wp-content\/uploads\/2015\/09\/corredor-2702-240x135.jpg 240w, https:\/\/www.diarioimagen.net\/wp-content\/uploads\/2015\/09\/corredor-2702-420x236.jpg 420w, https:\/\/www.diarioimagen.net\/wp-content\/uploads\/2015\/09\/corredor-2702-235x132.jpg 235w, https:\/\/www.diarioimagen.net\/wp-content\/uploads\/2015\/09\/corredor-2702-202x114.jpg 202w, https:\/\/www.diarioimagen.net\/wp-content\/uploads\/2015\/09\/corredor-2702-350x196.jpg 350w, https:\/\/www.diarioimagen.net\/wp-content\/uploads\/2015\/09\/corredor-2702-220x123.jpg 220w, https:\/\/www.diarioimagen.net\/wp-content\/uploads\/2015\/09\/corredor-2702-237x132.jpg 237w, https:\/\/www.diarioimagen.net\/wp-content\/uploads\/2015\/09\/corredor-2702.jpg 480w\" sizes=\"auto, (max-width: 240px) 100vw, 240px\" \/><\/a><p id=\"caption-attachment-235392\" class=\"wp-caption-text\">Se report\u00f3 la participaci\u00f3n de poco m\u00e1s de 6 millones de personas durante el macrosimulacro de la Ciudad de M\u00e9xico del pasado s\u00e1bado 19, donde se midi\u00f3 la capacidad de respuesta del Comit\u00e9 Nacional de Emergencias y Protecci\u00f3n Civil.<\/p><\/div>\n<p>A petici\u00f3n vecinal, las autoridades capitalinas prev\u00e9n postergar una semana la consulta ciudadana acerca del proyecto del Corredor Cultural Chapultepec, a fin de que se realice el 3 de octubre y no el 27 de septiembre, anunci\u00f3 el jefe de gobierno, Miguel \u00c1ngel Mancera.<\/p>\n<p>El mandatario explic\u00f3 que el cambio de fecha se contempla porque los comit\u00e9s ciudadanos est\u00e1n siendo asesorados por el Instituto Electoral del Distrito Federal (IEDF) para que el ejercicio se desarrolle conforme a lo establecido en la Ley de Participaci\u00f3n Ciudadana.<\/p>\n<p style=\"text-align: center;\"><strong>Campa\u00f1a antirr\u00e1bica<\/strong><\/p>\n<p>La ciudad de M\u00e9xico \u201cest\u00e1 con cero incidencia de rabia, lo que ha sido un trabajo permanente, constante\u201d, afirm\u00f3 Miguel \u00c1ngel Mancera, al poner en marcha la Primera Semana Nacional de Esterilizaci\u00f3n y Vacunaci\u00f3n Antirr\u00e1bica Canina y Felina 2015.<\/p>\n<p>Durante su mensaje en la explanada delegacional de Venustiano Carranza, Mancera Espinosa agreg\u00f3 que la tarea de esterilizar convoca a la sociedad civil precisamente a cuidar mejor a sus animales.<\/p>\n<p>El Ejecutivo local hizo notar que en un di\u00e1logo con las organizaciones de la sociedad civil se coincidi\u00f3 en que esta acci\u00f3n se ve como una buena estrategia y que el trabajo que se hace es fundamental.<\/p>\n<p>El secretario de Salud del Distrito Federal, Armando Ahued, destac\u00f3 a su vez que a pesar de que se desconoce el n\u00famero preciso de perros y gatos que hay en el pa\u00eds y en la urbe, hay algunas estimaciones de que existen unos 5 millones de animales en la capital mexicana.<\/p>\n<p>Eso quiere decir que existe \u201cuna poblaci\u00f3n importante de seres con vida que nos pueden enfermar y transmitir patolog\u00edas, por lo que es indispensable implementar pol\u00edticas p\u00fablicas y programas para su atenci\u00f3n y cuidado\u201d, expuso.<\/p>\n<p>En el tema de la rabia, Ahued Ortega expuso que contar con campa\u00f1as de vacunaci\u00f3n dirigidas a perros y gatos, as\u00ed como el manejo de humanos que sufren mordedura con aplicaci\u00f3n de biol\u00f3gicos ha permitido reducir a cero la cifra de muertes por esta enfermedad en el Distrito Federal.<\/p>\n<p>De esta forma, la vacunaci\u00f3n de nuevo demuestra que es una inversi\u00f3n de bajo costo y alta efectividad al prevenir una enfermedad tan grave como la rabia, subray\u00f3 el titular de la Secretar\u00eda de Salud del Distrito Federal.<\/p>\n<p>Otra estrategia relevante para prevenir es la esterilizaci\u00f3n, porque en su ciclo de vida normal una hembra canina puede parir 100 individuos y una felina dom\u00e9stica hasta 200, por lo que su reproducci\u00f3n sin control lleva a una sobrepoblaci\u00f3n que trae como consecuencia el abandono de muchos ejemplares, lo que aumenta el riesgo de contagio y maltrato para esas especies.<\/p>\n<p>Precis\u00f3 que en la capital el reto es llegar a las 70 mil esterilizaciones y un mill\u00f3n 300 mil vacunas aplicadas para este a\u00f1o, de las cuales se prev\u00e9 aplicar 300 mil esta semana.<\/p>\n","protected":false},"excerpt":{"rendered":"<p>A petici\u00f3n vecinal, las autoridades capitalinas prev\u00e9n postergar una semana la consulta ciudadana acerca del proyecto del Corredor Cultural Chapultepec, a fin de que se realice el 3 de octubre y no el 27 de septiembre, anunci\u00f3 el jefe de gobierno, Miguel \u00c1ngel Mancera.<\/p>\n","protected":false},"author":3,"featured_media":235392,"comment_status":"open","ping_status":"open","sticky":false,"template":"","format":"standard","meta":{"_monsterinsights_skip_tracking":false,"_monsterinsights_sitenote_active":false,"_monsterinsights_sitenote_note":"","_monsterinsights_sitenote_category":0,"footnotes":""},"categories":[6],"tags":[204,384,22348],"class_list":["post-235294","post","type-post","status-publish","format-standard","has-post-thumbnail","hentry","category-cd-de-mexico","tag-ciudad-de-mexico","tag-df","tag-iedf"],"_links":{"self":[{"href":"https:\/\/www.diarioimagen.net\/index.php?rest_route=\/wp\/v2\/posts\/235294","targetHints":{"allow":["GET"]}}],"collection":[{"href":"https:\/\/www.diarioimagen.net\/index.php?rest_route=\/wp\/v2\/posts"}],"about":[{"href":"https:\/\/www.diarioimagen.net\/index.php?rest_route=\/wp\/v2\/types\/post"}],"author":[{"embeddable":true,"href":"https:\/\/www.diarioimagen.net\/index.php?rest_route=\/wp\/v2\/users\/3"}],"replies":[{"embeddable":true,"href":"https:\/\/www.diarioimagen.net\/index.php?rest_route=%2Fwp%2Fv2%2Fcomments&post=235294"}],"version-history":[{"count":0,"href":"https:\/\/www.diarioimagen.net\/index.php?rest_route=\/wp\/v2\/posts\/235294\/revisions"}],"wp:featuredmedia":[{"embeddable":true,"href":"https:\/\/www.diarioimagen.net\/index.php?rest_route=\/wp\/v2\/media\/235392"}],"wp:attachment":[{"href":"https:\/\/www.diarioimagen.net\/index.php?rest_route=%2Fwp%2Fv2%2Fmedia&parent=235294"}],"wp:term":[{"taxonomy":"category","embeddable":true,"href":"https:\/\/www.diarioimagen.net\/index.php?rest_route=%2Fwp%2Fv2%2Fcategories&post=235294"},{"taxonomy":"post_tag","embeddable":true,"href":"https:\/\/www.diarioimagen.net\/index.php?rest_route=%2Fwp%2Fv2%2Ftags&post=235294"}],"curies":[{"name":"wp","href":"https:\/\/api.w.org\/{rel}","templated":true}]}}