{"id":235333,"date":"2015-09-22T00:03:51","date_gmt":"2015-09-22T05:03:51","guid":{"rendered":"http:\/\/www.diarioimagen.net\/?p=235333"},"modified":"2015-09-22T04:03:55","modified_gmt":"2015-09-22T09:03:55","slug":"expertos","status":"publish","type":"post","link":"https:\/\/www.diarioimagen.net\/?p=235333","title":{"rendered":"Expertos"},"content":{"rendered":"<h2>Desde el portal<\/h2>\n<h5>\u00c1ngel Soriano<\/h5>\n<p>&nbsp;<\/p>\n<p>Ahora resulta que los expertos internacionales que husmearon en el basurero de Cocula y que descalificaron la investigaci\u00f3n de la PGR sobre la desaparici\u00f3n de los 43 normalistas hace ya casi un a\u00f1o, no son tan expertos y su presencia en nuestro pa\u00eds ha politizado el asunto, al llevar agua al molino de don Emilio \u00c1lvarez Icaza, ilustre mexicano que preside la Comisi\u00f3n Interamericana de Derechos Humanos.<\/p>\n<p>Carece de sustento legal la presencia de internacionalistas, indican los pri\u00edstas en San L\u00e1zaro, en tanto alumnos de la Normal Rural de Ayotzinapa vandalizaron la Fiscal\u00eda de Chilpancingo y los padres de los j\u00f3venes desaparecidos siguen sin tener mayores informes acerca de la pr\u00f3xima reuni\u00f3n con el presidente Pe\u00f1a Nieto, mientras que legisladores de los partidos con presencia en el Congreso de la Uni\u00f3n siguen enfrentados en confrontaciones verbales y en una feroz disputa por hacer la mejor propuesta respecto a la localizaci\u00f3n de los estudiantes.<\/p>\n<p>Ya el l\u00edder del PRD, Carlos Navarrete, blind\u00f3 a su partido para no seguir siendo \u201cacribillado\u201d por el caso de Ayotzinapa, el cual, en la medida que se ahondan las investigaciones, salen m\u00e1s incongruencias y fantas\u00edas propias de la PGR donde m\u00e1s que impartir justicia, todo parece indicar, los encargados de los casos m\u00e1s relevantes son expertos en inventar historias poco cre\u00edbles, como el judicial que sembr\u00f3 una pistola al abogado Infraiber, Paulo D\u00edaz Gargari, pero al rechazar la acusaci\u00f3n dijo que \u201cs\u00f3lo meti\u00f3 medio cuerpo al auto del litigante para recoger su celular que se le cay\u00f3 en el interior del veh\u00edculo\u201d. Habr\u00e1 que ver en qu\u00e9 terminan tantos enredos en la impartici\u00f3n de justicia.<\/p>\n<p style=\"text-align: center;\"><strong>TURBULENCIAS<br \/>\nRetos del GDF en la CDMX<\/strong><\/p>\n<p>El subprocurador Regional de la PGR, <strong>Gilberto Higuera Bernal<\/strong>, dio posesi\u00f3n como nuevo delegado en Oaxaca a <strong>Javier Villanueva Hern\u00e1ndez<\/strong>, egresado de la licenciatura en Derecho y Ciencias Sociales de la Facultad de Derecho y Ciencias Sociales de la UABJO, ha realizado estudios de maestr\u00eda en Derecho Penal en la misma Universidad y Doctorado en Derecho Penal por la Universidad de Salamanca, Espa\u00f1a\u2026El presidente de la Confederaci\u00f3n Nacional Agron\u00f3mica, <strong>Lino Vel\u00e1squez Morales<\/strong>, agradeci\u00f3 el respaldo y apoyo del presidente municipal de Oaxaca de Ju\u00e1rez, <strong>Javier Villaca\u00f1a Jim\u00e9nez<\/strong>, para realizar el XXXVII Congreso Nacional Agron\u00f3mico del 14 al 16 de octubre, con la presencia de delegados de 33 federaciones agron\u00f3micas, funcionarios de la Sagarpa y de la Organizaci\u00f3n de las Naciones Unidas para la Alimentaci\u00f3n y la Agricultura (FAO)\u2026Del 5 al 9 de octubre se efectuar\u00e1 la Primera Campa\u00f1a Nacional de Protecci\u00f3n Contra Incendios con Jornadas Educativas para concientizar y sensibilizar a tomar medidas preventivas que los eviten; distribuir material informativo, charlas de autoprotecci\u00f3n; simulacros de incendios y ejercicios de evacuaci\u00f3n, es encabezada por la Asociaci\u00f3n Mexicana de Rociadores Autom\u00e1ticos Contra Incendios (AMRACI), la Secretaria del Trabajo, Protecci\u00f3n Civil, gobiernos del DF,\u00a0 Edomex, Chihuahua, Sonora; la Fundaci\u00f3n Michou &amp; Mau, y la Cruz Roja Mexicana\u2026La Asociaci\u00f3n Mexicana de Transporte y Movilidad, AMTM, reconoce las diversas acciones dadas a conocer por el jefe de gobierno del Distrito Federal, <strong>Miguel<\/strong> <strong>\u00c1ngel Mancera<\/strong>, en su Tercer Informe de Gobierno, para promover el transporte p\u00fablico y la movilidad pues el reto consiste en reabrir la L\u00ednea 12 del STC Metro, integrar Metro, Ecobici y Metrob\u00fas, la construcci\u00f3n de cinco nuevos corredores para \u00e9ste, y diversas obras con proyectos de recuperaci\u00f3n de espacios, el corredor Mixcoac y el cultural Chapultepec, bajo una visi\u00f3n integral que considere el entorno urbano, los medios de transporte y la coordinaci\u00f3n entre los \u00f3rdenes de gobierno.<\/p>\n<p><em><a href=\"http:\/\/www.revista-brecha.com\/\" target=\"_blank\">www.revista-brecha.com<br \/>\n<\/a><a href=\"mailto:vidanacional@yahoo.com.mx\" target=\"_blank\">vidanacional@yahoo.com.mx<\/a><\/em><\/p>\n","protected":false},"excerpt":{"rendered":"<p><span style=\"color: #005497;\"><strong>\u00c1ngel Soriano<\/strong><\/span><\/p>\n","protected":false},"author":3,"featured_media":0,"comment_status":"open","ping_status":"open","sticky":false,"template":"","format":"standard","meta":{"_monsterinsights_skip_tracking":false,"_monsterinsights_sitenote_active":false,"_monsterinsights_sitenote_note":"","_monsterinsights_sitenote_category":0,"footnotes":""},"categories":[135],"tags":[85,86,43674],"class_list":["post-235333","post","type-post","status-publish","format-standard","hentry","category-angel-soriano-opinion","tag-angel-soriano","tag-desde-el-portal","tag-opinion"],"_links":{"self":[{"href":"https:\/\/www.diarioimagen.net\/index.php?rest_route=\/wp\/v2\/posts\/235333","targetHints":{"allow":["GET"]}}],"collection":[{"href":"https:\/\/www.diarioimagen.net\/index.php?rest_route=\/wp\/v2\/posts"}],"about":[{"href":"https:\/\/www.diarioimagen.net\/index.php?rest_route=\/wp\/v2\/types\/post"}],"author":[{"embeddable":true,"href":"https:\/\/www.diarioimagen.net\/index.php?rest_route=\/wp\/v2\/users\/3"}],"replies":[{"embeddable":true,"href":"https:\/\/www.diarioimagen.net\/index.php?rest_route=%2Fwp%2Fv2%2Fcomments&post=235333"}],"version-history":[{"count":0,"href":"https:\/\/www.diarioimagen.net\/index.php?rest_route=\/wp\/v2\/posts\/235333\/revisions"}],"wp:attachment":[{"href":"https:\/\/www.diarioimagen.net\/index.php?rest_route=%2Fwp%2Fv2%2Fmedia&parent=235333"}],"wp:term":[{"taxonomy":"category","embeddable":true,"href":"https:\/\/www.diarioimagen.net\/index.php?rest_route=%2Fwp%2Fv2%2Fcategories&post=235333"},{"taxonomy":"post_tag","embeddable":true,"href":"https:\/\/www.diarioimagen.net\/index.php?rest_route=%2Fwp%2Fv2%2Ftags&post=235333"}],"curies":[{"name":"wp","href":"https:\/\/api.w.org\/{rel}","templated":true}]}}