{"id":235338,"date":"2015-09-22T00:05:36","date_gmt":"2015-09-22T05:05:36","guid":{"rendered":"http:\/\/www.diarioimagen.net\/?p=235338"},"modified":"2015-09-22T01:51:42","modified_gmt":"2015-09-22T06:51:42","slug":"la-presencia-latinoamericana","status":"publish","type":"post","link":"https:\/\/www.diarioimagen.net\/?p=235338","title":{"rendered":"La presencia latinoamericana"},"content":{"rendered":"<h2>Detr\u00e1s del Poder<\/h2>\n<h5>Jos\u00e9 Antonio L\u00f3pez Sosa<\/h5>\n<p>&nbsp;<\/p>\n<p><strong>Durban, Sud\u00e1frica<\/strong>.- Durante este foro \u201cWorld Routes 2015\u201d, Am\u00e9rica Latina tiene una presencia importante, si bien s\u00f3lo dos pa\u00edses y un territorio est\u00e1n presentes, han llamado la atenci\u00f3n de aerol\u00edneas y aeropuertos alrededor del mundo.<\/p>\n<p>El territorio de Puerto Rico est\u00e1 presente, en conjunto con ASUR-Aerostar se consolidan como un centro de distribuci\u00f3n a\u00e9rea en el Caribe. El aeropuerto de San Juan (\u00fanico en la Uni\u00f3n Americana operado por ASUR) detuvo la ca\u00edda de pasajeros, que comenzara desde que American Airlines decidi\u00f3 salir de la isla. Abrir\u00e1n vuelos desde Europa en los pr\u00f3ximos meses y les ha resultado un \u00e9xito la apertura del vuelo Canc\u00fan\u2013San Juan, operado por Volaris.<\/p>\n<p>Ecuador es la gran sorpresa en este foro, la presencia de sus dos principales aeropuertos, Guayaquil y Quito, dan muestra de la voluntad pol\u00edtica y econ\u00f3mica que tiene este pa\u00eds por hacer crecer su conectividad y su industria tur\u00edstica (de placer y negocios) en el mundo. Entre los a\u00f1os 2010 y 2014, ha aumentado en m\u00e1s de 50% la llegada de pasajeros internacionales, los principales puntos de origen de estos viajeros son Estados Unidos, Per\u00fa, Colombia y Panam\u00e1.<\/p>\n<p>Los mexicanos representamos un mercado creciente e importante para el Ecuador, cada ciudadano de nuestro pa\u00eds gasta en promedio mil 248 d\u00f3lares all\u00e1, el 35% viaja por placer, el 32% son profesionistas y el 80% de los mexicanos que llegan a Ecuador, lo hacen por cuenta propia (comprando su viaje a trav\u00e9s de internet) sin usar una agencia de viajes; s\u00f3lo el 8% de los mexicanos que llegan a Ecuador compraron su paquete con alguna agencia u operador. Casi la mitad de quienes llegan a Ecuador proceden de la Ciudad de M\u00e9xico, lo que indica la necesidad de promover este pa\u00eds en las dem\u00e1s ciudades de la Rep\u00fablica.<\/p>\n<p>Entre 2013 y 2014 el turismo mexicano hacia Ecuador aument\u00f3 un 32%, lo cual ha incorporado a M\u00e9xico en la lista de los mercados emergentes e importantes para este pa\u00eds sudamericano.<\/p>\n<p>El a\u00f1o entrante, Ecuador tendr\u00e1 una representaci\u00f3n en M\u00e9xico, debe tener el Ministerio de Turismo cuidado con la empresa que contratar\u00e1 par tal efecto, hemos visto en el mercado mexicano decenas de agencias emergentes de relaciones p\u00fablicas y publicidad que no hacen m\u00e1s que estafar a sus clientes, sobre todo a aquellos extranjeros. Ejemplos sobran y para lo esfuerzos que est\u00e1 haciendo la Rep\u00fablica del Ecuador, necesitan una empresa verdaderamente profesional. Seguramente competir\u00e1n por tal representaci\u00f3n m\u00e1s de una decena de improvisados, deben leer las letras chiquitas.<\/p>\n<p>El ejemplo de Ecuador es ejemplar en Am\u00e9rica Latina, como un pa\u00eds aprovecha de forma positiva un foro de esta envergadura para ampliar su conectividad a\u00e9rea, promover sus destinos tur\u00edsticos y posicionar su marca pa\u00eds con un solo objetivo: hacer del turismo una industria que genere divisas, buscando alternativas de negocios a la industria petrolera, del camar\u00f3n y del pl\u00e1tano.<\/p>\n<p>Los funcionarios de la Secretar\u00eda de Turismo federal, as\u00ed como del Consejo de Promoci\u00f3n Tur\u00edstica de M\u00e9xico debieran dar un vistazo con lupa a lo que Ecuador hace, un pa\u00eds peque\u00f1o, pero consolidado en materia tur\u00edstica.<\/p>\n<p>Panam\u00e1 y su \u201cHub de las Am\u00e9ricas\u201d estuvo ausente, lo mismo que Brasil y sus grandes aeropuertos. Colombia tuvo una modesta pero importante participaci\u00f3n y a ello se limit\u00f3 la presencia de Am\u00e9rica Latina.<\/p>\n<p><em><a href=\"http:\/\/www.lopezsosa.com\" target=\"_blank\">www.lopezsosa.com<\/a><br \/>\n<\/em><em><a href=\"mailto:joseantonio@lopezsosa.com\" target=\"_blank\">joseantonio@lopezsosa.com<\/a><\/em><br \/>\n<em><a href=\"http:\/\/twitter.com\/joseantonio1977\" target=\"_blank\">@joseantonio1977<\/a><\/em><\/p>\n","protected":false},"excerpt":{"rendered":"<p><span style=\"color: #005497;\"><strong>Jos\u00e9 Antonio L\u00f3pez Sosa<\/strong><\/span><\/p>\n","protected":false},"author":3,"featured_media":0,"comment_status":"open","ping_status":"open","sticky":false,"template":"","format":"standard","meta":{"_monsterinsights_skip_tracking":false,"_monsterinsights_sitenote_active":false,"_monsterinsights_sitenote_note":"","_monsterinsights_sitenote_category":0,"footnotes":""},"categories":[637],"tags":[638,8516,43690,43674,3332],"class_list":["post-235338","post","type-post","status-publish","format-standard","hentry","category-jose-antonio-lopez-sosa","tag-detras-del-poder","tag-durban","tag-jose-antonio-lopez-sosa","tag-opinion","tag-sudafrica"],"_links":{"self":[{"href":"https:\/\/www.diarioimagen.net\/index.php?rest_route=\/wp\/v2\/posts\/235338","targetHints":{"allow":["GET"]}}],"collection":[{"href":"https:\/\/www.diarioimagen.net\/index.php?rest_route=\/wp\/v2\/posts"}],"about":[{"href":"https:\/\/www.diarioimagen.net\/index.php?rest_route=\/wp\/v2\/types\/post"}],"author":[{"embeddable":true,"href":"https:\/\/www.diarioimagen.net\/index.php?rest_route=\/wp\/v2\/users\/3"}],"replies":[{"embeddable":true,"href":"https:\/\/www.diarioimagen.net\/index.php?rest_route=%2Fwp%2Fv2%2Fcomments&post=235338"}],"version-history":[{"count":0,"href":"https:\/\/www.diarioimagen.net\/index.php?rest_route=\/wp\/v2\/posts\/235338\/revisions"}],"wp:attachment":[{"href":"https:\/\/www.diarioimagen.net\/index.php?rest_route=%2Fwp%2Fv2%2Fmedia&parent=235338"}],"wp:term":[{"taxonomy":"category","embeddable":true,"href":"https:\/\/www.diarioimagen.net\/index.php?rest_route=%2Fwp%2Fv2%2Fcategories&post=235338"},{"taxonomy":"post_tag","embeddable":true,"href":"https:\/\/www.diarioimagen.net\/index.php?rest_route=%2Fwp%2Fv2%2Ftags&post=235338"}],"curies":[{"name":"wp","href":"https:\/\/api.w.org\/{rel}","templated":true}]}}