{"id":235349,"date":"2015-09-22T00:09:32","date_gmt":"2015-09-22T05:09:32","guid":{"rendered":"http:\/\/www.diarioimagen.net\/?p=235349"},"modified":"2015-09-22T06:24:19","modified_gmt":"2015-09-22T11:24:19","slug":"prd-un-conglomerado-para-la-psiquiatria","status":"publish","type":"post","link":"https:\/\/www.diarioimagen.net\/?p=235349","title":{"rendered":"PRD, un conglomerado para la psiquiatr\u00eda"},"content":{"rendered":"<h2>Tras la puerta del poder<\/h2>\n<h5>Roberto Vizca\u00edno<\/h5>\n<p>&nbsp;<\/p>\n<ul>\n<li><strong><em>Los perredistas se dieron con todo el pasado fin de semana en un aquelarre del que nadie se salv\u00f3<\/em><\/strong><\/li>\n<li><strong><em>La atenci\u00f3n de no pocos se concentra ahora mismo en el encuentro de Pe\u00f1a con los familiares de los 43<\/em><\/strong><\/li>\n<\/ul>\n<div id=\"attachment_235410\" style=\"width: 250px\" class=\"wp-caption alignleft\"><a href=\"http:\/\/www.diarioimagen.net\/?attachment_id=235410\" rel=\"attachment wp-att-235410\"><img loading=\"lazy\" decoding=\"async\" aria-describedby=\"caption-attachment-235410\" class=\"size-medium wp-image-235410\" src=\"http:\/\/www.diarioimagen.net\/wp-content\/uploads\/2015\/09\/BIEN-SABIDO-jose-luis-2702-240x177.jpg\" alt=\"Bien sabido... | Jos\u00e9 Luis\" width=\"240\" height=\"177\" srcset=\"https:\/\/www.diarioimagen.net\/wp-content\/uploads\/2015\/09\/BIEN-SABIDO-jose-luis-2702-240x177.jpg 240w, https:\/\/www.diarioimagen.net\/wp-content\/uploads\/2015\/09\/BIEN-SABIDO-jose-luis-2702-420x309.jpg 420w, https:\/\/www.diarioimagen.net\/wp-content\/uploads\/2015\/09\/BIEN-SABIDO-jose-luis-2702-90x65.jpg 90w, https:\/\/www.diarioimagen.net\/wp-content\/uploads\/2015\/09\/BIEN-SABIDO-jose-luis-2702.jpg 1200w\" sizes=\"auto, (max-width: 240px) 100vw, 240px\" \/><\/a><p id=\"caption-attachment-235410\" class=\"wp-caption-text\">Bien sabido&#8230; | Jos\u00e9 Luis<\/p><\/div>\n<p>El 14 Congreso Nacional Extraordinario del PRD realizado el pasado fin de semana, fue un encuentro no para ser relatado por cronistas pol\u00edticos o para ser observado por analistas sociales, sino para ser seguido y estudiado por psiquiatras.<\/p>\n<p>El escenario y sus componentes dejaron ver un conglomerado rabioso, irritado, demandante que gritaba, denunciaba, acusaba, reclamaba, abucheaba y provocaba esc\u00e1ndalo a cada intervenci\u00f3n de sus l\u00edderes y dirigentes.<\/p>\n<p>Ambiente de locos, pues. Todos reunidos ah\u00ed como miembros del PRD, pero mostrando total rechazo a s\u00edmbolos, programas y dirigentes del PRD.<\/p>\n<p>Durante los tres d\u00edas de su realizaci\u00f3n, no hubo ah\u00ed ninguna propuesta, ning\u00fan pronunciamiento, ninguna explicaci\u00f3n que tuviera una aprobaci\u00f3n o apoyo mayoritario.<\/p>\n<p>No se present\u00f3 un solo personaje que fuese aceptado por la mayor\u00eda. Todos quienes subieron a tribuna, quienes hablaron a los integrantes del Congreso, recibieron muestras de rechazo o descalificaciones de diferentes formas.<\/p>\n<p>Bueno, hubo hasta jaloneos y algunos golpes al aire. Seguro algunos se llevaron alguna patada en las espinillas.<\/p>\n<p>Y eso que hasta el domo del <strong>Plan Sexenal<\/strong> llegaron los mejores y m\u00e1s renombrados cuadros de este partido. Esos cuyos hom\u00f3logos en otros partidos provocan el aplauso, las peticiones de una <em>selfie<\/em>, de un abrazo, de un apret\u00f3n de manos, de una sonrisa en el PRD, ahora fueron motivo de escarnio, de repudio, de reclamo.<\/p>\n<p>El desfile de los perredistas famosos, esos del momento actual, entre quienes est\u00e1n los posibles candidatos de esta llamada izquierda para el 2018, inici\u00f3 con el arribo de los gobernadores perredistas, Gabino Cu\u00e9, de Oaxaca; Arturo N\u00fa\u00f1ez, de Tabasco; Graco Ram\u00edrez, de Morelos; Rogelio Ortega, de Guerrero, y el <em>rockstar<\/em> del momento, Silvano Aureoles, gobernador electo de Michoac\u00e1n.<\/p>\n<p>Ninguno de ellos se salv\u00f3 de la rechifla.<\/p>\n<p>El trato a estos fue apenas el preludio de lo que se les vino encima despu\u00e9s al dimitente presidente del PRD, el guanajuatense Carlos Navarrete, para quien algunos asistentes incluso reclamaron c\u00e1rcel.<\/p>\n<p>Como en un\u00a0 term\u00f3metro del repudio, la rechifla y el abucheo sub\u00eda o bajaba de acuerdo a los personajes mencionados.<\/p>\n<p>As\u00ed pasaron Jes\u00fas Ortega, Jes\u00fas Zambrano, Ren\u00e9 Bejarano o H\u00e9ctor Bautista, l\u00edderes de las corrientes \u2014ellos mismos las califican como tribus-, mayoritarias.<\/p>\n<p>Pese a todo, los convocantes lograron su cometido: reformar los estatutos y abrir el camino para que el colosista Agust\u00edn Basave sea el sustituto de Carlos Navarrete en la presidencia del PRD.<\/p>\n<p>El otro objetivo cumplido fue la aprobaci\u00f3n de las alianzas con el PAN dentro del proceso electoral de 2016.<\/p>\n<p>Todo lo dem\u00e1s es an\u00e9cdota.<\/p>\n<p>Las interrogantes b\u00e1sicas pudieran ser: \u00bfrealmente existe este partido\u2026 o sus siglas representan a s\u00f3lo un conglomerado dis\u00edmbolo, absurdo, inimaginable de hombres y mujeres que se dicen de izquierda? \u00bfC\u00f3mo pueden creer que actuando como lo hacen en sus encuentros internos puedan aspirar a ya no digo la Presidencia de la Rep\u00fablica, sino a una alcald\u00eda?<\/p>\n<p>En fin, un congreso que debi\u00f3 ser seguido por un equipo de psiquiatras que nos diga en qu\u00e9 parte de estos perredistas est\u00e1 al \u00f3 a los que debemos darle nuestro voto, seguir como ciudadanos.<\/p>\n<p style=\"text-align: center;\"><strong>AYOTZINAPA<\/strong><\/p>\n<p>Esta semana todo ser\u00e1 Ayotzinapa. Pasado ma\u00f1ana, jueves, los padres de los 43 normalistas se reunir\u00e1n de nuevo con el presidente Enrique Pe\u00f1a Nieto. Y el viernes 26 se cumplir\u00e1 el primer aniversario de la ejecuci\u00f3n, incineraci\u00f3n y dispersi\u00f3n de las cenizas de los estudiantes en el r\u00edo San Juan.<\/p>\n<p>Ese d\u00eda habr\u00e1 una nueva marcha de Los Pinos al Z\u00f3calo, donde los padres realizar\u00e1n un plant\u00f3n.<\/p>\n<p>Dentro de este escenario las fuerzas pol\u00edticas y sus partidos, han comenzado a tomar de nuevo posiciones en los medios para presentarse ante los ciudadanos como demandantes de soluciones o como exigentes cr\u00edticos del gobierno.<\/p>\n<p>Al hablar al respecto, el vicecoordinador de los diputados del PRI conden\u00f3 que la dirigencia del PRD durante el pasado fin de semana haya intentado pasarle a otros su responsabilidad por haber lanzado a Jos\u00e9 Luis Abarca como candidato a alcalde de Iguala.<\/p>\n<p>\u201cEs muy peligroso tocar estos temas judiciales y tratar de darles un cariz pol\u00edtico, <em>siempre salvando el pellejo propio y buscando c\u00f3mo inculpar a los dem\u00e1s<\/em>. Los asuntos judiciales deben tener un tratamiento estrictamente judicial, y deben ser culpables los que son culpables, independientemente de su filiaci\u00f3n pol\u00edtica.<\/p>\n<p>\u201cCuando se trata de hacer uso de una tragedia como esta en un sentido favorable, las cosas tienden normalmente a revertirse. La gente no es tonta.<\/p>\n<p>\u201cTodos los partidos debemos hacer un esfuerzo por exigirle al gobierno que haga su trabajo, solicitando a las autoridades que cumplan con sus funciones y no tratando de buscar qu\u00e9 partido es el menos malo o qu\u00e9 partido queda m\u00e1s bonito en el caso de Ayotzinapa.<\/p>\n<p>\u201cMe parece terrible faltar a la verdad y faltar a la seriedad\u2026 intentar capitalizar pol\u00edticamente un tema que no puede dejar bien a nadie. Este es un caso que, sin lugar a duda, mancha a todos, y que lo \u00fanico que podemos concluir es tener datos ciertos y que estas personas, v\u00edctimas y familiares de ellos, tengan la certeza de qu\u00e9 ocurri\u00f3, c\u00f3mo ocurri\u00f3 y las certeza de que los culpables est\u00e1n en la c\u00e1rcel, creo que esa deber\u00eda ser nuestra misi\u00f3n.<\/p>\n<p>Jorge Carlos Ram\u00edrez Mar\u00edn record\u00f3 que los padres de familia de los 43 normalistas de Ayotzinapa ya se hab\u00edan reunido antes con Pe\u00f1a Nieto y que lo que ahora todos en su bancada esperan de este nuevo encuentro, es que realmente derive en un di\u00e1logo.<\/p>\n<p>En aquel otro encuentro, indic\u00f3, el mandatario incluso recibi\u00f3 a quienes se dijeron ser representantes de los padres de familia.<\/p>\n<p>\u201cEso demostr\u00f3 una voluntad por escuchar, dialogar y creo que es lo que hace ahora, reitera esa misma voluntad que se ha traducido en hechos.<\/p>\n<p>\u201cHay detenidos, hay ex\u00e1menes forenses, hay an\u00e1lisis bal\u00edsticos, hay tr\u00e1mites ante organismos internaciones para seguir investigando.<\/p>\n<p>\u201cEl gobierno hace bien en recibir a los padres y tiene muchas cosas qu\u00e9 poder decirles. Esperemos que sea efectivamente un di\u00e1logo\u201d, insisti\u00f3.<\/p>\n<p style=\"text-align: center;\"><strong>COMISIONES<\/strong><\/p>\n<p>El eje del trabajo legislativo est\u00e1 en la integraci\u00f3n de las Comisiones. En la C\u00e1mara de Diputados estas son 56 por reglamento.<\/p>\n<p>De acuerdo a las normas, estas comisiones \u2014que est\u00e1n integradas en su mayor\u00eda por unos 20 diputados-, se componen con base en una f\u00f3rmula del porcentaje que tiene cada fracci\u00f3n en la C\u00e1mara de Diputados.<\/p>\n<p>As\u00ed las presidencias y n\u00famero de miembros se reparte de acuerdo a la composici\u00f3n de cada fracci\u00f3n.<\/p>\n<p>En la actual y naciente legislatura el PRI es el grupo mayoritario con 202 diputados y el 40.6%; le sigue el PAN con 108 legisladores y el 21.7% de porcentaje; despu\u00e9s est\u00e1 PRD con 60 diputados que representan el 12%; sigue en Verde Ecologista con 47 diputados y el 9.4% del porcentaje; en quinto lugar queda Morena con 35 diputados y 7% del porcentaje; MC es el sexto con 25 legisladores que representan el 5%; el pen\u00faltimo es Nueva Alianza con 11 diputados que representan el 2.2% y el \u00faltimo es el Partido Encuentro Social con 8 diputados y apenas el 1.6% del porcentaje.<\/p>\n<p>En esa proporci\u00f3n dominar\u00e1n las 56 comisiones cada una de las bancadas y partidos representados en San L\u00e1zaro. Las 56 comisiones ordinarias deber\u00e1n quedar integradas \u2014por ley-, antes del 30 de este mes.<\/p>\n<p><em><a href=\"mailto:rvizcainoa@gmail.com\" target=\"_blank\">rvizcainoa@gmail.com<\/a><\/em><\/p>\n","protected":false},"excerpt":{"rendered":"<p><span style=\"color: #005497;\"><strong>Roberto Vizca\u00edno<\/strong><\/span><br \/>\n<br \/>\nEl 14 Congreso Nacional Extraordinario del PRD realizado el pasado fin de semana, fue un encuentro no para ser relatado por cronistas pol\u00edticos o para ser observado por analistas sociales, sino para ser seguido y estudiado por psiquiatras.<\/p>\n","protected":false},"author":3,"featured_media":235410,"comment_status":"open","ping_status":"open","sticky":false,"template":"","format":"standard","meta":{"_monsterinsights_skip_tracking":false,"_monsterinsights_sitenote_active":false,"_monsterinsights_sitenote_note":"","_monsterinsights_sitenote_category":0,"footnotes":""},"categories":[136],"tags":[43674,93,94],"class_list":["post-235349","post","type-post","status-publish","format-standard","has-post-thumbnail","hentry","category-roberto-vizcaino-opinion","tag-opinion","tag-roberto-vizcaino","tag-tras-la-puerta-del-poder"],"_links":{"self":[{"href":"https:\/\/www.diarioimagen.net\/index.php?rest_route=\/wp\/v2\/posts\/235349","targetHints":{"allow":["GET"]}}],"collection":[{"href":"https:\/\/www.diarioimagen.net\/index.php?rest_route=\/wp\/v2\/posts"}],"about":[{"href":"https:\/\/www.diarioimagen.net\/index.php?rest_route=\/wp\/v2\/types\/post"}],"author":[{"embeddable":true,"href":"https:\/\/www.diarioimagen.net\/index.php?rest_route=\/wp\/v2\/users\/3"}],"replies":[{"embeddable":true,"href":"https:\/\/www.diarioimagen.net\/index.php?rest_route=%2Fwp%2Fv2%2Fcomments&post=235349"}],"version-history":[{"count":0,"href":"https:\/\/www.diarioimagen.net\/index.php?rest_route=\/wp\/v2\/posts\/235349\/revisions"}],"wp:featuredmedia":[{"embeddable":true,"href":"https:\/\/www.diarioimagen.net\/index.php?rest_route=\/wp\/v2\/media\/235410"}],"wp:attachment":[{"href":"https:\/\/www.diarioimagen.net\/index.php?rest_route=%2Fwp%2Fv2%2Fmedia&parent=235349"}],"wp:term":[{"taxonomy":"category","embeddable":true,"href":"https:\/\/www.diarioimagen.net\/index.php?rest_route=%2Fwp%2Fv2%2Fcategories&post=235349"},{"taxonomy":"post_tag","embeddable":true,"href":"https:\/\/www.diarioimagen.net\/index.php?rest_route=%2Fwp%2Fv2%2Ftags&post=235349"}],"curies":[{"name":"wp","href":"https:\/\/api.w.org\/{rel}","templated":true}]}}