{"id":235355,"date":"2015-09-22T00:01:44","date_gmt":"2015-09-22T05:01:44","guid":{"rendered":"http:\/\/www.diarioimagen.net\/?p=235355"},"modified":"2015-09-22T23:49:58","modified_gmt":"2015-09-23T04:49:58","slug":"la-cuarta-edicion-de-iltm-americas-en-el-fairmont-mayakoba-sera-el-28-de-septiembre","status":"publish","type":"post","link":"https:\/\/www.diarioimagen.net\/?p=235355","title":{"rendered":"La cuarta edici\u00f3n de <em>ILTM Americas<\/em> en el <em>Fairmont Mayakoba<\/em> ser\u00e1 el 28 de septiembre"},"content":{"rendered":"<h2>De cinco estrellas<\/h2>\n<h5>Victoria Gonz\u00e1lez Prado<\/h5>\n<p>&nbsp;<\/p>\n<ul>\n<li><em><strong>Berl\u00edn, Alemania, estrena el primer hotel de ciudad en Europa, de importante cadena espa\u00f1ola<\/strong><\/em><\/li>\n<li><strong>Enterprise Holdings<\/strong><em><strong> recibi\u00f3 dos m\u00e1ximos honores en la gala de los premios <\/strong><\/em><strong>2015 Travvy Awards<\/strong><em><strong>, presentados por <\/strong><\/em><strong>TravAlliancemedia<\/strong><\/li>\n<li><em><strong>La promoci\u00f3n de la industria de la moda forma parte de los atractivos de la ciudad de M\u00e9xico, dice Miguel Torruco<\/strong><\/em><\/li>\n<\/ul>\n<p>Alrededor de 600 asesores de viajes y proveedores de lujo se reunir\u00e1n durante el Foro de Apertura, que dar\u00e1 inicio formal a la cuarta edici\u00f3n de\u00a0<em>ILTM Americas<\/em>\u00a0en el <em>Fairmont Mayakoba<\/em>\u00a0el 28 de septiembre. Los l\u00edderes y expertos de la industria hablar\u00e1n sobre el futuro\u00a0del turismo de lujo y las estrategias para cautivar a este mercado tan exigente.<\/p>\n<p>La primera intervenci\u00f3n, <strong><em>\u201cTomorrow\u00b4s world\u201d<\/em><\/strong><strong><em>,\u00a0<\/em><\/strong>estar\u00e1 a cargo del urbanista\u00a0<strong>Greg Lindsay<\/strong>, colaborador\u00a0de\u00a0<em>Fast Company<\/em>,\u00a0autor del libro\u00a0<em>Engineering Serendipity<\/em> y coautor de <em>Aerotr\u00f3polis<\/em>. <strong>Greg<\/strong> hablar\u00e1 sobre los viajeros del ma\u00f1ana y su af\u00e1n por encontrar verdaderas experiencias urbanas de lujo, as\u00ed\u00a0como la manera en que los asesores de viajes\u00a0puedan aprovechar esta oportunidad.<\/p>\n<p>Posteriormente,<strong>\u00a0<\/strong><strong>Alex Banayan<\/strong>, considerado el inversionista de capital de riesgo m\u00e1s joven, seg\u00fan la revista <em>Fortune,<\/em> nombrado en la lista \u201c<em>30 Under 30<\/em>\u201d de <em>Forbes<\/em> y el autor m\u00e1s joven en tener un libro en <em>Crown Publishers,<\/em> compartir\u00e1 su visi\u00f3n acerca de lo que hace que algunos de los l\u00edderes m\u00e1s inspiradores, como <strong>Bill Gates<\/strong>, <strong>Lady Gaga<\/strong> y <strong>Warren Buffet<\/strong>, sean exitosos en su pl\u00e1tica <strong><em>\u201cSuccess, the next stage\u201d.<\/em><\/strong><\/p>\n<p>El cierre estar\u00e1 a cargo de <strong>Tom Marchant<\/strong>, co-fundador de <em>Black Tomato<\/em>, una de las empresas l\u00edderes\u00a0a nivel mundial en crear experiencias \u00fanicas con contenido inspirador, que la ha llevado a ser parte de la lista <em>Cool Brands <\/em>durante 2012 y 2013. En <strong><em>\u201cBuilding a business through storytelling\u201d<\/em><\/strong><strong><em>,<\/em><\/strong> <strong>Marchant<\/strong> se enfocar\u00e1 en\u00a0c\u00f3mo el contenido y las historias pueden cautivar al consumidor e incentivar el crecimiento de los negocios de los asesores de viaje.<\/p>\n<p>Adem\u00e1s de estas presentaciones, el esquema de agendas personalizadas continuar\u00e1 para que los 270 proveedores tengan la oportunidad de reunirse con los 270 compradores para cerrar negocios y crear experiencias \u00fanicas que les generen valor a cada uno de los clientes.<\/p>\n<p><strong>Simon Mayle<\/strong>, director de eventos de ILTM, afirma: \u201c<em>Estamos muy contentos con las personalidades que nos acompa\u00f1ar\u00e1n en esta edici\u00f3n. ILTM siempre se preocupa por ofrecer un programa que combine la inspiraci\u00f3n con la pr\u00e1ctica y cada ponente hablar\u00e1 de su visi\u00f3n del futuro de los viajes de lujo en este mundo tan cambiante<\/em><em>\u201d.<\/em><\/p>\n<p>\u2730\u2730\u2730\u2730\u2730 Berl\u00edn, Alemania, estrena el primer <strong>Riu Plaza<\/strong> en Europa. El inmueble cuenta con una excelente ubicaci\u00f3n en <em>Ku\u2019Damm<\/em>, una de las avenidas m\u00e1s famosas de Berl\u00edn, cerca de las principales embajadas del mundo y a tan s\u00f3lo 350 metros de <em>KaDeWe (Kaufhaus des Westens),<\/em> el centro comercial m\u00e1s famoso de Alemania por su gran variedad de art\u00edculos de lujo y gastronom\u00eda.<\/p>\n<p>Con la apertura de este hotel de <strong>4 estrellas<\/strong><strong>,<\/strong> la cadena hotelera extiende su l\u00ednea urbana al continente europeo tras la consolidaci\u00f3n de los hoteles en la ciudad de Panam\u00e1, Guadalajara, M\u00e9xico y el de Miami Beach, USA.<\/p>\n<p>El hotel, cuyo edificio se caracteriza por una fachada moderna de 17 pisos de altura, ofrecer\u00e1 <strong>357 habitaciones<\/strong> distribuidas en habitaciones dobles y suites. En el apartado gastron\u00f3mico, brindar\u00e1 desayuno buffet, restaurante a la carta,\u00a0\u00a0 <em>lobby bar<\/em> y un \u00e1rea de <em>snacks<\/em> para llevar, abierta las 24 horas.\u00a0Seis salas de conferencias y reuniones con capacidad total para <strong>840\u00a0personas<\/strong>, flexibles y adaptables a las necesidades de cada cliente.<\/p>\n<p>La ciudad de Berl\u00edn, capital de Alemania, es una de las ciudades m\u00e1s influyentes en el \u00e1mbito pol\u00edtico de la Uni\u00f3n Europea. El Berl\u00edn de hoy es una urbe moderna, caracterizada por sus anchas avenidas, sus palacios de estilo prusiano, sus museos y su activa vida cultural, lo que la convierten en una ciudad cautivante para todos los turistas que la visitan a\u00f1o tras a\u00f1o.<\/p>\n<div id=\"attachment_235405\" style=\"width: 250px\" class=\"wp-caption alignleft\"><a href=\"http:\/\/www.diarioimagen.net\/?attachment_id=235405\" rel=\"attachment wp-att-235405\"><img loading=\"lazy\" decoding=\"async\" aria-describedby=\"caption-attachment-235405\" class=\"size-medium wp-image-235405\" src=\"http:\/\/www.diarioimagen.net\/wp-content\/uploads\/2015\/09\/turismo-2702-240x135.jpg\" alt=\"La arrendadora, galardonada con dos premios.\" width=\"240\" height=\"135\" srcset=\"https:\/\/www.diarioimagen.net\/wp-content\/uploads\/2015\/09\/turismo-2702-240x135.jpg 240w, https:\/\/www.diarioimagen.net\/wp-content\/uploads\/2015\/09\/turismo-2702-420x236.jpg 420w, https:\/\/www.diarioimagen.net\/wp-content\/uploads\/2015\/09\/turismo-2702-235x132.jpg 235w, https:\/\/www.diarioimagen.net\/wp-content\/uploads\/2015\/09\/turismo-2702-202x114.jpg 202w, https:\/\/www.diarioimagen.net\/wp-content\/uploads\/2015\/09\/turismo-2702-350x196.jpg 350w, https:\/\/www.diarioimagen.net\/wp-content\/uploads\/2015\/09\/turismo-2702-220x123.jpg 220w, https:\/\/www.diarioimagen.net\/wp-content\/uploads\/2015\/09\/turismo-2702-237x132.jpg 237w, https:\/\/www.diarioimagen.net\/wp-content\/uploads\/2015\/09\/turismo-2702.jpg 480w\" sizes=\"auto, (max-width: 240px) 100vw, 240px\" \/><\/a><p id=\"caption-attachment-235405\" class=\"wp-caption-text\">La arrendadora, galardonada con dos premios.<\/p><\/div>\n<p>\u2730\u2730\u2730\u2730\u2730 <em>Enterprise Holdings,<\/em> empresa propietaria y operadora de las marcas: <em>Rent-A-Car, National Car Rental y Alamo Rent A Car <\/em>recibi\u00f3 dos m\u00e1ximos honores en la gala de los premios <em>2015 Travvy Awards<\/em>, presentados por <em>TravAlliancemedia. <\/em>Adem\u00e1s de ser nombrada la mejor empresa dom\u00e9stica de alquiler de veh\u00edculos &#8211;<em>Best Domestic Car Rental Company<\/em>, tambi\u00e9n fue honrada cuando el jefe de estrategia y vicepresidente ejecutivo, <strong>Greg Stubblefield,<\/strong> recibi\u00f3 el premio para el ejecutivo m\u00e1s innovador de la industria de alquiler de veh\u00edculos <em>Most Innovative Car Rental Executive Award<\/em>.<\/p>\n<p>Los premios <em>Travvy<\/em> reconocen a las compa\u00f1\u00edas, productos, organismos y oficinas de viajes y turismo que simbolizan los m\u00e1s altos est\u00e1ndares de excelencia.\u00a0 Los beneficiarios son seleccionados en base a un proceso de evaluaci\u00f3n riguroso que garantiza que los mejores de los mejores en la industria son reconocidos por sus logros.<\/p>\n<p>La posici\u00f3n de liderazgo de <em>Enterprise Holdings<\/em> en la industria del alquiler de veh\u00edculos de los Estados Unidos est\u00e1 bien documentada, ya que opera significativamente m\u00e1s veh\u00edculos que el resto de las empresas de alquiler de veh\u00edculos de Estados Unidos combinadas. Adem\u00e1s, <em>Rent-A-Car<\/em> fue la marca de alquiler de veh\u00edculos con el ranking m\u00e1s alto en la satisfacci\u00f3n del cliente en el <em>D.J. Power 2014<\/em> <em>North American Rental Car Satisfaction Study<\/em>. \u00a0La marca recibi\u00f3 las notas m\u00e1s altas por novena vez en los \u00faltimos 11 a\u00f1os, sobresaliendo en los seis factores considerados: costos y tarifas; proceso de recogida del auto; proceso de retorno; proceso de reserva y servicio de autob\u00fas\/van.\u00a0<em>National <\/em>ocup\u00f3 el segundo lugar en el estudio anual, seguida de <em>Alamo <\/em>(empatando por en el tercer puesto), con las tres marcas una vez m\u00e1s acabando por encima del promedio del sector.<\/p>\n<p>El diverso portafolio de marcas de <em>Enterprise Holdings<\/em> tambi\u00e9n cuenta con la mayor cuota de mercado en los aeropuertos estadounidenses. \u00a0Adem\u00e1s, su red de alquiler de veh\u00edculos opera m\u00e1s de 6 mil oficinas con personal completo en Estados Unidos \u2013casi un 70% m\u00e1s que su competidor m\u00e1s cercano\u2013, ubicadas dentro de 15 millas del 90% de la poblaci\u00f3n estadounidense, y refleja el enfoque a largo plazo de la compa\u00f1\u00eda de ofrecer opciones de transporte local sostenible, incluyendo servicios de compartir autos y camionetas.<\/p>\n<p>\u201cRecibir no s\u00f3lo uno, sino dos Premios <em>Travvy<\/em> es testimonio de nuestro alto nivel de servicio al cliente y nuestro enfoque disciplinado a largo plazo en la gesti\u00f3n de nuestros negocios, tanto en aeropuertos como en miles de barrios locales\u201d, dijo <strong>Pam Nicholson<\/strong>, presidente y director general de la compa\u00f1\u00eda.<\/p>\n<p>\u2730\u2730\u2730\u2730\u2730 La promoci\u00f3n de la industria de la moda forma parte de los atractivos de la ciudad de M\u00e9xico, contribuye a diversificar la oferta, motiva la llegada de m\u00e1s visitantes y satisface los requerimientos de un turista cada vez m\u00e1s exigente, afirm\u00f3 el secretario de Turismo del Distrito Federal, <strong>Miguel Torruco<\/strong>.<\/p>\n<p>Al acudir a la inauguraci\u00f3n de la quinta edici\u00f3n de \u201c<em>Vogue Fashion\u2019s Night Out<\/em>\u201d, en Polanco, el funcionario coment\u00f3 que la avenida Masaryk es el escenario para la celebraci\u00f3n de esta fiesta de la moda y las compras, que tuvo su origen en 2009 a iniciativa de Vogue Estados Unidos, <em>Council Fashion Designers of America <\/em>y la ciudad de Nueva York.<\/p>\n<p>El titular de Turismo capitalino se\u00f1al\u00f3: \u201ces un honor participar en la presentaci\u00f3n de esta edici\u00f3n. La moda es un gran polo de atracci\u00f3n en cualquier parte del mundo, que fomenta no s\u00f3lo el negocio directamente relacionado con la confecci\u00f3n, dise\u00f1o e industria textil, sino tambi\u00e9n la actividad tur\u00edstica de un destino.<\/p>\n<p><strong>Torruco Marqu\u00e9s<\/strong> dijo que \u201c<em>Vogue Fashion\u2019s Night Ou<\/em>t\u201d, se realiza simult\u00e1neamente en 21 pa\u00edses y es una experiencia positiva para visitantes, turistas y habitantes de esta megaurbe, quienes podr\u00e1n disfrutar de conciertos, exposiciones, DJ\u2019s, stands para maquillaje y para tomarse foto como estrella, barras de comida gourmet, venta de libros y revistas, entre otras actividades programadas. Adem\u00e1s, se\u00f1al\u00f3 que este significativo evento representa una oportunidad para seguir proyectando tur\u00edsticamente a la metr\u00f3poli y la fortalece como el mejor destino de M\u00e9xico y Am\u00e9rica Latina.<\/p>\n<p><em><i><a href=\"mailto:victoriagprado@gmail.com\" target=\"_blank\">victoriagprado@gmail.com<\/a><\/i><\/em><\/p>\n","protected":false},"excerpt":{"rendered":"<p>Alrededor de 600 asesores de viajes y proveedores de lujo se reunir\u00e1n durante el Foro de Apertura, que dar\u00e1 inicio formal a la cuarta edici\u00f3n de <em>ILTM Americas<\/em> en el <em>Fairmont Mayakoba<\/em> el 28 de septiembre. Los l\u00edderes y expertos de la industria hablar\u00e1n sobre el futuro del turismo de lujo y las estrategias para cautivar a este mercado tan exigente.<\/p>\n","protected":false},"author":3,"featured_media":235405,"comment_status":"open","ping_status":"open","sticky":false,"template":"","format":"standard","meta":{"_monsterinsights_skip_tracking":false,"_monsterinsights_sitenote_active":false,"_monsterinsights_sitenote_note":"","_monsterinsights_sitenote_category":0,"footnotes":""},"categories":[11],"tags":[107,43674,43681,106],"class_list":["post-235355","post","type-post","status-publish","format-standard","has-post-thumbnail","hentry","category-turismo","tag-de-cinco-estrellas","tag-opinion","tag-turismo","tag-victoria-gonzalez-prado"],"_links":{"self":[{"href":"https:\/\/www.diarioimagen.net\/index.php?rest_route=\/wp\/v2\/posts\/235355","targetHints":{"allow":["GET"]}}],"collection":[{"href":"https:\/\/www.diarioimagen.net\/index.php?rest_route=\/wp\/v2\/posts"}],"about":[{"href":"https:\/\/www.diarioimagen.net\/index.php?rest_route=\/wp\/v2\/types\/post"}],"author":[{"embeddable":true,"href":"https:\/\/www.diarioimagen.net\/index.php?rest_route=\/wp\/v2\/users\/3"}],"replies":[{"embeddable":true,"href":"https:\/\/www.diarioimagen.net\/index.php?rest_route=%2Fwp%2Fv2%2Fcomments&post=235355"}],"version-history":[{"count":0,"href":"https:\/\/www.diarioimagen.net\/index.php?rest_route=\/wp\/v2\/posts\/235355\/revisions"}],"wp:featuredmedia":[{"embeddable":true,"href":"https:\/\/www.diarioimagen.net\/index.php?rest_route=\/wp\/v2\/media\/235405"}],"wp:attachment":[{"href":"https:\/\/www.diarioimagen.net\/index.php?rest_route=%2Fwp%2Fv2%2Fmedia&parent=235355"}],"wp:term":[{"taxonomy":"category","embeddable":true,"href":"https:\/\/www.diarioimagen.net\/index.php?rest_route=%2Fwp%2Fv2%2Fcategories&post=235355"},{"taxonomy":"post_tag","embeddable":true,"href":"https:\/\/www.diarioimagen.net\/index.php?rest_route=%2Fwp%2Fv2%2Ftags&post=235355"}],"curies":[{"name":"wp","href":"https:\/\/api.w.org\/{rel}","templated":true}]}}