{"id":235624,"date":"2015-09-24T00:07:36","date_gmt":"2015-09-24T05:07:36","guid":{"rendered":"http:\/\/www.diarioimagen.net\/?p=235624"},"modified":"2015-09-25T02:31:02","modified_gmt":"2015-09-25T07:31:02","slug":"rinde-eruviel-avila-villegas-su-4o-informe-de-gobierno","status":"publish","type":"post","link":"https:\/\/www.diarioimagen.net\/?p=235624","title":{"rendered":"Rinde Eruviel \u00c1vila Villegas su 4o Informe de Gobierno"},"content":{"rendered":"<ul>\n<li><strong><em>2016 ser\u00e1 el a\u00f1o de la infraestructura en el Estado de M\u00e9xico, dice<\/em><\/strong><\/li>\n<\/ul>\n<h6>Jos\u00e9 Luis Monta\u00f1ez<\/h6>\n<p>&nbsp;<\/p>\n<div id=\"attachment_235711\" style=\"width: 250px\" class=\"wp-caption alignleft\"><a href=\"http:\/\/www.diarioimagen.net\/?attachment_id=235711\" rel=\"attachment wp-att-235711\"><img loading=\"lazy\" decoding=\"async\" aria-describedby=\"caption-attachment-235711\" class=\"size-medium wp-image-235711\" src=\"http:\/\/www.diarioimagen.net\/wp-content\/uploads\/2015\/09\/manzur-2704-240x135.jpg\" alt=\"El secretario de Gobierno, Jos\u00e9 Manzur Quiroga entreg\u00f3 el Cuarto Informe de Resultados del gobernador Eruviel \u00c1vila Villegas a la LIX Legislatura del Estado de M\u00e9xico.\" width=\"240\" height=\"135\" srcset=\"https:\/\/www.diarioimagen.net\/wp-content\/uploads\/2015\/09\/manzur-2704-240x135.jpg 240w, https:\/\/www.diarioimagen.net\/wp-content\/uploads\/2015\/09\/manzur-2704-420x236.jpg 420w, https:\/\/www.diarioimagen.net\/wp-content\/uploads\/2015\/09\/manzur-2704-480x270.jpg 480w, https:\/\/www.diarioimagen.net\/wp-content\/uploads\/2015\/09\/manzur-2704-235x132.jpg 235w, https:\/\/www.diarioimagen.net\/wp-content\/uploads\/2015\/09\/manzur-2704-202x114.jpg 202w, https:\/\/www.diarioimagen.net\/wp-content\/uploads\/2015\/09\/manzur-2704-350x196.jpg 350w, https:\/\/www.diarioimagen.net\/wp-content\/uploads\/2015\/09\/manzur-2704-220x123.jpg 220w, https:\/\/www.diarioimagen.net\/wp-content\/uploads\/2015\/09\/manzur-2704-237x132.jpg 237w, https:\/\/www.diarioimagen.net\/wp-content\/uploads\/2015\/09\/manzur-2704.jpg 1200w\" sizes=\"auto, (max-width: 240px) 100vw, 240px\" \/><\/a><p id=\"caption-attachment-235711\" class=\"wp-caption-text\">El secretario de Gobierno, Jos\u00e9 Manzur Quiroga entreg\u00f3 el Cuarto Informe de Resultados del gobernador Eruviel \u00c1vila Villegas a la LIX Legislatura del Estado de M\u00e9xico.<\/p><\/div>\n<p><strong>Cuautitl\u00e1n Izcalli, Estado de M\u00e9xico.<\/strong>&#8211; El gobernador Eruviel \u00c1vila inform\u00f3 que en el Estado de M\u00e9xico avanzan grandes proyectos de infraestructura vial como la construcci\u00f3n de la autopista La Marquesa-Toluca; la construcci\u00f3n de la l\u00ednea 4 del Mexib\u00fas y del Mexicable, primer telef\u00e9rico utilizado como transporte p\u00fablico en el pa\u00eds que se localizar\u00e1 en la Sierra de Guadalupe en Ecatepec; el nuevo aeropuerto internacional de M\u00e9xico, y el tren interurbano M\u00e9xico-Toluca, entre otros, con el prop\u00f3sito de mejorar la movilidad de los mexiquenses, proteger el medio ambiente, fomentar la competitividad y ahorrar tiempo y dinero en traslados.<\/p>\n<p>\u201cUn estado grande como lo es Estado de M\u00e9xico, requiere de infraestructura que est\u00e9 a la altura de su gente. Y est\u00e1n en proceso grandes\u00bb proyectos. Estos proyectos est\u00e1n enfocados a mejorar la movilidad de los mexiquenses\u00bb, asegur\u00f3 el mandatario.<\/p>\n<p style=\"text-align: center;\"><strong>Infraestructura, programas innovadores e impulso a la educaci\u00f3n digital<\/strong><\/p>\n<p>Con m\u00e1s y mejor infraestructura educativa; proporcionando mejores herramientas a los alumnos e impulsando la educaci\u00f3n digital; con capacitaci\u00f3n permanente a los docentes; fomentando la sana competencia y estimulando a los alumnos de excelencia, el gobierno que encabeza Eruviel \u00c1vila Villegas trabaja para tener nuevas generaciones de estudiantes mexiquenses que sean de ni\u00f1os y j\u00f3venes triunfadores.<\/p>\n<p>As\u00ed lo destac\u00f3 el mandatario mexiquense con motivo de su Cuarto Informe de Resultados, donde destac\u00f3 que con el trabajo de estos cuatro a\u00f1os ha sido posible reducir los \u00edndices de reprobaci\u00f3n en primaria y secundaria.<\/p>\n<p>\u201cSiempre lo he dicho: en la educaci\u00f3n no se gasta, en la educaci\u00f3n se invierte. Y \u00bfCu\u00e1l es la meta?, que nuestros hijos, nuestros j\u00f3venes lleguen tan lejos como ellos se lo propongan. Hay que so\u00f1ar para triunfar. Y las nuevas generaciones de estudiantes mexiquenses, son generaciones de triunfadores\u201d.<\/p>\n<p style=\"text-align: center;\"><strong>Empoderar a las mujeres mexiquenses es una agenda impostergable<\/strong><\/p>\n<p>En la entidad se trabaja para que las mujeres tengan una mejor calidad de vida, un reconocimiento absoluto a sus derechos y no se permitir\u00e1 que nadie se aproveche, ni las utilice como bot\u00edn pol\u00edtico, afirm\u00f3 \u00c1vila Villegas.<\/p>\n<p>\u201cEstoy convencido de que empoderar a las mujeres es una agenda impostergable, porque empoderarlas significa darles las oportunidades para que sean libres de elegir, de tomar las riendas de su vida y encuentren un camino para desarrollar todo su potencial\u201d, se\u00f1al\u00f3.<\/p>\n<p>Eruviel \u00c1vila coment\u00f3 que desde el inicio de la presente administraci\u00f3n se ha trabajado para proteger permanentemente los derechos de las mujeres, particularmente el de vivir sin violencia.<\/p>\n<p style=\"text-align: center;\"><strong>Servicios de salud brindados en 4 a\u00f1os, equivalen\u00a0 a atender a todo Brasil<\/strong><\/p>\n<p>Con m\u00e1s de 200 millones 400 mil servicios de salud en cuatro a\u00f1os, entre consultas, aplicaci\u00f3n de vacunas y realizaci\u00f3n de estudios de laboratorio y gabinete, as\u00ed como la creaci\u00f3n de 89 unidades m\u00e9dicas especializadas, el Estado de M\u00e9xico se consolida como la entidad con el sistema de salud m\u00e1s grande del pa\u00eds, afirm\u00f3 el gobernador.<\/p>\n<p>\u201cLa suma de estas acciones es de m\u00e1s de 200 millones de servicios, cifra que significar\u00eda pr\u00e1cticamente atender a toda la poblaci\u00f3n de Brasil\u201d.<\/p>\n<p>&nbsp;<\/p>\n","protected":false},"excerpt":{"rendered":"<p><span style=\"color: #005497;\">Jos\u00e9 Luis Monta\u00f1ez<\/span><br \/>\n<br \/>\nEl gobernador Eruviel \u00c1vila inform\u00f3 que en el Estado de M\u00e9xico avanzan grandes proyectos de infraestructura vial como la construcci\u00f3n de la autopista La Marquesa-Toluca; la construcci\u00f3n de la l\u00ednea 4 del Mexib\u00fas y del Mexicable, primer telef\u00e9rico utilizado como transporte p\u00fablico en el pa\u00eds que se localizar\u00e1 en la Sierra de Guadalupe en Ecatepec; el nuevo aeropuerto internacional de M\u00e9xico, y el tren interurbano M\u00e9xico-Toluca, entre otros, con el prop\u00f3sito de mejorar la movilidad de los mexiquenses, proteger el medio ambiente, fomentar la competitividad y ahorrar tiempo y dinero en traslados.<\/p>\n","protected":false},"author":3,"featured_media":235711,"comment_status":"open","ping_status":"open","sticky":false,"template":"","format":"standard","meta":{"_monsterinsights_skip_tracking":false,"_monsterinsights_sitenote_active":false,"_monsterinsights_sitenote_note":"","_monsterinsights_sitenote_category":0,"footnotes":""},"categories":[11622],"tags":[11678,971,5828,43675],"class_list":["post-235624","post","type-post","status-publish","format-standard","has-post-thumbnail","hentry","category-jose-luis-montanez-aguilar","tag-cuarto-informe-de-gobierno","tag-cuautitlan-izcalli","tag-eruviel-avila-villegas","tag-estado-de-mexico"],"_links":{"self":[{"href":"https:\/\/www.diarioimagen.net\/index.php?rest_route=\/wp\/v2\/posts\/235624","targetHints":{"allow":["GET"]}}],"collection":[{"href":"https:\/\/www.diarioimagen.net\/index.php?rest_route=\/wp\/v2\/posts"}],"about":[{"href":"https:\/\/www.diarioimagen.net\/index.php?rest_route=\/wp\/v2\/types\/post"}],"author":[{"embeddable":true,"href":"https:\/\/www.diarioimagen.net\/index.php?rest_route=\/wp\/v2\/users\/3"}],"replies":[{"embeddable":true,"href":"https:\/\/www.diarioimagen.net\/index.php?rest_route=%2Fwp%2Fv2%2Fcomments&post=235624"}],"version-history":[{"count":0,"href":"https:\/\/www.diarioimagen.net\/index.php?rest_route=\/wp\/v2\/posts\/235624\/revisions"}],"wp:featuredmedia":[{"embeddable":true,"href":"https:\/\/www.diarioimagen.net\/index.php?rest_route=\/wp\/v2\/media\/235711"}],"wp:attachment":[{"href":"https:\/\/www.diarioimagen.net\/index.php?rest_route=%2Fwp%2Fv2%2Fmedia&parent=235624"}],"wp:term":[{"taxonomy":"category","embeddable":true,"href":"https:\/\/www.diarioimagen.net\/index.php?rest_route=%2Fwp%2Fv2%2Fcategories&post=235624"},{"taxonomy":"post_tag","embeddable":true,"href":"https:\/\/www.diarioimagen.net\/index.php?rest_route=%2Fwp%2Fv2%2Ftags&post=235624"}],"curies":[{"name":"wp","href":"https:\/\/api.w.org\/{rel}","templated":true}]}}