{"id":235626,"date":"2015-09-24T00:13:11","date_gmt":"2015-09-24T05:13:11","guid":{"rendered":"http:\/\/www.diarioimagen.net\/?p=235626"},"modified":"2015-09-24T05:52:34","modified_gmt":"2015-09-24T10:52:34","slug":"es-tiempo-de-escuchar-a-la-gente","status":"publish","type":"post","link":"https:\/\/www.diarioimagen.net\/?p=235626","title":{"rendered":"Es tiempo de escuchar a la gente"},"content":{"rendered":"<h2>Arco Norte<\/h2>\n<h5>Jos\u00e9 Luis Monta\u00f1ez Aguilar<\/h5>\n<p>&nbsp;<\/p>\n<div id=\"attachment_235718\" style=\"width: 430px\" class=\"wp-caption aligncenter\"><a href=\"http:\/\/www.diarioimagen.net\/?attachment_id=235718\" rel=\"attachment wp-att-235718\"><img loading=\"lazy\" decoding=\"async\" aria-describedby=\"caption-attachment-235718\" class=\"size-large wp-image-235718\" src=\"http:\/\/www.diarioimagen.net\/wp-content\/uploads\/2015\/09\/arco-2704-420x280.jpg\" alt=\"Eruviel \u00c1vila - &quot;Presentando mi 4to Informe de Gobierno&quot;.\" width=\"420\" height=\"280\" srcset=\"https:\/\/www.diarioimagen.net\/wp-content\/uploads\/2015\/09\/arco-2704-420x280.jpg 420w, https:\/\/www.diarioimagen.net\/wp-content\/uploads\/2015\/09\/arco-2704-240x160.jpg 240w, https:\/\/www.diarioimagen.net\/wp-content\/uploads\/2015\/09\/arco-2704.jpg 1200w\" sizes=\"auto, (max-width: 420px) 100vw, 420px\" \/><\/a><p id=\"caption-attachment-235718\" class=\"wp-caption-text\">Eruviel \u00c1vila &#8211; \u00abPresentando mi 4to Informe de Gobierno\u00bb.<\/p><\/div>\n<p>El gobernador Eruviel \u00c1vila consider\u00f3 que si todos nos unimos y avanzamos en el mismo sentido, tendremos muchas posibilidades de acercarnos a lo que siempre hemos querido ser: un pa\u00eds que ponga el ejemplo a los dem\u00e1s de c\u00f3mo se hacen las cosas bien, porque tenemos las ganas, fuerzas, recursos y creatividad para lograrlo.<\/p>\n<p>\u201cM\u00e9xico es una gran familia, nuestro pa\u00eds necesita que todos trabajemos unidos con la misma entrega y con la misma pasi\u00f3n para salir adelante. La divisi\u00f3n es ganancia de quienes tienen un proyecto personal y no un proyecto que beneficie a todos\u201d, dijo.<\/p>\n<p>Durante su Cuarto Informe de Resultados, Eruviel \u00c1vila sostuvo que es el tiempo de la unidad, pero sobre todo el tiempo de escuchar a la gente y dar ejemplo de que es posible ponerse de acuerdo. Por ello, expres\u00f3 que en el Estado de M\u00e9xico se trabaja de la mano del presidente Enrique Pe\u00f1a Nieto, que se ha decidido a transformar al pa\u00eds y hoy se empiezan a ver los primeros resultados.<\/p>\n<p>Y tambi\u00e9n se ha hecho equipo y se seguir\u00e1 haciendo con los secretarios del gabinete federal, con los legisladores federales y locales, presidentes municipales, empresarios, instituciones educativas y religiosas, porque sumando esfuerzos se multiplican resultados. Eruviel \u00c1vila asegur\u00f3 que en el Estado de M\u00e9xico se entiende que primero est\u00e1 la gente.<\/p>\n<p>\u201cSabemos que hay que escuchar, que hay que so\u00f1ar para triunfar, construir para crecer y unir para ganar\u201d, expres\u00f3.<\/p>\n<p>En el Cuarto Informe de Resultados dio a conocer que se han cumplido 5 mil 247 compromisos de los 6 mil que firm\u00f3, que representa el 87 por ciento y dio cuenta de las principales acciones que se han realizado en obras y movilidad, salud, educaci\u00f3n y desarrollo econ\u00f3mico, entre otros.<\/p>\n<p><em><a href=\"mailto:montanezaguilar@gmail.com\" target=\"_blank\">montanezaguilar@gmail.com<\/a><\/em><\/p>\n","protected":false},"excerpt":{"rendered":"<p><span style=\"color: #005497;\">Jos\u00e9 Luis Monta\u00f1ez Aguilar<\/span><br \/>\n<br \/>\nEl gobernador Eruviel \u00c1vila consider\u00f3 que si todos nos unimos y avanzamos en el mismo sentido, tendremos muchas posibilidades de acercarnos a lo que siempre hemos querido ser: un pa\u00eds que ponga el ejemplo a los dem\u00e1s de c\u00f3mo se hacen las cosas bien, porque tenemos las ganas, fuerzas, recursos y creatividad para lograrlo. <\/p>\n","protected":false},"author":3,"featured_media":235718,"comment_status":"open","ping_status":"open","sticky":false,"template":"","format":"standard","meta":{"_monsterinsights_skip_tracking":false,"_monsterinsights_sitenote_active":false,"_monsterinsights_sitenote_note":"","_monsterinsights_sitenote_category":0,"footnotes":""},"categories":[5],"tags":[13284,43704,43674],"class_list":["post-235626","post","type-post","status-publish","format-standard","has-post-thumbnail","hentry","category-estado-de-mexico","tag-arco-norte","tag-jose-luis-montanez-aguilar","tag-opinion"],"_links":{"self":[{"href":"https:\/\/www.diarioimagen.net\/index.php?rest_route=\/wp\/v2\/posts\/235626","targetHints":{"allow":["GET"]}}],"collection":[{"href":"https:\/\/www.diarioimagen.net\/index.php?rest_route=\/wp\/v2\/posts"}],"about":[{"href":"https:\/\/www.diarioimagen.net\/index.php?rest_route=\/wp\/v2\/types\/post"}],"author":[{"embeddable":true,"href":"https:\/\/www.diarioimagen.net\/index.php?rest_route=\/wp\/v2\/users\/3"}],"replies":[{"embeddable":true,"href":"https:\/\/www.diarioimagen.net\/index.php?rest_route=%2Fwp%2Fv2%2Fcomments&post=235626"}],"version-history":[{"count":0,"href":"https:\/\/www.diarioimagen.net\/index.php?rest_route=\/wp\/v2\/posts\/235626\/revisions"}],"wp:featuredmedia":[{"embeddable":true,"href":"https:\/\/www.diarioimagen.net\/index.php?rest_route=\/wp\/v2\/media\/235718"}],"wp:attachment":[{"href":"https:\/\/www.diarioimagen.net\/index.php?rest_route=%2Fwp%2Fv2%2Fmedia&parent=235626"}],"wp:term":[{"taxonomy":"category","embeddable":true,"href":"https:\/\/www.diarioimagen.net\/index.php?rest_route=%2Fwp%2Fv2%2Fcategories&post=235626"},{"taxonomy":"post_tag","embeddable":true,"href":"https:\/\/www.diarioimagen.net\/index.php?rest_route=%2Fwp%2Fv2%2Ftags&post=235626"}],"curies":[{"name":"wp","href":"https:\/\/api.w.org\/{rel}","templated":true}]}}