{"id":235862,"date":"2015-09-25T00:04:38","date_gmt":"2015-09-25T05:04:38","guid":{"rendered":"http:\/\/www.diarioimagen.net\/?p=235862"},"modified":"2015-09-25T03:03:26","modified_gmt":"2015-09-25T08:03:26","slug":"fiscalia-especial-para-ayotzinapos","status":"publish","type":"post","link":"https:\/\/www.diarioimagen.net\/?p=235862","title":{"rendered":"Fiscal\u00eda especial para ayotzinapos"},"content":{"rendered":"<h2>El Infierno de Dante<\/h2>\n<h5>Dante Lim\u00f3n<\/h5>\n<p>&nbsp;<\/p>\n<p><strong>PURGATORIO: <\/strong>Tras la reuni\u00f3n de Enrique Pe\u00f1a Nieto\u00a0con los padres de los normalistas, el vocero de la Presidencia, Eduardo S\u00e1nchez,\u00a0anunci\u00f3 que el presidente gir\u00f3 instrucciones a la\u00a0Procuradur\u00eda General de la Rep\u00fablica para la creaci\u00f3n de una fiscal\u00eda especializada para personas desaparecidas.<\/p>\n<p>Sin embargo, a pregunta expresa, Eduardo S\u00e1nchez no dio detalles sobre si esta dependencia tendr\u00eda supervisi\u00f3n o acompa\u00f1amiento de organismos internacionales como la Organizaci\u00f3n de Naciones Unidas.<\/p>\n<p>En conferencia de prensa, el funcionario federal se\u00f1al\u00f3 que como resultado del encuentro realizado este mi\u00e9rcoles el jefe del Ejecutivo dio instrucciones a la\u00a0Secretar\u00eda de Gobernaci\u00f3n, a la\u00a0Procuradur\u00eda General de la Rep\u00fablica\u00a0y a la\u00a0Secretar\u00eda de Relaciones Exteriores\u00a0analizar las ocho peticiones que hicieron los familiares de los desaparecidos al Presidente.<\/p>\n<p><strong>PARAISO: <\/strong>Y, como todo les parece poco o nada, los padres de los ayotzinapos cada vez quieren m\u00e1s esc\u00e1ndalo mundial, para llevar agua a su molino y ganancias a costa de industrializar los cad\u00e1veres de sus hijos.<\/p>\n<p>\u201cEn esta t\u00f3nica, dado que ser\u00e1 orador en la Asamblea General la Organizaci\u00f3n de las Naciones Unidas, le pedimos que en el discurso que dar\u00e1 en esa ocasi\u00f3n reconozca la legitimidad de nuestra lucha, la convicci\u00f3n del Estado mexicano para acatar el informe presentado por el GIEI y su disposici\u00f3n para profundizar la cooperaci\u00f3n internacional en el fortalecimiento del estado de Derecho.<\/p>\n<p>Presidente: \u201cNo confiamos en sus instituciones y en su gobierno, que dolosamente buscaron enga\u00f1arnos, pero el anhelo de abrazar nuevamente a nuestros hijos hoy nos hace estar aqu\u00ed para exigirle una vez m\u00e1s que los encuentre, que los encuentre ya. Mientras que no conozcamos con pruebas irrefutables el paradero de nuestros hijos; mientras las v\u00edctimas no seamos tratadas con dignidad; mientras los asesinos no sean detenidos y castigados; mientras los narcopol\u00edticos sigan gobernando; mientras no haya verdad, nuestra leg\u00edtima b\u00fasqueda de justicia marcar\u00e1 su administraci\u00f3n y a su nombre se asociar\u00e1 el de Ayotzinapa como s\u00edmbolo de la impunidad y la corrupci\u00f3n que reina en el pa\u00eds. Mientras no sepamos d\u00f3nde est\u00e1n nuestros hijos, nuestro grito seguir\u00e1 resonando en todo el pa\u00eds\u201d.<\/p>\n<p><strong>INFIERNO:<\/strong> La LIX Legislatura del Estado de M\u00e9xico, a trav\u00e9s de su Junta de Coordinaci\u00f3n Pol\u00edtica que preside Cruz Juvenal Roa S\u00e1nchez, recibi\u00f3 el Informe de Resultados de las Cuentas P\u00fablicas del Estado y Municipios correspondientes al ejercicio fiscal 2014 por parte del auditor superior, Fernando Valente Baz Ferreira.<\/p>\n<p>Conforme a lo dispuesto en la Constituci\u00f3n estatal y la Ley de Fiscalizaci\u00f3n Superior de la entidad, el documento fue recibido en tiempo y forma, con lo que el Poder Legislativo refrenda su compromiso y responsabilidad en materia de rendici\u00f3n de cuentas y transparencia, fomentando las directrices de cooperaci\u00f3n, revisi\u00f3n y publicidad de las cuentas p\u00fablicas de nuestra entidad, destac\u00f3 Cruz Roa.<\/p>\n<p>El tambi\u00e9n coordinador del Grupo Parlamentario del PRI consider\u00f3 fundamental la actividad del \u00d3rgano Superior de Fiscalizaci\u00f3n del Estado de M\u00e9xico, cuyo\u00a0 trabajo, dijo, se caracteriza por el profesionalismo basado en los principios de autonom\u00eda e independencia.<\/p>\n<p><em><a href=\"mailto:limoncon@hotmail.com\" target=\"_blank\">limoncon@hotmail.com<\/a><\/em><\/p>\n","protected":false},"excerpt":{"rendered":"<p><span style=\"color: #005497;\"><strong>Dante Lim\u00f3n<\/strong><\/span><\/p>\n","protected":false},"author":3,"featured_media":0,"comment_status":"open","ping_status":"open","sticky":false,"template":"","format":"standard","meta":{"_monsterinsights_skip_tracking":false,"_monsterinsights_sitenote_active":false,"_monsterinsights_sitenote_note":"","_monsterinsights_sitenote_category":0,"footnotes":""},"categories":[3048],"tags":[43695,3049,43674],"class_list":["post-235862","post","type-post","status-publish","format-standard","hentry","category-dante-limon","tag-dante-limon","tag-el-infierno-de-dante","tag-opinion"],"_links":{"self":[{"href":"https:\/\/www.diarioimagen.net\/index.php?rest_route=\/wp\/v2\/posts\/235862","targetHints":{"allow":["GET"]}}],"collection":[{"href":"https:\/\/www.diarioimagen.net\/index.php?rest_route=\/wp\/v2\/posts"}],"about":[{"href":"https:\/\/www.diarioimagen.net\/index.php?rest_route=\/wp\/v2\/types\/post"}],"author":[{"embeddable":true,"href":"https:\/\/www.diarioimagen.net\/index.php?rest_route=\/wp\/v2\/users\/3"}],"replies":[{"embeddable":true,"href":"https:\/\/www.diarioimagen.net\/index.php?rest_route=%2Fwp%2Fv2%2Fcomments&post=235862"}],"version-history":[{"count":0,"href":"https:\/\/www.diarioimagen.net\/index.php?rest_route=\/wp\/v2\/posts\/235862\/revisions"}],"wp:attachment":[{"href":"https:\/\/www.diarioimagen.net\/index.php?rest_route=%2Fwp%2Fv2%2Fmedia&parent=235862"}],"wp:term":[{"taxonomy":"category","embeddable":true,"href":"https:\/\/www.diarioimagen.net\/index.php?rest_route=%2Fwp%2Fv2%2Fcategories&post=235862"},{"taxonomy":"post_tag","embeddable":true,"href":"https:\/\/www.diarioimagen.net\/index.php?rest_route=%2Fwp%2Fv2%2Ftags&post=235862"}],"curies":[{"name":"wp","href":"https:\/\/api.w.org\/{rel}","templated":true}]}}