{"id":235960,"date":"2015-09-28T00:05:40","date_gmt":"2015-09-28T05:05:40","guid":{"rendered":"http:\/\/www.diarioimagen.net\/?p=235960"},"modified":"2015-09-29T00:15:12","modified_gmt":"2015-09-29T05:15:12","slug":"otros-4-pueblos-magicos","status":"publish","type":"post","link":"https:\/\/www.diarioimagen.net\/?p=235960","title":{"rendered":"Otros 4 Pueblos M\u00e1gicos"},"content":{"rendered":"<h2>Arco Norte<\/h2>\n<h5>Jos\u00e9 Luis Monta\u00f1ez Aguilar<\/h5>\n<p>&nbsp;<\/p>\n<p><a href=\"http:\/\/www.diarioimagen.net\/?attachment_id=236048\" rel=\"attachment wp-att-236048\"><img loading=\"lazy\" decoding=\"async\" class=\"alignleft size-medium wp-image-236048\" src=\"http:\/\/www.diarioimagen.net\/wp-content\/uploads\/2015\/09\/arco-2706-240x180.jpg\" alt=\"arco-2706\" width=\"240\" height=\"180\" srcset=\"https:\/\/www.diarioimagen.net\/wp-content\/uploads\/2015\/09\/arco-2706-240x180.jpg 240w, https:\/\/www.diarioimagen.net\/wp-content\/uploads\/2015\/09\/arco-2706-420x315.jpg 420w, https:\/\/www.diarioimagen.net\/wp-content\/uploads\/2015\/09\/arco-2706.jpg 680w\" sizes=\"auto, (max-width: 240px) 100vw, 240px\" \/><\/a>Al expresar su benepl\u00e1cito por el nombramiento de cuatro nuevos pueblos m\u00e1gicos en el Estado de M\u00e9xico, el gobernador Eruviel \u00c1vila Villegas, expres\u00f3 que con esto la entidad se consolida como uno de los principales destinos tur\u00edsticos sin costa en el pa\u00eds, al llegar a 9 pueblos m\u00e1gicos, que se suman a 19 pueblos con encanto y su primer lugar nacional en sitios Patrimonio de la Humanidad, con 4.<\/p>\n<p>Fueron los municipios de Aculco, Ixtapan de la Sal, Teotihuac\u00e1n y San Mart\u00edn de las Pir\u00e1mides de manera conjunta, as\u00ed como Villa del Carb\u00f3n, los que recibieron el nombramiento por parte de la Secretar\u00eda de Turismo federal, lo que les permitir\u00e1 contar con mayores recursos para promover actividades tur\u00edsticas en esas localidades.<\/p>\n<p>Durante la segunda edici\u00f3n de la Feria Nacional de Pueblos M\u00e1gicos, que se realiz\u00f3 en Puebla del 25 al 27 de septiembre, donde se obtuvo la distinci\u00f3n, el Estado de M\u00e9xico particip\u00f3 con un stand donde sus cinco primeros Pueblos M\u00e1gicos: Tepotzotl\u00e1n, Valle de Bravo, Malinalco, El Oro y Metepec exhibieron parte de la riqueza cultural, hist\u00f3rica, natural, gastron\u00f3mica y arquitect\u00f3nica con la que cuentan.<\/p>\n<p>El gobernador destac\u00f3 que su administraci\u00f3n trabaja para que cada vez m\u00e1s visitantes disfruten de las bellezas naturales, hist\u00f3ricas, culturales y toda una diversidad de atractivos para todo tipo de turismo, pero adem\u00e1s este es resultado del trabajo coordinado entre los gobiernos federal, estatal y municipal, as\u00ed como prestadores de servicios tur\u00edsticos, para impulsar esta actividad econ\u00f3mica.<\/p>\n<p>Eruviel \u00c1vila detall\u00f3 que un Pueblo M\u00e1gico es una localidad que cuenta con historias, hechos trascendentes y atributos simb\u00f3licos, que son atractivos para los turistas, hizo un llamado en seguir trabajando en la capacitaci\u00f3n y certificaci\u00f3n en la materia.<\/p>\n<p><em><a href=\"mailto:montanezaguilar@gmail.com\" target=\"_blank\">montanezaguilar@gmail.com<\/a><\/em><\/p>\n","protected":false},"excerpt":{"rendered":"<p><span style=\"color: #005497;\">Jos\u00e9 Luis Monta\u00f1ez Aguilar<\/span><br \/>\n<br \/>\nAl expresar su benepl\u00e1cito por el nombramiento de cuatro nuevos pueblos m\u00e1gicos en el Estado de M\u00e9xico, el gobernador Eruviel \u00c1vila Villegas, expres\u00f3 que con esto la entidad se consolida como uno de los principales destinos tur\u00edsticos sin costa en el pa\u00eds, al llegar a 9 pueblos m\u00e1gicos, que se suman a 19 pueblos con encanto y su primer lugar nacional en sitios Patrimonio de la Humanidad, con 4.<\/p>\n","protected":false},"author":3,"featured_media":236048,"comment_status":"open","ping_status":"open","sticky":false,"template":"","format":"standard","meta":{"_monsterinsights_skip_tracking":false,"_monsterinsights_sitenote_active":false,"_monsterinsights_sitenote_note":"","_monsterinsights_sitenote_category":0,"footnotes":""},"categories":[5],"tags":[13284,43704,43674],"class_list":["post-235960","post","type-post","status-publish","format-standard","has-post-thumbnail","hentry","category-estado-de-mexico","tag-arco-norte","tag-jose-luis-montanez-aguilar","tag-opinion"],"_links":{"self":[{"href":"https:\/\/www.diarioimagen.net\/index.php?rest_route=\/wp\/v2\/posts\/235960","targetHints":{"allow":["GET"]}}],"collection":[{"href":"https:\/\/www.diarioimagen.net\/index.php?rest_route=\/wp\/v2\/posts"}],"about":[{"href":"https:\/\/www.diarioimagen.net\/index.php?rest_route=\/wp\/v2\/types\/post"}],"author":[{"embeddable":true,"href":"https:\/\/www.diarioimagen.net\/index.php?rest_route=\/wp\/v2\/users\/3"}],"replies":[{"embeddable":true,"href":"https:\/\/www.diarioimagen.net\/index.php?rest_route=%2Fwp%2Fv2%2Fcomments&post=235960"}],"version-history":[{"count":0,"href":"https:\/\/www.diarioimagen.net\/index.php?rest_route=\/wp\/v2\/posts\/235960\/revisions"}],"wp:featuredmedia":[{"embeddable":true,"href":"https:\/\/www.diarioimagen.net\/index.php?rest_route=\/wp\/v2\/media\/236048"}],"wp:attachment":[{"href":"https:\/\/www.diarioimagen.net\/index.php?rest_route=%2Fwp%2Fv2%2Fmedia&parent=235960"}],"wp:term":[{"taxonomy":"category","embeddable":true,"href":"https:\/\/www.diarioimagen.net\/index.php?rest_route=%2Fwp%2Fv2%2Fcategories&post=235960"},{"taxonomy":"post_tag","embeddable":true,"href":"https:\/\/www.diarioimagen.net\/index.php?rest_route=%2Fwp%2Fv2%2Ftags&post=235960"}],"curies":[{"name":"wp","href":"https:\/\/api.w.org\/{rel}","templated":true}]}}