{"id":236122,"date":"2015-09-29T00:01:18","date_gmt":"2015-09-29T05:01:18","guid":{"rendered":"http:\/\/www.diarioimagen.net\/?p=236122"},"modified":"2015-09-29T03:30:47","modified_gmt":"2015-09-29T08:30:47","slug":"100-hoteles-de-la-cadena-mexicana-city-express-se-traducen-en-11-mil-300-habitaciones-en-tres-paises","status":"publish","type":"post","link":"https:\/\/www.diarioimagen.net\/?p=236122","title":{"rendered":"100 hoteles de la cadena mexicana <em>City Express<\/em>, se traducen en 11 mil 300 habitaciones en tres pa\u00edses"},"content":{"rendered":"<h2>De cinco estrellas<\/h2>\n<h5>Victoria Gonz\u00e1lez Prado<\/h5>\n<p>&nbsp;<\/p>\n<ul>\n<li><em><strong>A partir de diciembre con operaciones martes y s\u00e1bados, Volaris iniciar\u00e1 la ruta Durango-Chicago<\/strong><\/em><\/li>\n<li><em><strong>El corporativo de las agencias de viajes receptiva y en l\u00ednea <\/strong><\/em><strong>Best Day Travel Group<\/strong><em><strong>, hace importantes nombramientos<\/strong><\/em><\/li>\n<li><em><strong>Durante octubre programa un recorrido por Alemania, visita la ciudad de Munich y celebra el <\/strong><\/em><strong>Oktoberfest<\/strong><\/li>\n<\/ul>\n<div id=\"attachment_236238\" style=\"width: 250px\" class=\"wp-caption alignleft\"><a href=\"http:\/\/www.diarioimagen.net\/?attachment_id=236238\" rel=\"attachment wp-att-236238\"><img loading=\"lazy\" decoding=\"async\" aria-describedby=\"caption-attachment-236238\" class=\"size-medium wp-image-236238\" src=\"http:\/\/www.diarioimagen.net\/wp-content\/uploads\/2015\/09\/turismo-2707-240x192.jpg\" alt=\"Rogelio Avenda\u00f1o, Blanca Herrera y Eduardo Mart\u00ednez.\" width=\"240\" height=\"192\" srcset=\"https:\/\/www.diarioimagen.net\/wp-content\/uploads\/2015\/09\/turismo-2707-240x192.jpg 240w, https:\/\/www.diarioimagen.net\/wp-content\/uploads\/2015\/09\/turismo-2707-420x336.jpg 420w, https:\/\/www.diarioimagen.net\/wp-content\/uploads\/2015\/09\/turismo-2707.jpg 1000w\" sizes=\"auto, (max-width: 240px) 100vw, 240px\" \/><\/a><p id=\"caption-attachment-236238\" class=\"wp-caption-text\">Rogelio Avenda\u00f1o, Blanca Herrera y Eduardo Mart\u00ednez.<\/p><\/div>\n<p>M\u00e1s de 11 mil 330 habitaciones en tres pa\u00edses:\u00a0M\u00e9xico, Costa Rica y Colombia. Esto se traduce en 100 hoteles en 13 a\u00f1os. Se trata de la cadena hotelera <em>City Express,<\/em> que en promedio ha abierto un hotel cada 6.4 semanas en promedio.<\/p>\n<p>La cadena hotelera 100, cien por ciento mexicana, se ha especializado en el segmento de negocios, festej\u00f3 en grande llegar a completar en este 2015, 100 hoteles en operaci\u00f3n.<\/p>\n<p>Asimismo, ha diversificado el mercado del viajero con servicios de hospedaje con sus cuatro productos: <em>City Express, City Express Junior, City Express Suites<\/em> y City Express Plus, y se ha convertido en un referente con propiedades a lo largo y ancho de la Rep\u00fablica Mexicana, abarcando cuatro rutas de negocios (minera, petrolera, automotriz, aeroespacial) y 10 rutas tur\u00edsticas (Maya, Virreinal, Grandes metr\u00f3polis, Pac\u00edfico, Golfo de M\u00e9xico, Baja California, Sierra Tarahumara, Huasteca, Cuna hist\u00f3rica y del Mole).<\/p>\n<p>Desde su fundaci\u00f3n en 2002, Hoteles <em>City Express<\/em> se ha convertido en la cadena con mayor crecimiento, alcanzando los 100 hoteles en 13 a\u00f1os, de los cuales 98 hoteles est\u00e1n ubicados en M\u00e9xico con presencia en 29 estados y 60 ciudades, uno en Costa Rica y uno en Colombia.<\/p>\n<p>Su expansi\u00f3n a otros pa\u00edses de Latinoam\u00e9rica comenz\u00f3 en 2012 con la apertura en San Jos\u00e9, Costa Rica, seguido por el hotel en Cali, Colombia en 2013. Actualmente est\u00e1 en construcci\u00f3n un inmueble en Santiago de Chile.<\/p>\n<p><strong>Blanca Herrera<\/strong>, directora de Servicios de Franquicias de la cadena hotelera record\u00f3, que, \u201cdesde la apertura de nuestro primer hotel en Saltillo, la compa\u00f1\u00eda ha sido capaz de desplegar su plan de negocio exitosamente, creando una s\u00f3lida plataforma de distribuci\u00f3n e implantando una de las marcas m\u00e1s valiosas en la industria hotelera nacional\u201d.<\/p>\n<p>Agreg\u00f3: \u201choy somos 100 Hoteles en operaci\u00f3n que generan m\u00e1s de 300 mil empleos a nivel nacional, y representan una ocupaci\u00f3n promedio de 2.8 millones de hu\u00e9spedes al a\u00f1o, lo cual consolida a la compa\u00f1\u00eda como la cadena de hoteles de mayor crecimiento en su segmento en M\u00e9xico, a tan s\u00f3lo 13 a\u00f1os de su fundaci\u00f3n\u201d.<\/p>\n<p>Al concluir su intervenci\u00f3n, <strong>Blanca<\/strong> indic\u00f3 que en 2016 se estima cerrar con 13 inmuebles m\u00e1s.<\/p>\n<p>Por otra parte, <strong>Rogelio Avenda\u00f1o Mart\u00ednez<\/strong>, director de Operaciones de la cadena hotelera indic\u00f3, \u201clos hoteles se han posicionado, como una de las empresas l\u00edderes en innovaci\u00f3n y sustentabilidad, convirti\u00e9ndose en la primera organizaci\u00f3n hotelera a nivel mundial en recibir la certificaci\u00f3n EDGE y <em>Biosphere<\/em> gracias a la adopci\u00f3n de mecanismos y pol\u00edticas orientadas al uso eficiente de recursos, particularmente de energ\u00eda y reducci\u00f3n de residuos.<\/p>\n<p>Sus pr\u00e1cticas sustentables han sido reconocidas con la certificaci\u00f3n LEED del Consejo de Edificios Verdes de Estados Unidos (USGBC, por sus siglas en ingl\u00e9s). Este a\u00f1o recibi\u00f3, el distintivo ESR\u00ae otorgado por el Centro Mexicano para la Filantrop\u00eda (Cemefi), adem\u00e1s de unirse al Pacto de las Naciones Unidas para la adopci\u00f3n de mejores pr\u00e1cticas.<\/p>\n<p>\u2730\u2730\u2730\u2730\u2730 A partir del pr\u00f3ximo 8 de diciembre con operaciones martes y s\u00e1bados, Volaris iniciar\u00e1 la ruta de Durango a Chicago. Con la nueva conexi\u00f3n,\u00a0<strong>la aerol\u00ednea contar\u00e1 con 139 rutas y llegar\u00e1 a 62 conexiones con ciudades internacionales<\/strong><strong>.<\/strong><\/p>\n<p>Estamos comprometidos en seguir brindando la mejor conectividad al estado de Durango con precios bajos. En mayo pasado inauguramos a Durango como estaci\u00f3n Volaris, el mes pasado lanzamos la nueva ruta desde la Ciudad de M\u00e9xico y hoy nuestra primera ruta internacional desde Durango\u201d, coment\u00f3 <strong>Holger Blankenstein<\/strong>, director Comercial de la aerol\u00ednea<\/p>\n<p>Actualmente, Volaris ha transportado a m\u00e1s de 7 millones de pasajeros desde y hacia Estados Unidos, n\u00famero que, la aerol\u00ednea espera contin\u00fae en aumento debido a los m\u00e1s de 230 vuelos diarios que opera.<\/p>\n<p>Por su parte, <strong>Jorge Herrera Caldera<\/strong>, gobernador de Durango, resalt\u00f3 que este nuevo vuelo a Chicago, confirma el crecimiento y el atractivo tur\u00edstico que se est\u00e1 generando en este estado del norte del pa\u00eds.<\/p>\n<p>\u2730\u2730\u2730\u2730\u2730 El Corporativo de las agencias de viajes receptiva y en l\u00ednea en M\u00e9xico, <em>Best Day Travel Group,<\/em> realiz\u00f3 importantes nombramientos en su comit\u00e9 ejecutivo, enfocado en preparar su crecimiento.<\/p>\n<p>Los nuevos nombramientos son el de <strong>Alejandro Calligaris<\/strong>, nombrado <em>Managing Director para HotelDo BD TravelSolution. HotelDo<\/em><strong>,<\/strong> es la unidad de negocio encargada del segmento de agencias de viaje y distribuci\u00f3n mayorista. <em>BD Travel Solution,<\/em> brinda el servicio de motor de reservaciones a portales externos bajo el modelo de \u201cetiqueta blanca\u201d que utilizan las principales aerol\u00edneas.<\/p>\n<p><strong>David Rebolledo<\/strong>, designado <em>Managing Director, <\/em>ambas asignaciones en la estructura interna de la agencia complementan los nombramientos realizados a principio de 2015, en los que se asign\u00f3 a <strong>Guillermo Baella<\/strong> como CFO (<em>Chief Financial Office<\/em>), a <strong>Pablo Vega<\/strong> como CTO (<em>Chief Technical Office<\/em>) y <strong>Rafael Durand<\/strong> como COO (<em>Chief Operations Office<\/em>), definiendo as\u00ed la l\u00ednea ejecutiva comandada por <strong>Christian Kremers<\/strong>, el <strong>CEO<\/strong> (<em>Chief Executive Operations<\/em>) y por <strong>Juli\u00e1n Balbuena<\/strong>, presidente del Consejo del Grupo.<\/p>\n<p>\u2730\u2730\u2730\u2730\u2730 Durante octubre, a\u00fan es posible gozar de un agradable clima en Europa, ocasi\u00f3n perfecta para animarse a programar un recorrido por Alemania y considerar una visita a la hist\u00f3rica ciudad de Munich donde cada a\u00f1o tiene lugar una de las fiestas m\u00e1s grandes y divertidas del mundo: El <em>Oktoberfest,<\/em> un encuentro alegre con la cultura bavaria en un entorno agradable y familiar.<\/p>\n<p>Para no perder detalle de la fiesta de la cerveza m\u00e1s grande del mundo, <em>Rail Europe<\/em>, anuncia d\u00edas libres con la adquisici\u00f3n del <em>German Rail Pass<\/em> y descuentos en actividades tur\u00edsticas. Los viajeros podr\u00e1n tomar ventaja del 20 por ciento de descuento en todas las actividades tur\u00edsticas en Alemania que est\u00e9n disponibles meiante <em>Rail Europe.<\/em><\/p>\n<p>Mejor a\u00fan, los viajeros que recorran Alemania en tren con un German Rail Pass o con la promoci\u00f3n del D\u00eda Libre de Rail Europe, recibir\u00e1n un 10 por ciento de descuento en su tarifa por noche en hoteles y hostales selectos en Berl\u00edn, Hamburgo, Munich y otras ciudades alemanas. Los descuentos en actividades tambi\u00e9n incluyen recorridos tur\u00edsticos, excursiones, cruceros de r\u00edo y m\u00e1s. Los descuentos tambi\u00e9n est\u00e1n disponibles para viajeros menores de 26 a\u00f1os de edad y para grupos de dos viajeros. ni\u00f1os entre seis y 11 a\u00f1os de edad viajan gratis con un adulto.<\/p>\n<p>Con estas ventajas, es momento de preparar una visita a la tradicional fiesta bavaria del <em>Oktoberfest<\/em> que este concluye el pr\u00f3ximo 4 de octubre de 2015. Aunque la cerveza es la bebida protagonista en torno a las actividades de la fiesta, es una experiencia \u00fanica donde se vive un ambiente sano para chicos y grandes, incluyendo juegos mec\u00e1nicos para los m\u00e1s peque\u00f1os de la familia.<\/p>\n<p>Vale la pena contemplar una tarde de fiesta en una de las emblem\u00e1ticas carpas de cerveza en donde es posible degustar platillos t\u00edpicos como papas, salchichas y <em>pretzels<\/em>, comida en verdad deliciosa que se acompa\u00f1a con un buen tarro de cerveza, disfrutando de la m\u00fasica t\u00edpica, de los atuendos tradicionales, as\u00ed como cantando y bailando con la concurrencia. M\u00e1s informaci\u00f3n: <a href=\"http:\/\/www.raileurope.com.mx\/\" target=\"_blank\">www.raileurope.com.mx<\/a><\/p>\n<p><em><i><a href=\"mailto:victoriagprado@gmail.com\" target=\"_blank\">victoriagprado@gmail.com<\/a><\/i><\/em><\/p>\n<p>&nbsp;<\/p>\n","protected":false},"excerpt":{"rendered":"<p>M\u00e1s de 11 mil 330 habitaciones en tres pa\u00edses: M\u00e9xico, Costa Rica y Colombia. Esto se traduce en 100 hoteles en 13 a\u00f1os. Se trata de la cadena hotelera <em>City Express,<\/em> que en promedio ha abierto un hotel cada 6.4 semanas en promedio.<\/p>\n","protected":false},"author":3,"featured_media":236238,"comment_status":"open","ping_status":"open","sticky":false,"template":"","format":"standard","meta":{"_monsterinsights_skip_tracking":false,"_monsterinsights_sitenote_active":false,"_monsterinsights_sitenote_note":"","_monsterinsights_sitenote_category":0,"footnotes":""},"categories":[11],"tags":[107,43674,43681,106],"class_list":["post-236122","post","type-post","status-publish","format-standard","has-post-thumbnail","hentry","category-turismo","tag-de-cinco-estrellas","tag-opinion","tag-turismo","tag-victoria-gonzalez-prado"],"_links":{"self":[{"href":"https:\/\/www.diarioimagen.net\/index.php?rest_route=\/wp\/v2\/posts\/236122","targetHints":{"allow":["GET"]}}],"collection":[{"href":"https:\/\/www.diarioimagen.net\/index.php?rest_route=\/wp\/v2\/posts"}],"about":[{"href":"https:\/\/www.diarioimagen.net\/index.php?rest_route=\/wp\/v2\/types\/post"}],"author":[{"embeddable":true,"href":"https:\/\/www.diarioimagen.net\/index.php?rest_route=\/wp\/v2\/users\/3"}],"replies":[{"embeddable":true,"href":"https:\/\/www.diarioimagen.net\/index.php?rest_route=%2Fwp%2Fv2%2Fcomments&post=236122"}],"version-history":[{"count":0,"href":"https:\/\/www.diarioimagen.net\/index.php?rest_route=\/wp\/v2\/posts\/236122\/revisions"}],"wp:featuredmedia":[{"embeddable":true,"href":"https:\/\/www.diarioimagen.net\/index.php?rest_route=\/wp\/v2\/media\/236238"}],"wp:attachment":[{"href":"https:\/\/www.diarioimagen.net\/index.php?rest_route=%2Fwp%2Fv2%2Fmedia&parent=236122"}],"wp:term":[{"taxonomy":"category","embeddable":true,"href":"https:\/\/www.diarioimagen.net\/index.php?rest_route=%2Fwp%2Fv2%2Fcategories&post=236122"},{"taxonomy":"post_tag","embeddable":true,"href":"https:\/\/www.diarioimagen.net\/index.php?rest_route=%2Fwp%2Fv2%2Ftags&post=236122"}],"curies":[{"name":"wp","href":"https:\/\/api.w.org\/{rel}","templated":true}]}}