{"id":236128,"date":"2015-09-29T00:09:54","date_gmt":"2015-09-29T05:09:54","guid":{"rendered":"http:\/\/www.diarioimagen.net\/?p=236128"},"modified":"2015-09-30T02:18:10","modified_gmt":"2015-09-30T07:18:10","slug":"impulsa-edomex-proyectos-agropecuarios-con-4500-mdp","status":"publish","type":"post","link":"https:\/\/www.diarioimagen.net\/?p=236128","title":{"rendered":"Impulsa Edomex proyectos agropecuarios con 4,500 mdp"},"content":{"rendered":"<ul>\n<li><strong><em>Investigaci\u00f3n para desarrollar nuevas semillas adaptadas a cada regi\u00f3n<\/em><\/strong><\/li>\n<\/ul>\n<div id=\"attachment_236181\" style=\"width: 250px\" class=\"wp-caption alignleft\"><a href=\"http:\/\/www.diarioimagen.net\/?attachment_id=236181\" rel=\"attachment wp-att-236181\"><img loading=\"lazy\" decoding=\"async\" aria-describedby=\"caption-attachment-236181\" class=\"size-medium wp-image-236181\" src=\"http:\/\/www.diarioimagen.net\/wp-content\/uploads\/2015\/09\/SEDAGRO-2707-240x135.jpg\" alt=\"El gobierno del Estado de M\u00e9xico da prioridad a los procesos productivos del campo, mediante la investigaci\u00f3n.\" width=\"240\" height=\"135\" srcset=\"https:\/\/www.diarioimagen.net\/wp-content\/uploads\/2015\/09\/SEDAGRO-2707-240x135.jpg 240w, https:\/\/www.diarioimagen.net\/wp-content\/uploads\/2015\/09\/SEDAGRO-2707-420x236.jpg 420w, https:\/\/www.diarioimagen.net\/wp-content\/uploads\/2015\/09\/SEDAGRO-2707-480x270.jpg 480w, https:\/\/www.diarioimagen.net\/wp-content\/uploads\/2015\/09\/SEDAGRO-2707-235x132.jpg 235w, https:\/\/www.diarioimagen.net\/wp-content\/uploads\/2015\/09\/SEDAGRO-2707-202x114.jpg 202w, https:\/\/www.diarioimagen.net\/wp-content\/uploads\/2015\/09\/SEDAGRO-2707-350x196.jpg 350w, https:\/\/www.diarioimagen.net\/wp-content\/uploads\/2015\/09\/SEDAGRO-2707-220x123.jpg 220w, https:\/\/www.diarioimagen.net\/wp-content\/uploads\/2015\/09\/SEDAGRO-2707-237x132.jpg 237w, https:\/\/www.diarioimagen.net\/wp-content\/uploads\/2015\/09\/SEDAGRO-2707.jpg 1500w\" sizes=\"auto, (max-width: 240px) 100vw, 240px\" \/><\/a><p id=\"caption-attachment-236181\" class=\"wp-caption-text\">El gobierno del Estado de M\u00e9xico da prioridad a los procesos productivos del campo, mediante la investigaci\u00f3n.<\/p><\/div>\n<p><strong>Almoloya de Ju\u00e1rez, Estado de M\u00e9xico<\/strong>.- Durante la presente administraci\u00f3n, en el campo mexiquense se han invertido 4 mil 500 millones de pesos, para impulsar programas de fomento a la producci\u00f3n primaria, desarrollo rural, y de comercializaci\u00f3n y capacitaci\u00f3n, inform\u00f3 Heriberto Ortega, secretario de Desarrollo Agropecuario, al inaugurar la Demostraci\u00f3n de Campo, organizada por el Instituto de Investigaci\u00f3n y Capacitaci\u00f3n Agropecuaria, Acu\u00edcola y Forestal del Estado de M\u00e9xico (ICAMEX).<\/p>\n<p>Adem\u00e1s, resalt\u00f3 que un aspecto fundamental para avanzar en los procesos productivos del campo, es la investigaci\u00f3n para desarrollar nuevas semillas adaptadas a cada regi\u00f3n de la entidad, as\u00ed como para hacer frente al cambio clim\u00e1tico que obliga a buscar nuevas alternativas de cultivo, e indic\u00f3 que el ICAMEX ha alcanzado diversos logros, como la liberaci\u00f3n de 20 h\u00edbridos y variedades de ma\u00edz, 4 de frijol, 7 de trigo, 4 de triticale, 2 de cebada, 6 de haba y 2 de papa, as\u00ed como la actualizaci\u00f3n de 150 paquetes tecnol\u00f3gicos y la edici\u00f3n de 400 publicaciones t\u00e9cnicas.<\/p>\n<p>Por su parte, Pedro Mijares, director general de ICAMEX, puntualiz\u00f3 que en esta Demostraci\u00f3n de Campo se dio a conocer a los productores visitantes y a los alumnos de agronom\u00eda de la Facultad de Ciencias Agr\u00edcolas de la Universidad Aut\u00f3noma del Estado de M\u00e9xico (UAEM) y del CEBETA, los avances en cultivos de tomate de c\u00e1scara, ornamentales, girasol y colza para forraje, amaranto, cereales de clima templado, haba, manejo org\u00e1nico en ma\u00edz para grano y hortalizas, praderas de clima templado, haba y agricultura de conservaci\u00f3n.<\/p>\n<p>Mientras que, Vicente \u00c1lvarez, presidente del Comit\u00e9 Estatal del Sistema-Producto Ma\u00edz y Triticale, reconoci\u00f3 el trabajo realizado por el ICAMEX, para la obtenci\u00f3n del triticale, una variedad generada en el Estado de M\u00e9xico, producto de la cruza de trigo y centeno, que hoy en d\u00eda se cultiva en una superficie de 15 mil hect\u00e1reas.<\/p>\n","protected":false},"excerpt":{"rendered":"<p>Durante la presente administraci\u00f3n, en el campo mexiquense se han invertido 4 mil 500 millones de pesos, para impulsar programas de fomento a la producci\u00f3n primaria, desarrollo rural, y de comercializaci\u00f3n y capacitaci\u00f3n, inform\u00f3 Heriberto Ortega, secretario de Desarrollo Agropecuario, al inaugurar la Demostraci\u00f3n de Campo, organizada por el Instituto de Investigaci\u00f3n y Capacitaci\u00f3n Agropecuaria, Acu\u00edcola y Forestal del Estado de M\u00e9xico (ICAMEX).<\/p>\n","protected":false},"author":3,"featured_media":236181,"comment_status":"open","ping_status":"open","sticky":false,"template":"","format":"standard","meta":{"_monsterinsights_skip_tracking":false,"_monsterinsights_sitenote_active":false,"_monsterinsights_sitenote_note":"","_monsterinsights_sitenote_category":0,"footnotes":""},"categories":[5],"tags":[1046,43675],"class_list":["post-236128","post","type-post","status-publish","format-standard","has-post-thumbnail","hentry","category-estado-de-mexico","tag-almoloya-de-juarez","tag-estado-de-mexico"],"_links":{"self":[{"href":"https:\/\/www.diarioimagen.net\/index.php?rest_route=\/wp\/v2\/posts\/236128","targetHints":{"allow":["GET"]}}],"collection":[{"href":"https:\/\/www.diarioimagen.net\/index.php?rest_route=\/wp\/v2\/posts"}],"about":[{"href":"https:\/\/www.diarioimagen.net\/index.php?rest_route=\/wp\/v2\/types\/post"}],"author":[{"embeddable":true,"href":"https:\/\/www.diarioimagen.net\/index.php?rest_route=\/wp\/v2\/users\/3"}],"replies":[{"embeddable":true,"href":"https:\/\/www.diarioimagen.net\/index.php?rest_route=%2Fwp%2Fv2%2Fcomments&post=236128"}],"version-history":[{"count":0,"href":"https:\/\/www.diarioimagen.net\/index.php?rest_route=\/wp\/v2\/posts\/236128\/revisions"}],"wp:featuredmedia":[{"embeddable":true,"href":"https:\/\/www.diarioimagen.net\/index.php?rest_route=\/wp\/v2\/media\/236181"}],"wp:attachment":[{"href":"https:\/\/www.diarioimagen.net\/index.php?rest_route=%2Fwp%2Fv2%2Fmedia&parent=236128"}],"wp:term":[{"taxonomy":"category","embeddable":true,"href":"https:\/\/www.diarioimagen.net\/index.php?rest_route=%2Fwp%2Fv2%2Fcategories&post=236128"},{"taxonomy":"post_tag","embeddable":true,"href":"https:\/\/www.diarioimagen.net\/index.php?rest_route=%2Fwp%2Fv2%2Ftags&post=236128"}],"curies":[{"name":"wp","href":"https:\/\/api.w.org\/{rel}","templated":true}]}}