{"id":236162,"date":"2015-09-29T00:04:18","date_gmt":"2015-09-29T05:04:18","guid":{"rendered":"http:\/\/www.diarioimagen.net\/?p=236162"},"modified":"2015-09-29T04:17:49","modified_gmt":"2015-09-29T09:17:49","slug":"rescata-inm-en-zacatecas-a-150-ilegales-abandonados","status":"publish","type":"post","link":"https:\/\/www.diarioimagen.net\/?p=236162","title":{"rendered":"Rescata INM en Zacatecas a 150 ilegales abandonados"},"content":{"rendered":"<ul>\n<li><strong><em>Llevaban m\u00e1s de 14 d\u00edas en un tr\u00e1iler<\/em><\/strong><\/li>\n<\/ul>\n<h6>Claudia Arellano<\/h6>\n<p>&nbsp;<\/p>\n<div id=\"attachment_236247\" style=\"width: 250px\" class=\"wp-caption alignleft\"><a href=\"http:\/\/www.diarioimagen.net\/?attachment_id=236247\" rel=\"attachment wp-att-236247\"><img loading=\"lazy\" decoding=\"async\" aria-describedby=\"caption-attachment-236247\" class=\"size-medium wp-image-236247\" src=\"http:\/\/www.diarioimagen.net\/wp-content\/uploads\/2015\/09\/migrantes-2707-240x135.jpg\" alt=\"Este grupo de indocumentados llevaba 14 d\u00edas en un tr\u00e1iler, en estas condiciones, donde a duras penas com\u00edan. Fueron descubiertos en el tramo carretero Zacatecas-Saltillo.\" width=\"240\" height=\"135\" srcset=\"https:\/\/www.diarioimagen.net\/wp-content\/uploads\/2015\/09\/migrantes-2707-240x135.jpg 240w, https:\/\/www.diarioimagen.net\/wp-content\/uploads\/2015\/09\/migrantes-2707-420x236.jpg 420w, https:\/\/www.diarioimagen.net\/wp-content\/uploads\/2015\/09\/migrantes-2707-480x270.jpg 480w, https:\/\/www.diarioimagen.net\/wp-content\/uploads\/2015\/09\/migrantes-2707-235x132.jpg 235w, https:\/\/www.diarioimagen.net\/wp-content\/uploads\/2015\/09\/migrantes-2707-202x114.jpg 202w, https:\/\/www.diarioimagen.net\/wp-content\/uploads\/2015\/09\/migrantes-2707-350x196.jpg 350w, https:\/\/www.diarioimagen.net\/wp-content\/uploads\/2015\/09\/migrantes-2707-220x123.jpg 220w, https:\/\/www.diarioimagen.net\/wp-content\/uploads\/2015\/09\/migrantes-2707-237x132.jpg 237w, https:\/\/www.diarioimagen.net\/wp-content\/uploads\/2015\/09\/migrantes-2707.jpg 700w\" sizes=\"auto, (max-width: 240px) 100vw, 240px\" \/><\/a><p id=\"caption-attachment-236247\" class=\"wp-caption-text\">Este grupo de indocumentados llevaba 14 d\u00edas en un tr\u00e1iler, en estas condiciones, donde a duras penas com\u00edan. Fueron descubiertos en el tramo carretero Zacatecas-Saltillo.<\/p><\/div>\n<p>Elementos del Ej\u00e9rcito y del Instituto Nacional de Migraci\u00f3n rescataron ayer a 150 extranjeros que viajaban en un tr\u00e1iler. Todos presentaban signos de deshidrataci\u00f3n y comentaron que eran guiados por cuatro \u201cpolleros\u201d en el municipio de Villa de Cos, Zacatecas, donde por poco la historia termina en tragedia.<\/p>\n<p>Alrededor del medio d\u00eda, autoridades realizaban una revisi\u00f3n de control y verificaci\u00f3n migratoria en la carretera 54 Manzanillo-Ciudad Mier, tramo Zacatecas-Saltillo, y al pedirle al operador que abriera la caja, localizaron a 110 guatemaltecos, 27 salvadore\u00f1os, 10 hondure\u00f1os, dos de Rep\u00fablica Dominicana y un ecuatoriano, visiblemente cansados, pero m\u00e1s atemorizados por haber sido descubiertos.<\/p>\n<p>Al lugar llegaron autoridades de Salud, quienes mencionaron que los migrantes viajaban con s\u00edntomas de deshidrataci\u00f3n y era necesario atenderlos en alg\u00fan hospital.<\/p>\n<p>Adem\u00e1s, los centroamericanos relataron que por llevarlos a Estados Unidos \u201clos polleros\u201d les cobraron entre 30 y 50 mil pesos a cada uno.<\/p>\n<p>Entre el grupo se encuentran 25 menores, acompa\u00f1ados de sus padres y 125 adultos. Los extranjeros se encuentran en las instalaciones del Instituto Nacional de Migraci\u00f3n en Zacatecas, donde se les brinda alojamiento, alimentos, servicio m\u00e9dico y comunicaci\u00f3n con sus familiares, as\u00ed como la asistencia consular para que sean regresados a su lugar de origen.<\/p>\n<p>En tanto, los cuatro detenidos, de nacionalidad mexicana, fueron entregados al Ministerio P\u00fablico para ser procesados por el delito de tr\u00e1fico de humanos.<\/p>\n<p style=\"text-align: center;\"><strong>Migrantes buscaban el \u201csue\u00f1o americano\u201d<\/strong><\/p>\n<p>Cabe destacar que la migraci\u00f3n centroamericana es un proceso social arraigado y rejuvenecido con nuevos flujos y circunstancias que estimulan los traslados temporal y permanente. Empero, no hay manera de se\u00f1alar con certeza el volumen de los flujos de centroamericanos al pa\u00eds que van en busca del \u201csue\u00f1o americano\u201d.<\/p>\n<p>El presidente de la Comisi\u00f3n Nacional de los Derechos Humanos, en la reuni\u00f3n con obispos y defensores de los derechos de los migrantes en Tamaulipas, dice claramente como los migrantes son presa f\u00e1cil para las mafias en M\u00e9xico, y de igual manera dice que estos hechos hacen que el migrante parezca un criminal ante la polic\u00eda, lo que nos lleva a la extorsi\u00f3n y explotaci\u00f3n de los mismos.<\/p>\n","protected":false},"excerpt":{"rendered":"<p>Elementos del Ej\u00e9rcito y del Instituto Nacional de Migraci\u00f3n rescataron ayer a 150 extranjeros que viajaban en un tr\u00e1iler. Todos presentaban signos de deshidrataci\u00f3n y comentaron que eran guiados por cuatro \u201cpolleros\u201d en el municipio de Villa de Cos, Zacatecas, donde por poco la historia termina en tragedia.<\/p>\n","protected":false},"author":3,"featured_media":236247,"comment_status":"open","ping_status":"open","sticky":false,"template":"","format":"standard","meta":{"_monsterinsights_skip_tracking":false,"_monsterinsights_sitenote_active":false,"_monsterinsights_sitenote_note":"","_monsterinsights_sitenote_category":0,"footnotes":""},"categories":[7],"tags":[26660,12216,8959,43673,2173,53],"class_list":["post-236162","post","type-post","status-publish","format-standard","has-post-thumbnail","hentry","category-seguridad","tag-ilegales","tag-inm","tag-instituto-nacional-de-migracion","tag-nacional","tag-trailer","tag-zacatecas"],"_links":{"self":[{"href":"https:\/\/www.diarioimagen.net\/index.php?rest_route=\/wp\/v2\/posts\/236162","targetHints":{"allow":["GET"]}}],"collection":[{"href":"https:\/\/www.diarioimagen.net\/index.php?rest_route=\/wp\/v2\/posts"}],"about":[{"href":"https:\/\/www.diarioimagen.net\/index.php?rest_route=\/wp\/v2\/types\/post"}],"author":[{"embeddable":true,"href":"https:\/\/www.diarioimagen.net\/index.php?rest_route=\/wp\/v2\/users\/3"}],"replies":[{"embeddable":true,"href":"https:\/\/www.diarioimagen.net\/index.php?rest_route=%2Fwp%2Fv2%2Fcomments&post=236162"}],"version-history":[{"count":0,"href":"https:\/\/www.diarioimagen.net\/index.php?rest_route=\/wp\/v2\/posts\/236162\/revisions"}],"wp:featuredmedia":[{"embeddable":true,"href":"https:\/\/www.diarioimagen.net\/index.php?rest_route=\/wp\/v2\/media\/236247"}],"wp:attachment":[{"href":"https:\/\/www.diarioimagen.net\/index.php?rest_route=%2Fwp%2Fv2%2Fmedia&parent=236162"}],"wp:term":[{"taxonomy":"category","embeddable":true,"href":"https:\/\/www.diarioimagen.net\/index.php?rest_route=%2Fwp%2Fv2%2Fcategories&post=236162"},{"taxonomy":"post_tag","embeddable":true,"href":"https:\/\/www.diarioimagen.net\/index.php?rest_route=%2Fwp%2Fv2%2Ftags&post=236162"}],"curies":[{"name":"wp","href":"https:\/\/api.w.org\/{rel}","templated":true}]}}