{"id":236353,"date":"2015-09-30T00:06:50","date_gmt":"2015-09-30T05:06:50","guid":{"rendered":"http:\/\/www.diarioimagen.net\/?p=236353"},"modified":"2015-09-30T02:53:01","modified_gmt":"2015-09-30T07:53:01","slug":"entrega-de-apoyos-sin-distingo-partidista-en-naucalpan-oyoque","status":"publish","type":"post","link":"https:\/\/www.diarioimagen.net\/?p=236353","title":{"rendered":"Entrega de apoyos sin distingo partidista en Naucalpan: Oyoque"},"content":{"rendered":"<ul>\n<li><strong><em>Programas sociales a todas las colonias<\/em><\/strong><\/li>\n<\/ul>\n<div id=\"attachment_236410\" style=\"width: 250px\" class=\"wp-caption alignleft\"><a href=\"http:\/\/www.diarioimagen.net\/?attachment_id=236410\" rel=\"attachment wp-att-236410\"><img loading=\"lazy\" decoding=\"async\" aria-describedby=\"caption-attachment-236410\" class=\"size-medium wp-image-236410\" src=\"http:\/\/www.diarioimagen.net\/wp-content\/uploads\/2015\/09\/NAUCALPAN-2708-240x160.jpg\" alt=\"La alcaldesa Claudia Oyoque Ortiz, durante la entrega de Canastas Alimentarias del Sistema DIF.\" width=\"240\" height=\"160\" srcset=\"https:\/\/www.diarioimagen.net\/wp-content\/uploads\/2015\/09\/NAUCALPAN-2708-240x160.jpg 240w, https:\/\/www.diarioimagen.net\/wp-content\/uploads\/2015\/09\/NAUCALPAN-2708-420x280.jpg 420w, https:\/\/www.diarioimagen.net\/wp-content\/uploads\/2015\/09\/NAUCALPAN-2708.jpg 700w\" sizes=\"auto, (max-width: 240px) 100vw, 240px\" \/><\/a><p id=\"caption-attachment-236410\" class=\"wp-caption-text\">La alcaldesa Claudia Oyoque Ortiz, durante la entrega de Canastas Alimentarias del Sistema DIF.<\/p><\/div>\n<p><strong>Naucalpan, Estado de M\u00e9xico<\/strong>.- El que los l\u00edderes de las colonias pertenezcan al partido pol\u00edtico que sea, no ha sido, ni ser\u00e1 un impedimento para que los programas sociales lleguen a sus colonias, afirmo la presidenta municipal, Claudia Oyoque Ortiz, durante la entrega de Canastas Alimentarias del Sistema DIF local (CADIF).<\/p>\n<p>\u201cCrisol Galicia Hern\u00e1ndez, secretar\u00eda jur\u00eddica de Oportunidades de la colonia La Mancha III es una luchadora social que pertenece a un partido pol\u00edtico de otro color, diferente al m\u00edo, pero eso nunca ha sido un impedimento para que los apoyos lleguen a esta colonia, porque soy una mujer democr\u00e1tica\u201d, agreg\u00f3 la alcaldesa.<\/p>\n<p>Al hacer entrega de las Canastas DIF a familias de La Mancha III, se\u00f1al\u00f3 que los programas de apoyo continuar\u00e1n realiz\u00e1ndose hasta el \u00faltimo d\u00eda de gesti\u00f3n de la administraci\u00f3n 2013-2015, el 31 de diciembre, en apoyo de quienes realmente lo necesitan.<\/p>\n<p>\u201cEn Naucalpan hemos pasado situaciones muy dif\u00edciles, pero con trabajo, con esfuerzo, con compromiso y con transparencia, pero sobre todo, con el apoyo del gobernador del Estado de M\u00e9xico Eruviel \u00c1vila Villegas y el respaldo de los integrantes del Cabildo, hemos salido adelante en este poco tiempo\u201d, dijo Oyoque Ortiz.<\/p>\n<p>Adelant\u00f3 que antes de que concluya el a\u00f1o se estar\u00e1n entregado 30 aulas, mobiliario y techumbres en diferentes escuelas p\u00fablicas del municipio, pavimentaci\u00f3n de calles, adem\u00e1s de patrullas a la Direcci\u00f3n General de Seguridad Ciudadana, Tr\u00e1nsito y Proyecci\u00f3n Civil.<\/p>\n<p>Rodolfo G\u00f3mez Nava, director del DIF municipal, explic\u00f3 que el programa CADIF, consiste en entregar de manera gratuita un apoyo alimentario con productos de la canasta b\u00e1sica, con la finalidad de ayudar a mejorar la calidad de vida de la poblaci\u00f3n, disminuyendo la desnutrici\u00f3n que se presenta en las zonas vulnerables del municipio.<\/p>\n<p>Adem\u00e1s del CADIF, el Sistema DIF cuenta con el programa \u201cAtenci\u00f3n a Personas Vulnerables\u201d, donde a trav\u00e9s de los integrantes de los Comit\u00e9s de Salud Vecinales se estar\u00e1n entregando gratuitamente: lentes, adem\u00e1s de aparatos ortop\u00e9dicos como sillas de ruedas, aparatos auditivos, andaderas y bastones a quienes lo requieran, adem\u00e1s de las jornadas de salud.<\/p>\n<p>&nbsp;<\/p>\n","protected":false},"excerpt":{"rendered":"<p>El que los l\u00edderes de las colonias pertenezcan al partido pol\u00edtico que sea, no ha sido, ni ser\u00e1 un impedimento para que los programas sociales lleguen a sus colonias, afirmo la presidenta municipal, Claudia Oyoque Ortiz, durante la entrega de Canastas Alimentarias del Sistema DIF local (CADIF).<\/p>\n","protected":false},"author":3,"featured_media":236410,"comment_status":"open","ping_status":"open","sticky":false,"template":"","format":"standard","meta":{"_monsterinsights_skip_tracking":false,"_monsterinsights_sitenote_active":false,"_monsterinsights_sitenote_note":"","_monsterinsights_sitenote_category":0,"footnotes":""},"categories":[35155],"tags":[2701,43675,970],"class_list":["post-236353","post","type-post","status-publish","format-standard","has-post-thumbnail","hentry","category-estado-de-mexico-estado-de-mexico","tag-apoyo","tag-estado-de-mexico","tag-naucalpan"],"_links":{"self":[{"href":"https:\/\/www.diarioimagen.net\/index.php?rest_route=\/wp\/v2\/posts\/236353","targetHints":{"allow":["GET"]}}],"collection":[{"href":"https:\/\/www.diarioimagen.net\/index.php?rest_route=\/wp\/v2\/posts"}],"about":[{"href":"https:\/\/www.diarioimagen.net\/index.php?rest_route=\/wp\/v2\/types\/post"}],"author":[{"embeddable":true,"href":"https:\/\/www.diarioimagen.net\/index.php?rest_route=\/wp\/v2\/users\/3"}],"replies":[{"embeddable":true,"href":"https:\/\/www.diarioimagen.net\/index.php?rest_route=%2Fwp%2Fv2%2Fcomments&post=236353"}],"version-history":[{"count":0,"href":"https:\/\/www.diarioimagen.net\/index.php?rest_route=\/wp\/v2\/posts\/236353\/revisions"}],"wp:featuredmedia":[{"embeddable":true,"href":"https:\/\/www.diarioimagen.net\/index.php?rest_route=\/wp\/v2\/media\/236410"}],"wp:attachment":[{"href":"https:\/\/www.diarioimagen.net\/index.php?rest_route=%2Fwp%2Fv2%2Fmedia&parent=236353"}],"wp:term":[{"taxonomy":"category","embeddable":true,"href":"https:\/\/www.diarioimagen.net\/index.php?rest_route=%2Fwp%2Fv2%2Fcategories&post=236353"},{"taxonomy":"post_tag","embeddable":true,"href":"https:\/\/www.diarioimagen.net\/index.php?rest_route=%2Fwp%2Fv2%2Ftags&post=236353"}],"curies":[{"name":"wp","href":"https:\/\/api.w.org\/{rel}","templated":true}]}}