{"id":236734,"date":"2015-10-02T00:07:59","date_gmt":"2015-10-02T05:07:59","guid":{"rendered":"http:\/\/www.diarioimagen.net\/?p=236734"},"modified":"2015-10-02T02:09:26","modified_gmt":"2015-10-02T07:09:26","slug":"alistan-entrega-recepcion-en-naucalpan","status":"publish","type":"post","link":"https:\/\/www.diarioimagen.net\/?p=236734","title":{"rendered":"Alistan entrega-recepci\u00f3n en Naucalpan"},"content":{"rendered":"<p><a href=\"http:\/\/www.diarioimagen.net\/?attachment_id=236802\" rel=\"attachment wp-att-236802\"><img loading=\"lazy\" decoding=\"async\" class=\"alignleft wp-image-236802 size-medium\" src=\"http:\/\/www.diarioimagen.net\/wp-content\/uploads\/2015\/10\/NAUCALPAN-2701-240x135.jpg\" alt=\"\" width=\"240\" height=\"135\" srcset=\"https:\/\/www.diarioimagen.net\/wp-content\/uploads\/2015\/10\/NAUCALPAN-2701-240x135.jpg 240w, https:\/\/www.diarioimagen.net\/wp-content\/uploads\/2015\/10\/NAUCALPAN-2701-420x236.jpg 420w, https:\/\/www.diarioimagen.net\/wp-content\/uploads\/2015\/10\/NAUCALPAN-2701-235x132.jpg 235w, https:\/\/www.diarioimagen.net\/wp-content\/uploads\/2015\/10\/NAUCALPAN-2701-202x114.jpg 202w, https:\/\/www.diarioimagen.net\/wp-content\/uploads\/2015\/10\/NAUCALPAN-2701-350x196.jpg 350w, https:\/\/www.diarioimagen.net\/wp-content\/uploads\/2015\/10\/NAUCALPAN-2701-220x123.jpg 220w, https:\/\/www.diarioimagen.net\/wp-content\/uploads\/2015\/10\/NAUCALPAN-2701-237x132.jpg 237w, https:\/\/www.diarioimagen.net\/wp-content\/uploads\/2015\/10\/NAUCALPAN-2701.jpg 480w\" sizes=\"auto, (max-width: 240px) 100vw, 240px\" \/><\/a><\/p>\n<p><strong>Naucalpan, Estado de M\u00e9xico.- <\/strong>En tres meses viene el cambio de administraci\u00f3n p\u00fablica, ya nos estamos preparando para hacer una excelente entrega-recepci\u00f3n y el objetivo es entregarla con 700 millones de pesos menos de deuda, afirm\u00f3 la presidenta municipal, Claudia Oyoque Ortiz.<\/p>\n<p>\u201cHace 3 a\u00f1os vivimos una situaci\u00f3n muy complicada, un municipio quebrado, con mil 900 millones de deuda, en la que era muy dif\u00edcil trabajar, hacer obra y en la que te entrega un alcalde mal, entonces, qui\u00e9n la padece; los ciudadanos, porque no hay bacheo, no hay obra, no hay trabajo, no hay nada\u201d, dijo la mun\u00edcipe en entrevista, al t\u00e9rmino de la ceremonia de premiaci\u00f3n de los Juegos Deportivos y Culturales de Adultos Mayores del DIF estatal.<\/p>\n","protected":false},"excerpt":{"rendered":"<p>En tres meses viene el cambio de administraci\u00f3n p\u00fablica, ya nos estamos preparando para hacer una excelente entrega-recepci\u00f3n y el objetivo es entregarla con 700 millones de pesos menos de deuda, afirm\u00f3 la presidenta municipal, Claudia Oyoque Ortiz.<\/p>\n","protected":false},"author":3,"featured_media":236802,"comment_status":"open","ping_status":"open","sticky":false,"template":"","format":"standard","meta":{"_monsterinsights_skip_tracking":false,"_monsterinsights_sitenote_active":false,"_monsterinsights_sitenote_note":"","_monsterinsights_sitenote_category":0,"footnotes":""},"categories":[35155],"tags":[43675,970],"class_list":["post-236734","post","type-post","status-publish","format-standard","has-post-thumbnail","hentry","category-estado-de-mexico-estado-de-mexico","tag-estado-de-mexico","tag-naucalpan"],"_links":{"self":[{"href":"https:\/\/www.diarioimagen.net\/index.php?rest_route=\/wp\/v2\/posts\/236734","targetHints":{"allow":["GET"]}}],"collection":[{"href":"https:\/\/www.diarioimagen.net\/index.php?rest_route=\/wp\/v2\/posts"}],"about":[{"href":"https:\/\/www.diarioimagen.net\/index.php?rest_route=\/wp\/v2\/types\/post"}],"author":[{"embeddable":true,"href":"https:\/\/www.diarioimagen.net\/index.php?rest_route=\/wp\/v2\/users\/3"}],"replies":[{"embeddable":true,"href":"https:\/\/www.diarioimagen.net\/index.php?rest_route=%2Fwp%2Fv2%2Fcomments&post=236734"}],"version-history":[{"count":0,"href":"https:\/\/www.diarioimagen.net\/index.php?rest_route=\/wp\/v2\/posts\/236734\/revisions"}],"wp:featuredmedia":[{"embeddable":true,"href":"https:\/\/www.diarioimagen.net\/index.php?rest_route=\/wp\/v2\/media\/236802"}],"wp:attachment":[{"href":"https:\/\/www.diarioimagen.net\/index.php?rest_route=%2Fwp%2Fv2%2Fmedia&parent=236734"}],"wp:term":[{"taxonomy":"category","embeddable":true,"href":"https:\/\/www.diarioimagen.net\/index.php?rest_route=%2Fwp%2Fv2%2Fcategories&post=236734"},{"taxonomy":"post_tag","embeddable":true,"href":"https:\/\/www.diarioimagen.net\/index.php?rest_route=%2Fwp%2Fv2%2Ftags&post=236734"}],"curies":[{"name":"wp","href":"https:\/\/api.w.org\/{rel}","templated":true}]}}