{"id":236844,"date":"2015-10-02T00:08:02","date_gmt":"2015-10-02T05:08:02","guid":{"rendered":"http:\/\/www.diarioimagen.net\/?p=236844"},"modified":"2015-10-05T03:24:00","modified_gmt":"2015-10-05T08:24:00","slug":"propone-eruviel-avila-convenio-conago-oea-en-materia-de-derechos-humanos","status":"publish","type":"post","link":"https:\/\/www.diarioimagen.net\/?p=236844","title":{"rendered":"Propone Eruviel \u00c1vila convenio Conago-OEA en materia de derechos humanos"},"content":{"rendered":"<ul>\n<li><strong><em>Se re\u00fanen por primera ocasi\u00f3n representantes de la Conferencia Nacional de Gobernadores e integrantes de la Comisi\u00f3n Interamericana de Derechos Humanos<\/em><\/strong><\/li>\n<\/ul>\n<p>&nbsp;<\/p>\n<p><a href=\"http:\/\/www.diarioimagen.net\/?attachment_id=236845\" rel=\"attachment wp-att-236845\"><img loading=\"lazy\" decoding=\"async\" class=\"alignleft size-medium wp-image-236845\" src=\"http:\/\/www.diarioimagen.net\/wp-content\/uploads\/2015\/10\/eruviel-cidh-240x123.jpg\" alt=\"eruviel-cidh\" width=\"240\" height=\"123\" srcset=\"https:\/\/www.diarioimagen.net\/wp-content\/uploads\/2015\/10\/eruviel-cidh-240x123.jpg 240w, https:\/\/www.diarioimagen.net\/wp-content\/uploads\/2015\/10\/eruviel-cidh-420x215.jpg 420w, https:\/\/www.diarioimagen.net\/wp-content\/uploads\/2015\/10\/eruviel-cidh.jpg 960w\" sizes=\"auto, (max-width: 240px) 100vw, 240px\" \/><\/a>Ante integrantes de la Comisi\u00f3n Interamericana de Derechos Humanos (CIDH), el gobernador Eruviel \u00c1vila Villegas, en su car\u00e1cter de presidente de la Conferencia Nacional de Gobernadores (Conago), propuso la realizaci\u00f3n de un convenio marco en derechos humanos con la Organizaci\u00f3n de Estados Americanos (OEA), con la finalidad de replicar casos de \u00e9xito en esta materia, adem\u00e1s de colaborar permanentemente en asuntos migratorios, atenci\u00f3n de menores, personas con preferencias sexuales diversas, con discapacidad y desapariciones forzadas, entre otros.<\/p>\n<p>\u201cLo importante es que hay voluntad, hay disposici\u00f3n, sobre todo compromiso para poder impulsar programas que prevengan la comisi\u00f3n y violaci\u00f3n de los derechos\u201d, afirm\u00f3 el gobernador mexiquense.<\/p>\n<p>Ante el subsecretario de Derechos Humanos de la Secretar\u00eda de Gobernaci\u00f3n, Roberto Campa Cifri\u00e1n; el embajador de M\u00e9xico ante la OEA, Emilio Rabasa; la presidenta de la CIDH, Rous-Meri Antuan, y los comisionados Treicey Robinson y Felipe Gonz\u00e1lez, as\u00ed como el gobernador de Coahuila, Rub\u00e9n Moreira Vald\u00e9s, coordinador de la Comisi\u00f3n de Derechos Humanos de la Conago, Eruviel \u00c1vila expres\u00f3 que en este encuentro, que se realiza por primera ocasi\u00f3n, se habl\u00f3 de la voluntad de trabajar de manera conjunta en la prevenci\u00f3n y sanci\u00f3n a quienes violen los derechos humanos.<\/p>\n<p>Dijo que se coment\u00f3 la posibilidad de establecer coordinaci\u00f3n con la CIDH para formular un plan estatal en materia de derechos humanos, reconociendo los avances, como en el caso del Estado de M\u00e9xico, en materia de juicios orales en materia civil, mercantil y laboral.<\/p>\n<p>Adem\u00e1s, se propuso una mesa de di\u00e1logo entre las autoridades y presidentes de las comisiones de Derechos Humanos de las entidades federativas del pa\u00eds, para conocer casos de \u00e9xito que puedan reproducirse.<\/p>\n<p>Eruviel \u00c1vila destac\u00f3 la coordinaci\u00f3n que se mantiene con el gobierno federal para dar seguimiento, a trav\u00e9s de la Secretar\u00eda de Gobernaci\u00f3n, a las inquietudes, retos y desaf\u00edos en materia de derechos humanos.<\/p>\n","protected":false},"excerpt":{"rendered":"<p>Ante integrantes de la Comisi\u00f3n Interamericana de Derechos Humanos (CIDH), el gobernador Eruviel \u00c1vila Villegas, en su car\u00e1cter de presidente de la Conferencia Nacional de Gobernadores (Conago), propuso la realizaci\u00f3n de un convenio marco en derechos humanos con la Organizaci\u00f3n de Estados Americanos (OEA), con la finalidad de replicar casos de \u00e9xito en esta materia, adem\u00e1s de colaborar permanentemente en asuntos migratorios, atenci\u00f3n de menores, personas con preferencias sexuales diversas, con discapacidad y desapariciones forzadas, entre otros.<\/p>\n","protected":false},"author":1,"featured_media":236845,"comment_status":"open","ping_status":"open","sticky":false,"template":"","format":"standard","meta":{"_monsterinsights_skip_tracking":false,"_monsterinsights_sitenote_active":false,"_monsterinsights_sitenote_note":"","_monsterinsights_sitenote_category":0,"footnotes":""},"categories":[5],"tags":[3857,4277,5828,43675,6181],"class_list":["post-236844","post","type-post","status-publish","format-standard","has-post-thumbnail","hentry","category-estado-de-mexico","tag-cidh","tag-conago","tag-eruviel-avila-villegas","tag-estado-de-mexico","tag-oea"],"_links":{"self":[{"href":"https:\/\/www.diarioimagen.net\/index.php?rest_route=\/wp\/v2\/posts\/236844","targetHints":{"allow":["GET"]}}],"collection":[{"href":"https:\/\/www.diarioimagen.net\/index.php?rest_route=\/wp\/v2\/posts"}],"about":[{"href":"https:\/\/www.diarioimagen.net\/index.php?rest_route=\/wp\/v2\/types\/post"}],"author":[{"embeddable":true,"href":"https:\/\/www.diarioimagen.net\/index.php?rest_route=\/wp\/v2\/users\/1"}],"replies":[{"embeddable":true,"href":"https:\/\/www.diarioimagen.net\/index.php?rest_route=%2Fwp%2Fv2%2Fcomments&post=236844"}],"version-history":[{"count":0,"href":"https:\/\/www.diarioimagen.net\/index.php?rest_route=\/wp\/v2\/posts\/236844\/revisions"}],"wp:featuredmedia":[{"embeddable":true,"href":"https:\/\/www.diarioimagen.net\/index.php?rest_route=\/wp\/v2\/media\/236845"}],"wp:attachment":[{"href":"https:\/\/www.diarioimagen.net\/index.php?rest_route=%2Fwp%2Fv2%2Fmedia&parent=236844"}],"wp:term":[{"taxonomy":"category","embeddable":true,"href":"https:\/\/www.diarioimagen.net\/index.php?rest_route=%2Fwp%2Fv2%2Fcategories&post=236844"},{"taxonomy":"post_tag","embeddable":true,"href":"https:\/\/www.diarioimagen.net\/index.php?rest_route=%2Fwp%2Fv2%2Ftags&post=236844"}],"curies":[{"name":"wp","href":"https:\/\/api.w.org\/{rel}","templated":true}]}}