{"id":237236,"date":"2015-10-07T00:06:42","date_gmt":"2015-10-07T05:06:42","guid":{"rendered":"http:\/\/www.diarioimagen.net\/?p=237236"},"modified":"2015-10-07T03:05:48","modified_gmt":"2015-10-07T08:05:48","slug":"satelite-morelos-3-desplegara-sus-antenas-el-16-de-octubre","status":"publish","type":"post","link":"https:\/\/www.diarioimagen.net\/?p=237236","title":{"rendered":"Sat\u00e9lite Morelos 3 desplegar\u00e1 sus antenas el 16 de octubre"},"content":{"rendered":"<ul>\n<li><em><strong>Mayor cobertura de comunicaciones<\/strong><\/em><\/li>\n<\/ul>\n<div id=\"attachment_237237\" style=\"width: 250px\" class=\"wp-caption alignleft\"><a href=\"http:\/\/www.diarioimagen.net\/?attachment_id=237237\" rel=\"attachment wp-att-237237\"><img loading=\"lazy\" decoding=\"async\" aria-describedby=\"caption-attachment-237237\" class=\"size-medium wp-image-237237\" src=\"http:\/\/www.diarioimagen.net\/wp-content\/uploads\/2015\/10\/SATELITE-PORTAL-240x140.jpg\" alt=\"El lanzamiento del Sat\u00e9lite Morelos fue el pasado 2 de octubre desde el Cabo Ca\u00f1averal.\" width=\"240\" height=\"140\" srcset=\"https:\/\/www.diarioimagen.net\/wp-content\/uploads\/2015\/10\/SATELITE-PORTAL-240x140.jpg 240w, https:\/\/www.diarioimagen.net\/wp-content\/uploads\/2015\/10\/SATELITE-PORTAL-420x245.jpg 420w, https:\/\/www.diarioimagen.net\/wp-content\/uploads\/2015\/10\/SATELITE-PORTAL.jpg 480w\" sizes=\"auto, (max-width: 240px) 100vw, 240px\" \/><\/a><p id=\"caption-attachment-237237\" class=\"wp-caption-text\">El lanzamiento del Sat\u00e9lite Morelos fue el pasado 2 de octubre desde el Cabo Ca\u00f1averal.<\/p><\/div>\n<p>El reci\u00e9n lanzado sat\u00e9lite Morelos 3 comenzar\u00e1 a desplegar sus antenas el pr\u00f3ximo 16 de octubre para su \u00f3ptimo funcionamiento, lo que permitir\u00e1 la cobertura de comunicaciones m\u00f3viles en el pa\u00eds, inform\u00f3 la Presidencia de la Rep\u00fablica.<\/p>\n<p>A trav\u00e9s de su cuenta de Twitter @PresidenciaMX, se\u00f1al\u00f3 que con esta tecnolog\u00eda, tambi\u00e9n habr\u00e1 cobertura m\u00f3vil en el mar territorial, as\u00ed como en las zonas rurales y la zona econ\u00f3mica exclusiva.<\/p>\n<p>Tambi\u00e9n dar\u00e1 apoyo durante la ocurrencia de desastres naturales con el fortalecimiento en temas de protecci\u00f3n civil, seguridad nacional y conectividad.<\/p>\n<p>Su lanzamiento fue en el complejo 41 de la Fuerza A\u00e9rea de Cabo Ca\u00f1averal en Florida y const\u00f3 de dos etapas: el despegue de cohete Atlas V y la separaci\u00f3n del sat\u00e9lite.<\/p>\n<p>El sat\u00e9lite Morelos 3 fue lanzado al espacio el pasado 2 de octubre desde el complejo 41 de la Base de la Fuerza A\u00e9rea en el Centro Espacial Kennedy de Cabo Ca\u00f1averal, por la empresa Lockheed Martin Commercial Launch Services.<\/p>\n","protected":false},"excerpt":{"rendered":"<p>El reci\u00e9n lanzado sat\u00e9lite Morelos 3 comenzar\u00e1 a desplegar sus antenas el pr\u00f3ximo 16 de octubre para su \u00f3ptimo funcionamiento, lo que permitir\u00e1 la cobertura de comunicaciones m\u00f3viles en el pa\u00eds, inform\u00f3 la Presidencia de la Rep\u00fablica.<\/p>\n","protected":false},"author":5,"featured_media":237237,"comment_status":"open","ping_status":"open","sticky":false,"template":"","format":"standard","meta":{"_monsterinsights_skip_tracking":false,"_monsterinsights_sitenote_active":false,"_monsterinsights_sitenote_note":"","_monsterinsights_sitenote_category":0,"footnotes":""},"categories":[25512],"tags":[1359,43673,13136],"class_list":["post-237236","post","type-post","status-publish","format-standard","has-post-thumbnail","hentry","category-nacional-nacional","tag-florida","tag-nacional","tag-satelite"],"_links":{"self":[{"href":"https:\/\/www.diarioimagen.net\/index.php?rest_route=\/wp\/v2\/posts\/237236","targetHints":{"allow":["GET"]}}],"collection":[{"href":"https:\/\/www.diarioimagen.net\/index.php?rest_route=\/wp\/v2\/posts"}],"about":[{"href":"https:\/\/www.diarioimagen.net\/index.php?rest_route=\/wp\/v2\/types\/post"}],"author":[{"embeddable":true,"href":"https:\/\/www.diarioimagen.net\/index.php?rest_route=\/wp\/v2\/users\/5"}],"replies":[{"embeddable":true,"href":"https:\/\/www.diarioimagen.net\/index.php?rest_route=%2Fwp%2Fv2%2Fcomments&post=237236"}],"version-history":[{"count":0,"href":"https:\/\/www.diarioimagen.net\/index.php?rest_route=\/wp\/v2\/posts\/237236\/revisions"}],"wp:featuredmedia":[{"embeddable":true,"href":"https:\/\/www.diarioimagen.net\/index.php?rest_route=\/wp\/v2\/media\/237237"}],"wp:attachment":[{"href":"https:\/\/www.diarioimagen.net\/index.php?rest_route=%2Fwp%2Fv2%2Fmedia&parent=237236"}],"wp:term":[{"taxonomy":"category","embeddable":true,"href":"https:\/\/www.diarioimagen.net\/index.php?rest_route=%2Fwp%2Fv2%2Fcategories&post=237236"},{"taxonomy":"post_tag","embeddable":true,"href":"https:\/\/www.diarioimagen.net\/index.php?rest_route=%2Fwp%2Fv2%2Ftags&post=237236"}],"curies":[{"name":"wp","href":"https:\/\/api.w.org\/{rel}","templated":true}]}}