{"id":237278,"date":"2015-10-07T00:05:29","date_gmt":"2015-10-07T05:05:29","guid":{"rendered":"http:\/\/www.diarioimagen.net\/?p=237278"},"modified":"2015-10-07T05:59:50","modified_gmt":"2015-10-07T10:59:50","slug":"serrat-celebrara-medio-siglo-de-trayectoria-en-el-auditorio","status":"publish","type":"post","link":"https:\/\/www.diarioimagen.net\/?p=237278","title":{"rendered":"Serrat celebrar\u00e1 medio siglo de trayectoria en el Auditorio"},"content":{"rendered":"<ul>\n<li><strong><em>Presentar\u00e1 su Antolog\u00eda desordenada e interpretar\u00e1 una selecci\u00f3n de su cancionero, integrado por m\u00e1s de 600 temas<\/em><\/strong><\/li>\n<\/ul>\n<p>&nbsp;<\/p>\n<div id=\"attachment_237279\" style=\"width: 250px\" class=\"wp-caption alignleft\"><a href=\"http:\/\/www.diarioimagen.net\/?attachment_id=237279\" rel=\"attachment wp-att-237279\"><img loading=\"lazy\" decoding=\"async\" aria-describedby=\"caption-attachment-237279\" class=\"wp-image-237279 size-medium\" src=\"http:\/\/www.diarioimagen.net\/wp-content\/uploads\/2015\/10\/joan-manuel-portal-240x140.jpg\" alt=\"Serrat se ha presentado en el Auditorio Nacional desde 1984, la mayor\u00eda de las veces como solista (9 temporadas), pero tambi\u00e9n al lado de Joaqu\u00edn Sabina; junto a su gran amigo ofreci\u00f3 dos conciertos (2007 y 2012).\" width=\"240\" height=\"140\" srcset=\"https:\/\/www.diarioimagen.net\/wp-content\/uploads\/2015\/10\/joan-manuel-portal-240x140.jpg 240w, https:\/\/www.diarioimagen.net\/wp-content\/uploads\/2015\/10\/joan-manuel-portal-420x245.jpg 420w, https:\/\/www.diarioimagen.net\/wp-content\/uploads\/2015\/10\/joan-manuel-portal.jpg 480w\" sizes=\"auto, (max-width: 240px) 100vw, 240px\" \/><\/a><p id=\"caption-attachment-237279\" class=\"wp-caption-text\">Serrat se ha presentado en el Auditorio Nacional desde 1984, la mayor\u00eda de las veces como solista, pero tambi\u00e9n al lado de Joaqu\u00edn Sabina.<\/p><\/div>\n<p>El cantautor espa\u00f1ol Joan Manuel Serrat festejar\u00e1 50 a\u00f1os de trayectoria con dos conciertos en el Auditorio Nacional, donde presentar\u00e1 su \u201cAntolog\u00eda desordenada\u201d.<\/p>\n<p>M\u00e9xico es una de las paradas obligadas en su tour internacional que empez\u00f3 en febrero, y los pr\u00f3ximos 9 y 10 de octubre interpretar\u00e1 en el Coloso de Reforma, una selecci\u00f3n de su cancionero integrado por m\u00e1s de 600 temas. Se trata de una gira con m\u00e1s de 90 conciertos en los que canta cerca de 25 melod\u00edas y ya pas\u00f3 por algunos pa\u00edses de Latinoam\u00e9rica, como Uruguay, Argentina, Paraguay y Chile.<\/p>\n<p>De mayo a julio se present\u00f3 en Espa\u00f1a y a partir de septiembre regres\u00f3 al continente americano, visit\u00f3 Rep\u00fablica Dominicana, Puerto Rico, Colombia, Ecuador, Estados Unidos y ahora en M\u00e9xico. Desde que irrumpi\u00f3 en el mundo de la m\u00fasica, Serrat no ha dejado de escribir canciones, realizar giras y grabar discos, entre sus \u00e9xitos se encuentran \u201cCantares\u201d, \u201cPen\u00e9lope\u201d, \u201cSe\u00f1ora\u201d, \u201cTu nombre me sabe a hierba\u201d, \u201cAquellas peque\u00f1as cosas\u201d, \u201cFiesta\u201d, \u201cHoy puede ser un gran d\u00eda\u201d, entre otros.<\/p>\n<p>Serrat se ha presentado en el Auditorio Nacional desde 1984, la mayor\u00eda de las veces como solista (9 temporadas), pero tambi\u00e9n al lado de Joaqu\u00edn Sabina y junto a su gran amigo ofreci\u00f3 dos conciertos (2007 y 2012).<\/p>\n<p>Este recinto capitalino, que lo acogi\u00f3 por primera vez a mediados de los a\u00f1os 80, tambi\u00e9n lo ha reconocido en cinco ocasiones con el galard\u00f3n <em>Luna del Auditorio<\/em>. La primera vez que recibi\u00f3 esta presea fue en 2002, y siempre en la categor\u00eda \u201cM\u00fasica de Iberoam\u00e9rica para el mundo\u201d (2004, 2009, 2011 y 2014).<\/p>\n<blockquote><p>Joan Manuel Serrat. <em>Antolog\u00eda desordenada<\/em>, se presentar\u00e1 en el Auditorio Nacional con dos conciertos, que se llevar\u00e1n a cabo el viernes 9 de octubre a las 20:00 horas y el s\u00e1bado 10, a las 20:30 horas (Reforma 50, Bosque de Chapultepec). Boletos: De $300 a $1500, disponibles en taquillas del foro y en el Sistema Ticketmaster, tel\u00e9fono 5325-9000.<\/p><\/blockquote>\n<p>&nbsp;<\/p>\n","protected":false},"excerpt":{"rendered":"<p>El cantautor espa\u00f1ol Joan Manuel Serrat festejar\u00e1 50 a\u00f1os de trayectoria con dos conciertos en el Auditorio Nacional, donde presentar\u00e1 su \u201cAntolog\u00eda desordenada\u201d.<\/p>\n","protected":false},"author":5,"featured_media":237279,"comment_status":"open","ping_status":"open","sticky":false,"template":"","format":"standard","meta":{"_monsterinsights_skip_tracking":false,"_monsterinsights_sitenote_active":false,"_monsterinsights_sitenote_note":"","_monsterinsights_sitenote_category":0,"footnotes":""},"categories":[12],"tags":[471,43682,473,19286],"class_list":["post-237278","post","type-post","status-publish","format-standard","has-post-thumbnail","hentry","category-espectaculos","tag-auditorio-nacional","tag-espectaculos","tag-joan-manuel-serrat","tag-trayectoria"],"_links":{"self":[{"href":"https:\/\/www.diarioimagen.net\/index.php?rest_route=\/wp\/v2\/posts\/237278","targetHints":{"allow":["GET"]}}],"collection":[{"href":"https:\/\/www.diarioimagen.net\/index.php?rest_route=\/wp\/v2\/posts"}],"about":[{"href":"https:\/\/www.diarioimagen.net\/index.php?rest_route=\/wp\/v2\/types\/post"}],"author":[{"embeddable":true,"href":"https:\/\/www.diarioimagen.net\/index.php?rest_route=\/wp\/v2\/users\/5"}],"replies":[{"embeddable":true,"href":"https:\/\/www.diarioimagen.net\/index.php?rest_route=%2Fwp%2Fv2%2Fcomments&post=237278"}],"version-history":[{"count":0,"href":"https:\/\/www.diarioimagen.net\/index.php?rest_route=\/wp\/v2\/posts\/237278\/revisions"}],"wp:featuredmedia":[{"embeddable":true,"href":"https:\/\/www.diarioimagen.net\/index.php?rest_route=\/wp\/v2\/media\/237279"}],"wp:attachment":[{"href":"https:\/\/www.diarioimagen.net\/index.php?rest_route=%2Fwp%2Fv2%2Fmedia&parent=237278"}],"wp:term":[{"taxonomy":"category","embeddable":true,"href":"https:\/\/www.diarioimagen.net\/index.php?rest_route=%2Fwp%2Fv2%2Fcategories&post=237278"},{"taxonomy":"post_tag","embeddable":true,"href":"https:\/\/www.diarioimagen.net\/index.php?rest_route=%2Fwp%2Fv2%2Ftags&post=237278"}],"curies":[{"name":"wp","href":"https:\/\/api.w.org\/{rel}","templated":true}]}}