{"id":237293,"date":"2015-10-07T00:01:24","date_gmt":"2015-10-07T05:01:24","guid":{"rendered":"http:\/\/www.diarioimagen.net\/?p=237293"},"modified":"2015-10-07T23:50:56","modified_gmt":"2015-10-08T04:50:56","slug":"cerro-con-exito-en-ixtapan-de-la-sal-el-the-north-american-advisory-summit-2015-que-promueve-el-turismo-de-reuniones","status":"publish","type":"post","link":"https:\/\/www.diarioimagen.net\/?p=237293","title":{"rendered":"Cerr\u00f3 con \u00e9xito en Ixtapan de la Sal el <em>The North American Advisory Summit 2015<\/em>, que promueve el Turismo de Reuniones"},"content":{"rendered":"<h2>De cinco estrellas<\/h2>\n<h5>Victoria Gonz\u00e1lez Prado<\/h5>\n<p>&nbsp;<\/p>\n<ul>\n<li><strong>Volaris<\/strong><em><strong> reporta resultados de tr\u00e1fico de septiembre 2015; con un crecimiento del 35%<\/strong><\/em><\/li>\n<li><strong>Simon<\/strong><em><strong> se viste de rosa para \u201cMisi\u00f3n Pink\u201d de Susan G. Komen, en la lucha contra el c\u00e1ncer de mama<\/strong><\/em><\/li>\n<\/ul>\n<div id=\"attachment_237413\" style=\"width: 250px\" class=\"wp-caption alignleft\"><a href=\"http:\/\/www.diarioimagen.net\/?attachment_id=237413\" rel=\"attachment wp-att-237413\"><img loading=\"lazy\" decoding=\"async\" aria-describedby=\"caption-attachment-237413\" class=\"size-medium wp-image-237413\" src=\"http:\/\/www.diarioimagen.net\/wp-content\/uploads\/2015\/10\/turismo-2713-240x135.jpg\" alt=\"Vista de Ixtapan de la Sal.\" width=\"240\" height=\"135\" srcset=\"https:\/\/www.diarioimagen.net\/wp-content\/uploads\/2015\/10\/turismo-2713-240x135.jpg 240w, https:\/\/www.diarioimagen.net\/wp-content\/uploads\/2015\/10\/turismo-2713-420x236.jpg 420w, https:\/\/www.diarioimagen.net\/wp-content\/uploads\/2015\/10\/turismo-2713-480x270.jpg 480w, https:\/\/www.diarioimagen.net\/wp-content\/uploads\/2015\/10\/turismo-2713-235x132.jpg 235w, https:\/\/www.diarioimagen.net\/wp-content\/uploads\/2015\/10\/turismo-2713-202x114.jpg 202w, https:\/\/www.diarioimagen.net\/wp-content\/uploads\/2015\/10\/turismo-2713-350x196.jpg 350w, https:\/\/www.diarioimagen.net\/wp-content\/uploads\/2015\/10\/turismo-2713-220x123.jpg 220w, https:\/\/www.diarioimagen.net\/wp-content\/uploads\/2015\/10\/turismo-2713-237x132.jpg 237w, https:\/\/www.diarioimagen.net\/wp-content\/uploads\/2015\/10\/turismo-2713.jpg 700w\" sizes=\"auto, (max-width: 240px) 100vw, 240px\" \/><\/a><p id=\"caption-attachment-237413\" class=\"wp-caption-text\">Vista de Ixtapan de la Sal.<\/p><\/div>\n<p>Cerr\u00f3 con \u00e9xito el <em>The North American Advisory Summit 2015, <\/em>que tiene la intenci\u00f3n de fomentar el desarrollo en el sector tur\u00edstico de congresos, convenciones, ferias y exposiciones.<\/p>\n<p>Con un panel de expertos en estas \u00e1reas, grandes agentes de planeaci\u00f3n de este tipo de eventos, provenientes de EU, Canad\u00e1 y Australia, entre ellos Dean Martin de <em>Microsof<\/em>; Jami Stepelmann de <em>Est\u00e9 Lauder<\/em>; Marcia Lyons en el \u00e1rea del gas y el petr\u00f3leo; Roberta A. Kravitis, en el \u00e1rea de Medicina y Eduardo Chirillo, compartieron su experiencia y conocimiento en la creaci\u00f3n y desarrollo de proyectos que detonen el desarrollo econ\u00f3mico en el Turismo de Reuniones en nuestro pa\u00eds.<\/p>\n<p>El gobernador del Estado de M\u00e9xico <strong>Eruviel <\/strong>\u00c1<strong>vila<\/strong>, en la inauguraci\u00f3n mencion\u00f3 la importancia de impulsar el Turismo de Reuniones y con ello fomentar el crecimiento econ\u00f3mico de Pueblos M\u00e1gicos que pueden dar cabida y todas las facilidades que este tipo de turismo necesita.<\/p>\n<p>Para ello, dijo <strong>Eruviel<\/strong> hay cuatro lugares que brindan accesibilidad, hospitalidad, confort, cultura, artesan\u00edas, belleza, relajaci\u00f3n, espacios dise\u00f1ados para congresos y para el placer como campos de golf o spas, adem\u00e1s de una cultura propia, naturaleza ex\u00f3tica y su gastronom\u00eda particular: Toluca con Metepec, Valle de Bravo, Ixtapan de la Sal y Teotihuac\u00e1n.<\/p>\n<p>Recalc\u00f3 la importancia que el gobierno federal est\u00e1 impulsando este rubro con la ampliaci\u00f3n de carreteras, la construcci\u00f3n de un nuevo aeropuerto, un nuevo centro de convenciones en un espacio que fue utilizado por el crimen organizado y que ahora fomentar\u00eda la econom\u00eda y el turismo, y que contar\u00eda con un centro de seguridad con la m\u00e1s alta tecnolog\u00eda en este \u00e1mbito, con el objetivo de fomentar el desarrollo de la regi\u00f3n.<\/p>\n<p>\u2730\u2730\u2730\u2730\u2730 La l\u00ednea a\u00e9rea Volaris report\u00f3 los resultados preliminares de tr\u00e1fico de septiembre y acumulados del a\u00f1o 2015. Debido a la fuerte demanda en los mercados nacionales e internacionales, durante ese mes, la aerol\u00ednea increment\u00f3 su capacidad total medida en\u00a0t\u00e9rminos de asientos-milla disponibles (ASMs por sus siglas en ingl\u00e9s) en un 33.6%, comparado con el mismo periodo del a\u00f1o anterior. La demanda total en septiembre, medida en pasajeros-milla reservados (RPMs por sus siglas en ingl\u00e9s), aument\u00f3 32.2% comparado con el mismo periodo del a\u00f1o anterior, alcanzando 842 millones.\u00a0As\u00ed, Volaris transport\u00f3 un total de 892 mil pasajeros durante el mes, un incremento de 35.4% comparado contra el mismo per\u00edodo del a\u00f1o anterior.<\/p>\n<p>Durante los primeros nueve meses del a\u00f1o,\u00a0ha transportado m\u00e1s de 8.7 millones de pasajeros, lo que representa un incremento de 21.4% comparado contra el mismo periodo del a\u00f1o anterior.<\/p>\n<p>En septiembre increment\u00f3 los ASMs internacionales en 45.0% y los ASMs nacionales en 29.6%. El factor de ocupaci\u00f3n para septiembre alcanz\u00f3 77.9%, una disminuci\u00f3n de 0.9 puntos porcentuales comparados contra el mismo periodo del a\u00f1o anterior.<\/p>\n<p>En septiembre 2015, la aerol\u00ednea lanz\u00f3 dos nuevas rutas internacionales: Canc\u00fan\u2013San Jos\u00e9, Costa Rica y Guadalajara\u2013San Jos\u00e9, Costa Rica.<\/p>\n<p>\u2730\u2730\u2730\u2730\u2730 Simon anunci\u00f3 su compromiso nacional con la organizaci\u00f3n Susan G. Komen\u00a0para apoyar la lucha contra el c\u00e1ncer de mama. Los <em>Simon Malls, The Mills<\/em> y <em>Simon Premium Outlets<\/em> participantes de todos los Estados Unidos, involucrar\u00e1n a sus empleados, vendedores y compradores en los eventos \u201c<em>Mission Pink<\/em>\u201d durante el mes de octubre.<\/p>\n<p>\u201cComo miembros activos dentro de las comunidades que servimos, <em>Simon Malls, The Mills<\/em> y <em>Premium Outlets<\/em> ofrecen un escenario ideal para la concientizaci\u00f3n y el fomento del apoyo en la b\u00fasqueda de la cura del c\u00e1ncer de mama, una enfermedad que sabemos afecta a muchos de nuestros empleados, distribuidores y compradores todos los a\u00f1os\u201d, dijo <strong>Krystal Zell<\/strong>, Senior VP de mercadotecnia de Simon. \u201cLa empresa ha apoyado eventos de la organizaci\u00f3n Susan G. Komen durante muchos a\u00f1os en ciertos centros y es muy emocionante poder ahora elevar nuestro nivel de compromiso para que todos nuestros centros comerciales est\u00e9n involucrados\u201d.<\/p>\n<p>\u201cEstamos encantados de trabajar con las personas dedicadas de la empresa\u201d, dijo el Dr. <strong>Judy Salerno<\/strong>, presidente y CEO de Komen. \u201cCon un caso de c\u00e1ncer de mama diagnosticado cada dos minutos en los EU, los programas como <em>\u2018Mission Pink<\/em>\u2019 de Simon juegan un papel clave en llevar nuestra misi\u00f3n a las comunidades de todo el pa\u00eds. El apoyo de la empresa y de sus clientes nos ayudar\u00e1 a financiar la investigaci\u00f3n, prestar apoyo a las mujeres, hombres y las familias de los que sufren de c\u00e1ncer de mama, y avanzar hacia un mundo sin c\u00e1ncer de mama\u201d.<\/p>\n<p>Los visitantes de <em>Simon Malls, The Mills<\/em> y <em>Premium Outlets<\/em> participantes, notar\u00e1n el tem\u00e1tico color rosa en los mostradores de\u00a0<em>Simon Guest Services<\/em>. \u00a0El personal estar\u00e1 honrando el \u2018Mes Nacional de la Concientizaci\u00f3n sobre el C\u00e1ncer de Mama\u2019 poni\u00e9ndose accesorios rosados. Otras actividades previstas son: Mensaje de Fuerza: Proporcionar una oportunidad para que los supervivientes, los partidarios y sus familias puedan expresar visualmente lo que les da fuerza durante su lucha contra el c\u00e1ncer de mama.<\/p>\n<p>Programa de Vales: En <em>Simon Mills<\/em> y <em>Premium Outlets<\/em> participantes, vales de 10 d\u00f3lares (en forma de tarjeta de regalo), est\u00e1n disponibles en el mostrador de <em>Simon Guest Services<\/em>. Estos vales\u00a0ofrecer\u00e1n el 25% de descuento en la compra de un art\u00edculo, en las tiendas participantes. El cien por ciento de estas donaciones beneficiar\u00e1 a Komen.<\/p>\n<p><em>Style Pass<\/em>: En <em>Simon Malls<\/em> participantes, los compradores pueden adquirir por 5 d\u00f3lares el pase que contiene descuentos de muchas tiendas.\u00a0 El 100 por ciento de estas donaciones benefician Komen.<\/p>\n<p>Programaci\u00f3n local: los centros comerciales trabajar\u00e1n con afiliados locales en organizar eventos adicionales relevantes dentro de su mercado.<\/p>\n<p>Sorpresas y alegr\u00edas: Se generar\u00e1 conciencia sobre el \u2018Mes Nacional de la Concientizaci\u00f3n sobre el C\u00e1ncer de Mama\u2019 de Susan G. Komen sorprendiendo a compradores seleccionados al azar con regalitos de \u201c<em>Mission Pink<\/em>\u201d mientras hacen sus compras.<\/p>\n<p>De esta forma, Simon se enorgullece al apoyar a Susan G. Komen por medio de diversas iniciativas de recaudaci\u00f3n de fondos y, junto con la ayuda de sus clientes, garantizar\u00e1 una contribuci\u00f3n de al menos 250 mil d\u00f3lares.<\/p>\n<p><em><i><a href=\"mailto:victoriagprado@gmail.com\" target=\"_blank\">victoriagprado@gmail.com<\/a><\/i><\/em><\/p>\n","protected":false},"excerpt":{"rendered":"<p>Cerr\u00f3 con \u00e9xito el <em>The North American Advisory Summit 2015, <\/em>que tiene la intenci\u00f3n de fomentar el desarrollo en el sector tur\u00edstico de congresos, convenciones, ferias y exposiciones.<\/p>\n","protected":false},"author":3,"featured_media":237413,"comment_status":"open","ping_status":"open","sticky":false,"template":"","format":"standard","meta":{"_monsterinsights_skip_tracking":false,"_monsterinsights_sitenote_active":false,"_monsterinsights_sitenote_note":"","_monsterinsights_sitenote_category":0,"footnotes":""},"categories":[11],"tags":[107,43674,43681,106],"class_list":["post-237293","post","type-post","status-publish","format-standard","has-post-thumbnail","hentry","category-turismo","tag-de-cinco-estrellas","tag-opinion","tag-turismo","tag-victoria-gonzalez-prado"],"_links":{"self":[{"href":"https:\/\/www.diarioimagen.net\/index.php?rest_route=\/wp\/v2\/posts\/237293","targetHints":{"allow":["GET"]}}],"collection":[{"href":"https:\/\/www.diarioimagen.net\/index.php?rest_route=\/wp\/v2\/posts"}],"about":[{"href":"https:\/\/www.diarioimagen.net\/index.php?rest_route=\/wp\/v2\/types\/post"}],"author":[{"embeddable":true,"href":"https:\/\/www.diarioimagen.net\/index.php?rest_route=\/wp\/v2\/users\/3"}],"replies":[{"embeddable":true,"href":"https:\/\/www.diarioimagen.net\/index.php?rest_route=%2Fwp%2Fv2%2Fcomments&post=237293"}],"version-history":[{"count":0,"href":"https:\/\/www.diarioimagen.net\/index.php?rest_route=\/wp\/v2\/posts\/237293\/revisions"}],"wp:featuredmedia":[{"embeddable":true,"href":"https:\/\/www.diarioimagen.net\/index.php?rest_route=\/wp\/v2\/media\/237413"}],"wp:attachment":[{"href":"https:\/\/www.diarioimagen.net\/index.php?rest_route=%2Fwp%2Fv2%2Fmedia&parent=237293"}],"wp:term":[{"taxonomy":"category","embeddable":true,"href":"https:\/\/www.diarioimagen.net\/index.php?rest_route=%2Fwp%2Fv2%2Fcategories&post=237293"},{"taxonomy":"post_tag","embeddable":true,"href":"https:\/\/www.diarioimagen.net\/index.php?rest_route=%2Fwp%2Fv2%2Ftags&post=237293"}],"curies":[{"name":"wp","href":"https:\/\/api.w.org\/{rel}","templated":true}]}}