{"id":237306,"date":"2015-10-07T00:07:46","date_gmt":"2015-10-07T05:07:46","guid":{"rendered":"http:\/\/www.diarioimagen.net\/?p=237306"},"modified":"2015-10-07T23:34:20","modified_gmt":"2015-10-08T04:34:20","slug":"se-incorporan-al-sistema-penal-oral-35-delitos-mas","status":"publish","type":"post","link":"https:\/\/www.diarioimagen.net\/?p=237306","title":{"rendered":"Se incorporan al sistema penal oral 35 delitos m\u00e1s"},"content":{"rendered":"<ul>\n<li><strong><em>Corresponsabilidades entre poderes: El\u00edas Azar<\/em><\/strong><\/li>\n<\/ul>\n<h6>Jos\u00e9 Luis Monta\u00f1ez<\/h6>\n<p>&nbsp;<\/p>\n<div id=\"attachment_237392\" style=\"width: 250px\" class=\"wp-caption alignleft\"><a href=\"http:\/\/www.diarioimagen.net\/?attachment_id=237392\" rel=\"attachment wp-att-237392\"><img loading=\"lazy\" decoding=\"async\" aria-describedby=\"caption-attachment-237392\" class=\"size-medium wp-image-237392\" src=\"http:\/\/www.diarioimagen.net\/wp-content\/uploads\/2015\/10\/tsjdf-2713-240x135.jpg\" alt=\"La implementaci\u00f3n del nuevo sistema penal acusatorio en el D.F., ha implicado a\u00f1os de trabajo sin tregua ni pausa, se\u00f1ala el magistrado presidente del TSJDF, Edgar El\u00edas Azar.\" width=\"240\" height=\"135\" srcset=\"https:\/\/www.diarioimagen.net\/wp-content\/uploads\/2015\/10\/tsjdf-2713-240x135.jpg 240w, https:\/\/www.diarioimagen.net\/wp-content\/uploads\/2015\/10\/tsjdf-2713-420x236.jpg 420w, https:\/\/www.diarioimagen.net\/wp-content\/uploads\/2015\/10\/tsjdf-2713-235x132.jpg 235w, https:\/\/www.diarioimagen.net\/wp-content\/uploads\/2015\/10\/tsjdf-2713-202x114.jpg 202w, https:\/\/www.diarioimagen.net\/wp-content\/uploads\/2015\/10\/tsjdf-2713-350x196.jpg 350w, https:\/\/www.diarioimagen.net\/wp-content\/uploads\/2015\/10\/tsjdf-2713-220x123.jpg 220w, https:\/\/www.diarioimagen.net\/wp-content\/uploads\/2015\/10\/tsjdf-2713-237x132.jpg 237w, https:\/\/www.diarioimagen.net\/wp-content\/uploads\/2015\/10\/tsjdf-2713.jpg 480w\" sizes=\"auto, (max-width: 240px) 100vw, 240px\" \/><\/a><p id=\"caption-attachment-237392\" class=\"wp-caption-text\">La implementaci\u00f3n del nuevo sistema penal acusatorio en el D.F., ha implicado a\u00f1os de trabajo sin tregua ni pausa, se\u00f1ala el magistrado presidente del TSJDF, Edgar El\u00edas Azar.<\/p><\/div>\n<p>\u201cLa implementaci\u00f3n del sistema penal acusatorio en el Distrito Federal, ha implicado a\u00f1os de trabajo sin tregua ni pausa. Es un sistema que se funde m\u00e1s en los jueces y en la ley, esto es, en la fuerza de la raz\u00f3n y\u00a0 no en la raz\u00f3n de la fuerza\u201d. As\u00ed lo se\u00f1al\u00f3 el magistrado presidente del Tribunal Superior de Justicia del Distrito Federal, Edgar El\u00edas Azar, en la presentaci\u00f3n de la ampliaci\u00f3n del cat\u00e1logo de delitos en el sistema penal acusatorio en el Distrito Federal, por parte del jefe de gobierno del Distrito Federal, Miguel \u00c1ngel Mancera Espinosa.<\/p>\n<p>Apunt\u00f3 que la implementaci\u00f3n del sistema acusatorio en el Distrito Federal, ha sido una tarea de corresponsabilidades, tanto del gobierno federal como del gobierno de la ciudad de M\u00e9xico en sus tres vertientes: Asamblea Legislativa, Poder Judicial y Jefatura de Gobierno.<\/p>\n<p>El\u00edas Azar particip\u00f3 en la ceremonia en la que se firm\u00f3 el Decreto por el que se reforma y adiciona la declaratoria segunda del decreto por el que se declara la incorporaci\u00f3n del sistema procesal penal acusatorio y del C\u00f3digo Nacional de Procedimientos Penales al orden jur\u00eddico del Distrito Federal, publicado en la Gaceta Oficial del Distrito Federal el 20 de agosto de 2014.<\/p>\n<p>Los delitos que se incorporan al cat\u00e1logo del sistema penal oral, son, los de lesiones, ayuda al suicidio, aborto, omisi\u00f3n de auxilio o de cuidado, tr\u00e1fico de menores, retenci\u00f3n de menores o incapaces, corrupci\u00f3n de personas menores de edad o que no tengan capacidad para comprender el significado del hecho; bigamia, delito de cobranza ileg\u00edtima, usurpaci\u00f3n de identidad, disparo de arma de fuego, revelaci\u00f3n de secretos, abuso de confianza, fraude, administraci\u00f3n fraudulenta, insolvencia fraudulenta en perjuicio de acreedores, cohecho, peculado, enriquecimiento il\u00edcito, denegaci\u00f3n o retardo de justicia y prevaricaci\u00f3n, omisi\u00f3n de informes m\u00e9dico forenses, variaci\u00f3n del nombre o domicilio, simulaci\u00f3n de pruebas, delitos de abogados, patronos y litigantes, encubrimiento por favorecimiento, abandono, negaci\u00f3n y pr\u00e1ctica indebida del servicio m\u00e9dico, responsabilidad de directores, encargados, administradores o empleados de centros de salud y agencias funerarias, por requerimiento arbitrario de la contraprestaci\u00f3n,\u00a0 suministro de medicinas nocivas o inapropiadas, ataques a las v\u00edas de comunicaci\u00f3n y a los medios de transporte, delitos contra la seguridad del tr\u00e1nsito de veh\u00edculos, falsificaci\u00f3n de sellos, marcas, llaves, cu\u00f1os, troqueles, contrase\u00f1as y otros,\u00a0 falsificaci\u00f3n o alteraci\u00f3n y uso indebido de documentos, delitos contra el ambiente, delitos contra la gesti\u00f3n ambiental, delitos cometidos por actos de maltrato o crueldad en contra de animales (por causar la muerte).<\/p>\n<p>El Decreto se publicar\u00e1 en la Gaceta Oficial del Distrito Federal, y entrar\u00e1 en vigor al d\u00eda siguiente de su publicaci\u00f3n.<\/p>\n<p>En el acto, encabezado por el jefe de gobierno del D.F., en el edificio del Antiguo Palacio del Ayuntamiento, tambi\u00e9n asistieron Mar\u00eda de los \u00c1ngeles Fromow Rangel, titular de la Secretar\u00eda T\u00e9cnica del Consejo de Coordinaci\u00f3n para la Implementaci\u00f3n del Sistema de Justicia Penal; Manuel Granados Covarrubias, consejero Jur\u00eddico del gobierno del Distrito Federal; Rodolfo R\u00edos Garza, procurador general de Justicia del Distrito Federal, as\u00ed como diputados a la Asamblea Legislativa del Distrito Federal, magistrados y jueces del Tribunal Superior de Justicia del Distrito Federal.<\/p>\n<p>&nbsp;<\/p>\n","protected":false},"excerpt":{"rendered":"<p><span style=\"color: #005497;\">Jos\u00e9 Luis Monta\u00f1ez<\/span><br \/>\n<br \/>\n\u201cLa implementaci\u00f3n del sistema penal acusatorio en el Distrito Federal, ha implicado a\u00f1os de trabajo sin tregua ni pausa. Es un sistema que se funde m\u00e1s en los jueces y en la ley, esto es, en la fuerza de la raz\u00f3n y  no en la raz\u00f3n de la fuerza\u201d. As\u00ed lo se\u00f1al\u00f3 el magistrado presidente del Tribunal Superior de Justicia del Distrito Federal, Edgar El\u00edas Azar, en la presentaci\u00f3n de la ampliaci\u00f3n del cat\u00e1logo de delitos en el sistema penal acusatorio en el Distrito Federal, por parte del jefe de gobierno del Distrito Federal, Miguel \u00c1ngel Mancera Espinosa.<\/p>\n","protected":false},"author":3,"featured_media":237392,"comment_status":"open","ping_status":"open","sticky":false,"template":"","format":"standard","meta":{"_monsterinsights_skip_tracking":false,"_monsterinsights_sitenote_active":false,"_monsterinsights_sitenote_note":"","_monsterinsights_sitenote_category":0,"footnotes":""},"categories":[6],"tags":[39,1925,5314,862],"class_list":["post-237306","post","type-post","status-publish","format-standard","has-post-thumbnail","hentry","category-cd-de-mexico","tag-distrito-federal","tag-edgar-elias-azar","tag-miguel-angel-mancera-espinosa","tag-tsjdf"],"_links":{"self":[{"href":"https:\/\/www.diarioimagen.net\/index.php?rest_route=\/wp\/v2\/posts\/237306","targetHints":{"allow":["GET"]}}],"collection":[{"href":"https:\/\/www.diarioimagen.net\/index.php?rest_route=\/wp\/v2\/posts"}],"about":[{"href":"https:\/\/www.diarioimagen.net\/index.php?rest_route=\/wp\/v2\/types\/post"}],"author":[{"embeddable":true,"href":"https:\/\/www.diarioimagen.net\/index.php?rest_route=\/wp\/v2\/users\/3"}],"replies":[{"embeddable":true,"href":"https:\/\/www.diarioimagen.net\/index.php?rest_route=%2Fwp%2Fv2%2Fcomments&post=237306"}],"version-history":[{"count":0,"href":"https:\/\/www.diarioimagen.net\/index.php?rest_route=\/wp\/v2\/posts\/237306\/revisions"}],"wp:featuredmedia":[{"embeddable":true,"href":"https:\/\/www.diarioimagen.net\/index.php?rest_route=\/wp\/v2\/media\/237392"}],"wp:attachment":[{"href":"https:\/\/www.diarioimagen.net\/index.php?rest_route=%2Fwp%2Fv2%2Fmedia&parent=237306"}],"wp:term":[{"taxonomy":"category","embeddable":true,"href":"https:\/\/www.diarioimagen.net\/index.php?rest_route=%2Fwp%2Fv2%2Fcategories&post=237306"},{"taxonomy":"post_tag","embeddable":true,"href":"https:\/\/www.diarioimagen.net\/index.php?rest_route=%2Fwp%2Fv2%2Ftags&post=237306"}],"curies":[{"name":"wp","href":"https:\/\/api.w.org\/{rel}","templated":true}]}}