{"id":237313,"date":"2015-10-07T00:07:53","date_gmt":"2015-10-07T05:07:53","guid":{"rendered":"http:\/\/www.diarioimagen.net\/?p=237313"},"modified":"2015-10-07T05:32:34","modified_gmt":"2015-10-07T10:32:34","slug":"estudiantes-de-uaem-ganan-segundo-lugar-en-concurso-nacional-de-investigacion-turistica-aplicada","status":"publish","type":"post","link":"https:\/\/www.diarioimagen.net\/?p=237313","title":{"rendered":"Estudiantes de UAEM ganan segundo lugar en Concurso Nacional de Investigaci\u00f3n Tur\u00edstica Aplicada"},"content":{"rendered":"<div id=\"attachment_237395\" style=\"width: 430px\" class=\"wp-caption aligncenter\"><a href=\"http:\/\/www.diarioimagen.net\/?attachment_id=237395\" rel=\"attachment wp-att-237395\"><img loading=\"lazy\" decoding=\"async\" aria-describedby=\"caption-attachment-237395\" class=\"wp-image-237395 size-large\" src=\"http:\/\/www.diarioimagen.net\/wp-content\/uploads\/2015\/10\/UAEM-2713-420x236.jpg\" alt=\"La implementaci\u00f3n del nuevo sistema penal acusatorio en el D.F., ha implicado a\u00f1os de trabajo sin tregua ni pausa, se\u00f1ala el magistrado presidente del TSJDF, Edgar El\u00edas Azar.\" width=\"420\" height=\"236\" srcset=\"https:\/\/www.diarioimagen.net\/wp-content\/uploads\/2015\/10\/UAEM-2713-420x236.jpg 420w, https:\/\/www.diarioimagen.net\/wp-content\/uploads\/2015\/10\/UAEM-2713-240x135.jpg 240w, https:\/\/www.diarioimagen.net\/wp-content\/uploads\/2015\/10\/UAEM-2713-480x270.jpg 480w, https:\/\/www.diarioimagen.net\/wp-content\/uploads\/2015\/10\/UAEM-2713-235x132.jpg 235w, https:\/\/www.diarioimagen.net\/wp-content\/uploads\/2015\/10\/UAEM-2713-202x114.jpg 202w, https:\/\/www.diarioimagen.net\/wp-content\/uploads\/2015\/10\/UAEM-2713-350x196.jpg 350w, https:\/\/www.diarioimagen.net\/wp-content\/uploads\/2015\/10\/UAEM-2713-220x123.jpg 220w, https:\/\/www.diarioimagen.net\/wp-content\/uploads\/2015\/10\/UAEM-2713-237x132.jpg 237w, https:\/\/www.diarioimagen.net\/wp-content\/uploads\/2015\/10\/UAEM-2713.jpg 1200w\" sizes=\"auto, (max-width: 420px) 100vw, 420px\" \/><\/a><p id=\"caption-attachment-237395\" class=\"wp-caption-text\">La implementaci\u00f3n del nuevo sistema penal acusatorio en el D.F., ha implicado a\u00f1os de trabajo sin tregua ni pausa, se\u00f1ala el magistrado presidente del TSJDF, Edgar El\u00edas Azar.<\/p><\/div>\n<p>Con el trabajo \u201cRuta etnotur\u00edstica mazahua-otom\u00ed: como propuesta para impulsar el desarrollo tur\u00edstico en Zit\u00e1cuaro, Michoac\u00e1n\u201d, Perla Jazm\u00edn Mercado G\u00f3mez y Jorge Jim\u00e9nez Sandoval, estudiantes del noveno semestre de la Licenciatura en Turismo en el Centro Universitario Tenancingo de la Universidad Aut\u00f3noma del Estado de M\u00e9xico, ganaron el segundo lugar en el 2\u00ba Concurso Nacional de Investigaci\u00f3n Tur\u00edstica Aplicada AMESTUR-2015, que se llev\u00f3 a cabo en M\u00e9rida, Yucat\u00e1n.<\/p>\n","protected":false},"excerpt":{"rendered":"<p>Con el trabajo \u201cRuta etnotur\u00edstica mazahua-otom\u00ed: como propuesta para impulsar el desarrollo tur\u00edstico en Zit\u00e1cuaro, Michoac\u00e1n\u201d, Perla Jazm\u00edn Mercado G\u00f3mez y Jorge Jim\u00e9nez Sandoval, estudiantes del noveno semestre de la Licenciatura en Turismo en el Centro Universitario Tenancingo de la Universidad Aut\u00f3noma del Estado de M\u00e9xico, ganaron el segundo lugar en el 2\u00ba Concurso Nacional de Investigaci\u00f3n Tur\u00edstica Aplicada AMESTUR-2015, que se llev\u00f3 a cabo en M\u00e9rida, Yucat\u00e1n.<\/p>\n","protected":false},"author":3,"featured_media":237395,"comment_status":"open","ping_status":"open","sticky":false,"template":"","format":"standard","meta":{"_monsterinsights_skip_tracking":false,"_monsterinsights_sitenote_active":false,"_monsterinsights_sitenote_note":"","_monsterinsights_sitenote_category":0,"footnotes":""},"categories":[35155],"tags":[35276,43675,1490],"class_list":["post-237313","post","type-post","status-publish","format-standard","has-post-thumbnail","hentry","category-estado-de-mexico-estado-de-mexico","tag-concurso","tag-estado-de-mexico","tag-universidad-autonoma-del-estado-de-mexico"],"_links":{"self":[{"href":"https:\/\/www.diarioimagen.net\/index.php?rest_route=\/wp\/v2\/posts\/237313","targetHints":{"allow":["GET"]}}],"collection":[{"href":"https:\/\/www.diarioimagen.net\/index.php?rest_route=\/wp\/v2\/posts"}],"about":[{"href":"https:\/\/www.diarioimagen.net\/index.php?rest_route=\/wp\/v2\/types\/post"}],"author":[{"embeddable":true,"href":"https:\/\/www.diarioimagen.net\/index.php?rest_route=\/wp\/v2\/users\/3"}],"replies":[{"embeddable":true,"href":"https:\/\/www.diarioimagen.net\/index.php?rest_route=%2Fwp%2Fv2%2Fcomments&post=237313"}],"version-history":[{"count":0,"href":"https:\/\/www.diarioimagen.net\/index.php?rest_route=\/wp\/v2\/posts\/237313\/revisions"}],"wp:featuredmedia":[{"embeddable":true,"href":"https:\/\/www.diarioimagen.net\/index.php?rest_route=\/wp\/v2\/media\/237395"}],"wp:attachment":[{"href":"https:\/\/www.diarioimagen.net\/index.php?rest_route=%2Fwp%2Fv2%2Fmedia&parent=237313"}],"wp:term":[{"taxonomy":"category","embeddable":true,"href":"https:\/\/www.diarioimagen.net\/index.php?rest_route=%2Fwp%2Fv2%2Fcategories&post=237313"},{"taxonomy":"post_tag","embeddable":true,"href":"https:\/\/www.diarioimagen.net\/index.php?rest_route=%2Fwp%2Fv2%2Ftags&post=237313"}],"curies":[{"name":"wp","href":"https:\/\/api.w.org\/{rel}","templated":true}]}}