{"id":237838,"date":"2015-10-12T00:01:14","date_gmt":"2015-10-12T05:01:14","guid":{"rendered":"http:\/\/www.diarioimagen.net\/?p=237838"},"modified":"2015-10-13T00:19:23","modified_gmt":"2015-10-13T05:19:23","slug":"dan-la-bienvenida-al-vuelo-orange-county-los-cabos-operado-por-alaska-airlines-de-octubre-a-diciembre","status":"publish","type":"post","link":"https:\/\/www.diarioimagen.net\/?p=237838","title":{"rendered":"Dan la bienvenida al vuelo Orange County-Los Cabos, operado por <em>Alaska Airlines<\/em>, de octubre a diciembre"},"content":{"rendered":"<h2>De cinco estrellas<\/h2>\n<h5>Victoria Gonz\u00e1lez Prado<\/h5>\n<p>&nbsp;<\/p>\n<ul>\n<li><em><strong>Creci\u00f3 11.7% la llegada de visitantes internacionales a M\u00e9xico, de enero a agosto del 2015<\/strong><\/em><\/li>\n<li><em><strong>Laurent Fabius, ministro de Asuntos Exteriores y del Desarrollo Internacional de Francia, dio a conocer la nueva p\u00e1gina web de turismo<\/strong><\/em><\/li>\n<li><em><strong>\u00bfEstar\u00e1s de visita en la Florida?, te damos algunos tips de lo que puedes hacer si ya est\u00e1s planeando vacaciones o un fin de semana<\/strong><\/em><\/li>\n<\/ul>\n<div id=\"attachment_237950\" style=\"width: 430px\" class=\"wp-caption aligncenter\"><a href=\"http:\/\/www.diarioimagen.net\/?attachment_id=237950\" rel=\"attachment wp-att-237950\"><img loading=\"lazy\" decoding=\"async\" aria-describedby=\"caption-attachment-237950\" class=\"size-large wp-image-237950\" src=\"http:\/\/www.diarioimagen.net\/wp-content\/uploads\/2015\/10\/turismo-2716-420x161.jpg\" alt=\"Durante la bienvenida del vuelo Orange County-Los Cabos.\" width=\"420\" height=\"161\" srcset=\"https:\/\/www.diarioimagen.net\/wp-content\/uploads\/2015\/10\/turismo-2716-420x161.jpg 420w, https:\/\/www.diarioimagen.net\/wp-content\/uploads\/2015\/10\/turismo-2716-240x92.jpg 240w, https:\/\/www.diarioimagen.net\/wp-content\/uploads\/2015\/10\/turismo-2716.jpg 700w\" sizes=\"auto, (max-width: 420px) 100vw, 420px\" \/><\/a><p id=\"caption-attachment-237950\" class=\"wp-caption-text\">Durante la bienvenida del vuelo Orange County-Los Cabos.<\/p><\/div>\n<p>&nbsp;<\/p>\n<p>El Fideicomiso de Turismo de Los Cabos (Fiturca) dio la bienvenida a los 147 viajeros de la nueva ruta que Alaska Airlines opera en un <em>Boeing 737-800. <\/em>Se cont\u00f3 con la presencia de representantes de la Secretar\u00eda de Turismo de la entidad; la Asociaci\u00f3n de Hoteles de Los Cabos (AHLC); la Asociaci\u00f3n Sudcaliforniana de Desarrolladores de Tiempo Compartido (Asudestico); miembros de Fiturca y personal de la aerol\u00ednea.<\/p>\n<p><strong>Rub\u00e9n Reachi Lugo<\/strong>, director general de Fiturca, dijo: \u201cestamos felices por recibir a esta nueva ruta que proporciona a los viajeros procedentes de Orange County un acceso m\u00e1s f\u00e1cil al destino. Para Los Cabos representa un crecimiento del mercado natural, que es la costa oeste de los Estados Unidos\u201d.<\/p>\n<p>Tambi\u00e9n se\u00f1al\u00f3 que este vuelo procedente del aeropuerto <strong>John Wayne<\/strong> en Orange County, representa una gran oportunidad, ya que operar\u00e1 m\u00e1s de 13 mil asientos de octubre a diciembre de este a\u00f1o, los lunes, martes, jueves y s\u00e1bados. La l\u00ednea a\u00e9rea comenz\u00f3 a volar a Los Cabos hace m\u00e1s de 25 a\u00f1os y hoy opera 50 vuelos semanales en temporada alta, m\u00e1s que cualquier otra compa\u00f1\u00eda desde California.<\/p>\n<p>Los viajeros que adquieran sus boletos antes del 15 de octubre podr\u00e1 optar por la tarifa inicial de 139 d\u00f3lares, y podr\u00e1n viajar hasta el 9 de febrero de 2016.<\/p>\n<p>\u2730\u2730\u2730\u2730\u2730 De enero a agosto de este a\u00f1o, la llegada de visitantes internacionales por v\u00eda a\u00e9rea aument\u00f3 11.7% respecto a igual periodo del 2014, siendo este el segmento que m\u00e1s contribuye al ingreso de divisas, ya que representa m\u00e1s del 80% de la derrama econ\u00f3mica.<\/p>\n<p>Durante la 3ra. Sesi\u00f3n Ordinaria de la Junta de Gobierno del Consejo de Promoci\u00f3n Tur\u00edstica de M\u00e9xico (CPTM), que encabez\u00f3 el secretario de Turismo, <strong>Enrique de la Madrid<\/strong>, se destac\u00f3 lo anterior, al hacer un balance del sector de enero a julio y se dieron a conocer las campa\u00f1as de promoci\u00f3n que se realizar\u00e1n de octubre a diciembre de 2015.<\/p>\n<p>En la reuni\u00f3n los integrantes del CPTM presentaron al secretario de Turismo las principales cifras econ\u00f3micas que han caracterizado a la actividad tur\u00edstica del pa\u00eds en los primeros siete meses de este a\u00f1o. Precisaron que en este lapso han ingresado 4.7 millones de visitantes m\u00e1s a los que se ten\u00eda hace tres a\u00f1os.<\/p>\n<p>Indicaron que de acuerdo con datos recientes de la Unidad de Pol\u00edtica Migratoria de la Secretar\u00eda de Gobernaci\u00f3n (Segob), los ingresos generados por internaci\u00f3n crecieron a 9.2% y los que provienen por v\u00eda a\u00e9rea 8.6%.<\/p>\n<p>Las \u00faltimas cifras de Banco de M\u00e9xico indican que el ingreso de divisas de visitantes internacionales, en el mismo periodo, ascendi\u00f3 a 10,721.4 millones de d\u00f3lares, un repunte de 8.5% respecto a los primeros siete meses del a\u00f1o pasado.<\/p>\n<p>Asimismo, se destac\u00f3 tambi\u00e9n que durante este periodo la llegada de visitantes de Estados Unidos se increment\u00f3 en 13.6%; de Reino Unido en 10.5; de Colombia en 32.5 y de China en 23.5%.<\/p>\n<p>Resaltaron la tendencia creciente que registra la conectividad a\u00e9rea tanto internacional como nacional que se traduce en un repunte en los vuelos de 7.8 y 4.7%, respectivamente, en relaci\u00f3n a los \u00edndices observados de enero-agosto del 2014.<\/p>\n<p>De igual forma, detallaron el dinamismo observado en las tasas de crecimiento de dos d\u00edgitos en los destinos de algunas ciudades del pa\u00eds como Monterrey, Le\u00f3n, M\u00e9xico y Guadalajara.<\/p>\n<p>El informe que present\u00f3 a la Junta de Gobierno del Consejo al secretario <strong>De la Madrid, <\/strong>se\u00f1ala que de octubre a diciembre de este a\u00f1o se realizar\u00e1n diversas actividades de promoci\u00f3n en Estados Unidos y Canad\u00e1 para impulsar el mercado hispano y ofrecer opciones de turismo para los visitantes de esos pa\u00edses en la \u00e9poca invernal.<\/p>\n<p>Por \u00faltimo, se dieron a conocer las distintas actividades que llevar\u00e1 a cabo el CPTM en ferias nacionales e internacionales para promover al pa\u00eds, as\u00ed como los eventos que se tienen en puerta para lo que resta de 2015 y que contribuir\u00e1n a apuntalar la actividad tur\u00edstica.<\/p>\n<p>\u2730\u2730\u2730\u2730\u2730 En el marco de la Primera Conferencia Anual del Turismo, presidida por <strong>Laurent Fabius<\/strong>, ministro de Asuntos Exteriores y del Desarrollo Internacional, el ministro franc\u00e9s anunci\u00f3 que la p\u00e1gina web del turismo en Francia que se llamar\u00e1 <a href=\"http:\/\/www.france.fr\/\" target=\"_blank\">www.france.fr<\/a> \u201cEl nombre del dominio, hasta ahora propiedad del gobierno franc\u00e9s pero mal aprovechada, es una oportunidad para el turismo. Una ocasi\u00f3n para reforzar el posicionamiento de la p\u00e1gina en internet y aumentar su audiencia\u201d, anuncia <strong>Christian Mantei<\/strong>, director general de<em> Atout France<\/em>, la Agencia de Desarrollo Tur\u00edstico de Francia.<\/p>\n<p>La p\u00e1gina resalta las marcas mundiales que dan a conocer el destino Francia a nivel internacional (Paris, Monte-Saint-Michel, Champagne\u2026) as\u00ed como los grandes eventos que recibe Francia cada a\u00f1o. Cuenta con traducciones en 17 idiomas que resaltan los grandes destinos franceses y los atractivos del pa\u00eds.<\/p>\n<p>Adem\u00e1s de dar a conocer el nuevo nombre de la p\u00e1gina web, <strong>Laurent Fabius<\/strong> anunci\u00f3 que el turismo es un \u201ctesoro nacional\u201d que se debe proteger y desarrollar para poder enfrentar los desaf\u00edos y aprovechar las oportunidades en el futuro.<\/p>\n<p>Durante la Primera Conferencia Anual del Turismo, <strong>Fabius<\/strong> defini\u00f3 los objetivos del sector tur\u00edstico franc\u00e9s: mantener la posici\u00f3n de Francia como primer destino tur\u00edstico en el mundo y alcanzar los 100 millones de visitantes en 2020 (Francia recibi\u00f3 84 millones en 2014).<\/p>\n<p>Para lograrlo, Francia trabaja en una serie de medidas que se organizan alrededor de cuatro ejes: la bienvenida, lo digital, capacitaci\u00f3n e inversiones. Para este ultimo punto, anunciaron la creaci\u00f3n de una plataforma de inversiones, llamada <em>France D\u00e9veloppement Tourisme,<\/em> cuyo objetivo es el levantamiento de mil millones de euros en cinco a\u00f1os para invertir en infraestructura y hoteles. Las zonas que recibir\u00e1n ayuda en prioridad son las del litoral y la monta\u00f1a as\u00ed como los cruceros fluviales y el turismo enol\u00f3gico.<\/p>\n<p>\u2730\u2730\u2730\u2730\u2730 \u00bfEstar\u00e1s de visita en la Florida?, te damos algunos <em>tips<\/em> de lo que puedes hacer si ya est\u00e1s planeando vacaciones o un fin de semana te recordamos que cada a\u00f1o el <em>American Club Alem\u00e1n<\/em> de Palm Beach celebra su tradicional <em>Oktoberfest<\/em> en el segundo y tercer fin de semana de octubre. Ofrecen aut\u00e9ntica comida alemana como <em>Bratwurst, Leberk\u00e4se, chucrut, Hofbr\u00e4u Bier,<\/em> cerveza nacional, licores y vinos acompa\u00f1ados de tradicionales bailes folcl\u00f3ricos. <a href=\"http:\/\/www.americangermanclub.org\/oktoberfest\" target=\"_blank\">www.americangermanclub.org\/oktoberfest<\/a>.<\/p>\n<p>Sarasota anuncia su Festival de la Calabaza con motivo de <em>Halloween<\/em>. Se han incluido actividades como paseos en carruajes, laberintos y el ya conocido concurso de pays. El 7\u00ba. festival se llevar\u00e1 a cabo el 23, 24 y 25 de octubre en <em>Payne Park. <\/em><a href=\"http:\/\/www.theneonvibe.com\/sarasota-fl\" target=\"_blank\">www.theneonvibe.com\/sarasota-fl<\/a>.<\/p>\n<p>Universal Orlando presenta <em>Halloween Horror Nights<\/em>, el terror m\u00e1s emocionante se mezclar\u00e1 con las experiencias cl\u00e1sicas y nuevos sustos para hacer gritar a los m\u00e1s grandes de la familia del 18 de septiembre al 1 de noviembre. http:\/\/www.halloweenhorrornights.com\/orlando.<\/p>\n<p>El esperado <em>Brick-or-Treat<\/em> de <em>Legoland Florida<\/em> ha llegado para divertir a los ni\u00f1os este octubre. Un espect\u00e1culo lleno de actividades donde fantasmas y duendes descienden en Miniland EU para iniciar la b\u00fasqueda de un gran tesoro y por la noche disfrutar de fuegos artificiales. http:\/\/florida.-legoland.com\/planning-your-visit\/special-events\/brick-ortreat-event\/.<\/p>\n<p>El espect\u00e1culo a\u00e9reo m\u00e1s importante de Jacksonville ha llegado. Aviones civiles y militares saldr\u00e1n de la Estaci\u00f3n Naval de <em>Mayport <\/em>este 24 de octubre para dar un espect\u00e1culo a lo largo la costa donde el cielo y la playa se transforman en el escenario perfecto para los m\u00e1s emocionantes actos a\u00e9reos. <a href=\"http:\/\/www.makeascenedowntown,com\/\" target=\"_blank\">www.makeascenedowntown,com<\/a><\/p>\n<p><em><i><a href=\"mailto:victoriagprado@gmail.com\" target=\"_blank\">victoriagprado@gmail.com<\/a><\/i><\/em><\/p>\n","protected":false},"excerpt":{"rendered":"<p>El Fideicomiso de Turismo de Los Cabos (Fiturca) dio la bienvenida a los 147 viajeros de la nueva ruta que Alaska Airlines opera en un <em>Boeing 737-800. <\/em>Se cont\u00f3 con la presencia de representantes de la Secretar\u00eda de Turismo de la entidad; la Asociaci\u00f3n de Hoteles de Los Cabos (AHLC); la Asociaci\u00f3n Sudcaliforniana de Desarrolladores de Tiempo Compartido (Asudestico); miembros de Fiturca y personal de la aerol\u00ednea.<\/p>\n","protected":false},"author":3,"featured_media":237950,"comment_status":"open","ping_status":"open","sticky":false,"template":"","format":"standard","meta":{"_monsterinsights_skip_tracking":false,"_monsterinsights_sitenote_active":false,"_monsterinsights_sitenote_note":"","_monsterinsights_sitenote_category":0,"footnotes":""},"categories":[11],"tags":[107,43674,43681,106],"class_list":["post-237838","post","type-post","status-publish","format-standard","has-post-thumbnail","hentry","category-turismo","tag-de-cinco-estrellas","tag-opinion","tag-turismo","tag-victoria-gonzalez-prado"],"_links":{"self":[{"href":"https:\/\/www.diarioimagen.net\/index.php?rest_route=\/wp\/v2\/posts\/237838","targetHints":{"allow":["GET"]}}],"collection":[{"href":"https:\/\/www.diarioimagen.net\/index.php?rest_route=\/wp\/v2\/posts"}],"about":[{"href":"https:\/\/www.diarioimagen.net\/index.php?rest_route=\/wp\/v2\/types\/post"}],"author":[{"embeddable":true,"href":"https:\/\/www.diarioimagen.net\/index.php?rest_route=\/wp\/v2\/users\/3"}],"replies":[{"embeddable":true,"href":"https:\/\/www.diarioimagen.net\/index.php?rest_route=%2Fwp%2Fv2%2Fcomments&post=237838"}],"version-history":[{"count":0,"href":"https:\/\/www.diarioimagen.net\/index.php?rest_route=\/wp\/v2\/posts\/237838\/revisions"}],"wp:featuredmedia":[{"embeddable":true,"href":"https:\/\/www.diarioimagen.net\/index.php?rest_route=\/wp\/v2\/media\/237950"}],"wp:attachment":[{"href":"https:\/\/www.diarioimagen.net\/index.php?rest_route=%2Fwp%2Fv2%2Fmedia&parent=237838"}],"wp:term":[{"taxonomy":"category","embeddable":true,"href":"https:\/\/www.diarioimagen.net\/index.php?rest_route=%2Fwp%2Fv2%2Fcategories&post=237838"},{"taxonomy":"post_tag","embeddable":true,"href":"https:\/\/www.diarioimagen.net\/index.php?rest_route=%2Fwp%2Fv2%2Ftags&post=237838"}],"curies":[{"name":"wp","href":"https:\/\/api.w.org\/{rel}","templated":true}]}}