{"id":237863,"date":"2015-10-12T00:08:22","date_gmt":"2015-10-12T05:08:22","guid":{"rendered":"http:\/\/www.diarioimagen.net\/?p=237863"},"modified":"2015-10-12T03:26:23","modified_gmt":"2015-10-12T08:26:23","slug":"trabajan-en-conclusion-del-colector-suterm-en-ecatepec","status":"publish","type":"post","link":"https:\/\/www.diarioimagen.net\/?p=237863","title":{"rendered":"Trabajan en conclusi\u00f3n del colector SUTERM en Ecatepec"},"content":{"rendered":"<ul>\n<li><strong><em>Minimizan riesgos de inundaciones<\/em><\/strong><\/li>\n<\/ul>\n<div id=\"attachment_237924\" style=\"width: 250px\" class=\"wp-caption alignleft\"><a href=\"http:\/\/www.diarioimagen.net\/?attachment_id=237924\" rel=\"attachment wp-att-237924\"><img loading=\"lazy\" decoding=\"async\" aria-describedby=\"caption-attachment-237924\" class=\"size-medium wp-image-237924\" src=\"http:\/\/www.diarioimagen.net\/wp-content\/uploads\/2015\/10\/colector-2716-240x135.jpg\" alt=\"La obra requiere de una inversi\u00f3n de 116 millones de pesos.\" width=\"240\" height=\"135\" srcset=\"https:\/\/www.diarioimagen.net\/wp-content\/uploads\/2015\/10\/colector-2716-240x135.jpg 240w, https:\/\/www.diarioimagen.net\/wp-content\/uploads\/2015\/10\/colector-2716-420x236.jpg 420w, https:\/\/www.diarioimagen.net\/wp-content\/uploads\/2015\/10\/colector-2716-235x132.jpg 235w, https:\/\/www.diarioimagen.net\/wp-content\/uploads\/2015\/10\/colector-2716-202x114.jpg 202w, https:\/\/www.diarioimagen.net\/wp-content\/uploads\/2015\/10\/colector-2716-350x196.jpg 350w, https:\/\/www.diarioimagen.net\/wp-content\/uploads\/2015\/10\/colector-2716-220x123.jpg 220w, https:\/\/www.diarioimagen.net\/wp-content\/uploads\/2015\/10\/colector-2716-237x132.jpg 237w, https:\/\/www.diarioimagen.net\/wp-content\/uploads\/2015\/10\/colector-2716.jpg 480w\" sizes=\"auto, (max-width: 240px) 100vw, 240px\" \/><\/a><p id=\"caption-attachment-237924\" class=\"wp-caption-text\">La obra requiere de una inversi\u00f3n de 116 millones de pesos.<\/p><\/div>\n<p><strong>Ecatepec, Estado de M\u00e9xico<\/strong>.- El gobierno del Estado de M\u00e9xico a trav\u00e9s de la Secretar\u00eda de Infraestructura, trabaja en la conclusi\u00f3n del Colector SUTERM, en este municipio, con el que se recolectar\u00e1n las aguas pluviales y de drenaje, para minimizar los riesgos de inundaci\u00f3n en temporada de lluvias.<\/p>\n<p>Esta obra, a cargo de la Comisi\u00f3n de Agua del Estado de M\u00e9xico (CAEM), permitir\u00e1 salvaguardar la integridad de aproximadamente 230 mil personas que viven en la zona, y cuyos drenajes ya resultan insuficientes para atender el desalojo de aguas pluviales y de drenaje.<\/p>\n<p>El colector tiene una longitud de 2.5 kil\u00f3metros con tuber\u00eda de 2.44 metros de di\u00e1metro, y trasladar\u00e1 las aguas pluviales y de drenaje de las colonias R\u00edo de Luz, Jardines de Santa Clara, Ciudad Azteca 1a. y 2a. Secci\u00f3n, Reyes Ecatepec, PRD Revoluci\u00f3n, Fraccionamiento Primero de Mayo, Ciudad Azteca 1a. Secci\u00f3n, Hogar Transportista, Granjas Populares de Guadalupe, Francisco I. Madero, El Para\u00edso, Jos\u00e9 Ma. Pino Su\u00e1rez, Emiliano Zapata, San Agust\u00edn, La Estrella, D\u00edaz Ordaz.<\/p>\n<p>Los trabajos para la conclusi\u00f3n de la obra consisten en la construcci\u00f3n de la conexi\u00f3n con el T\u00fanel Emisor Oriente (TEO), que permitir\u00e1 finalmente descargar las aguas en el Gran Canal. La obra requiere de una inversi\u00f3n de 116 millones de pesos.<\/p>\n<p>Cabe se\u00f1alar que la infraestructura con la que se contaba en la zona, fue rebasada con el paso del tiempo, debido al incremento de las descargas de aguas domiciliarias y la intensidad de las lluvias que se presentan de manera at\u00edpica en el territorio estatal.<\/p>\n","protected":false},"excerpt":{"rendered":"<p>El gobierno del Estado de M\u00e9xico a trav\u00e9s de la Secretar\u00eda de Infraestructura, trabaja en la conclusi\u00f3n del Colector SUTERM, en este municipio, con el que se recolectar\u00e1n las aguas pluviales y de drenaje, para minimizar los riesgos de inundaci\u00f3n en temporada de lluvias.<\/p>\n","protected":false},"author":3,"featured_media":237924,"comment_status":"open","ping_status":"open","sticky":false,"template":"","format":"standard","meta":{"_monsterinsights_skip_tracking":false,"_monsterinsights_sitenote_active":false,"_monsterinsights_sitenote_note":"","_monsterinsights_sitenote_category":0,"footnotes":""},"categories":[5],"tags":[45212,454,43675],"class_list":["post-237863","post","type-post","status-publish","format-standard","has-post-thumbnail","hentry","category-estado-de-mexico","tag-comision-de-agua-del-estado-de-mexico","tag-ecatepec","tag-estado-de-mexico"],"_links":{"self":[{"href":"https:\/\/www.diarioimagen.net\/index.php?rest_route=\/wp\/v2\/posts\/237863","targetHints":{"allow":["GET"]}}],"collection":[{"href":"https:\/\/www.diarioimagen.net\/index.php?rest_route=\/wp\/v2\/posts"}],"about":[{"href":"https:\/\/www.diarioimagen.net\/index.php?rest_route=\/wp\/v2\/types\/post"}],"author":[{"embeddable":true,"href":"https:\/\/www.diarioimagen.net\/index.php?rest_route=\/wp\/v2\/users\/3"}],"replies":[{"embeddable":true,"href":"https:\/\/www.diarioimagen.net\/index.php?rest_route=%2Fwp%2Fv2%2Fcomments&post=237863"}],"version-history":[{"count":0,"href":"https:\/\/www.diarioimagen.net\/index.php?rest_route=\/wp\/v2\/posts\/237863\/revisions"}],"wp:featuredmedia":[{"embeddable":true,"href":"https:\/\/www.diarioimagen.net\/index.php?rest_route=\/wp\/v2\/media\/237924"}],"wp:attachment":[{"href":"https:\/\/www.diarioimagen.net\/index.php?rest_route=%2Fwp%2Fv2%2Fmedia&parent=237863"}],"wp:term":[{"taxonomy":"category","embeddable":true,"href":"https:\/\/www.diarioimagen.net\/index.php?rest_route=%2Fwp%2Fv2%2Fcategories&post=237863"},{"taxonomy":"post_tag","embeddable":true,"href":"https:\/\/www.diarioimagen.net\/index.php?rest_route=%2Fwp%2Fv2%2Ftags&post=237863"}],"curies":[{"name":"wp","href":"https:\/\/api.w.org\/{rel}","templated":true}]}}