{"id":237868,"date":"2015-10-12T00:06:21","date_gmt":"2015-10-12T05:06:21","guid":{"rendered":"http:\/\/www.diarioimagen.net\/?p=237868"},"modified":"2015-10-12T03:49:50","modified_gmt":"2015-10-12T08:49:50","slug":"llegan-mas-turistas-que-el-ano-pasado","status":"publish","type":"post","link":"https:\/\/www.diarioimagen.net\/?p=237868","title":{"rendered":"Llegan m\u00e1s turistas que el a\u00f1o pasado"},"content":{"rendered":"<ul>\n<li><strong><em>Internacionales<\/em><\/strong><\/li>\n<\/ul>\n<p><a href=\"http:\/\/www.diarioimagen.net\/?attachment_id=237971\" rel=\"attachment wp-att-237971\"><img loading=\"lazy\" decoding=\"async\" class=\"alignleft size-medium wp-image-237971\" src=\"http:\/\/www.diarioimagen.net\/wp-content\/uploads\/2015\/10\/turistas-2716-240x135.jpg\" alt=\"turistas-2716\" width=\"240\" height=\"135\" srcset=\"https:\/\/www.diarioimagen.net\/wp-content\/uploads\/2015\/10\/turistas-2716-240x135.jpg 240w, https:\/\/www.diarioimagen.net\/wp-content\/uploads\/2015\/10\/turistas-2716-420x236.jpg 420w, https:\/\/www.diarioimagen.net\/wp-content\/uploads\/2015\/10\/turistas-2716-480x270.jpg 480w, https:\/\/www.diarioimagen.net\/wp-content\/uploads\/2015\/10\/turistas-2716-235x132.jpg 235w, https:\/\/www.diarioimagen.net\/wp-content\/uploads\/2015\/10\/turistas-2716-202x114.jpg 202w, https:\/\/www.diarioimagen.net\/wp-content\/uploads\/2015\/10\/turistas-2716-350x196.jpg 350w, https:\/\/www.diarioimagen.net\/wp-content\/uploads\/2015\/10\/turistas-2716-220x123.jpg 220w, https:\/\/www.diarioimagen.net\/wp-content\/uploads\/2015\/10\/turistas-2716-237x132.jpg 237w, https:\/\/www.diarioimagen.net\/wp-content\/uploads\/2015\/10\/turistas-2716.jpg 700w\" sizes=\"auto, (max-width: 240px) 100vw, 240px\" \/><\/a>El arribo de visitantes internacionales por v\u00eda a\u00e9rea aument\u00f3 11.7 por ciento de enero a agosto de este a\u00f1o, respecto a igual periodo de 2014, , inform\u00f3 la Secretar\u00eda de Turismo (Sectur). Este segmento es el que m\u00e1s contribuye al ingreso de divisas, pues representa m\u00e1s de 80 por ciento de la derrama econ\u00f3mica.<\/p>\n<p>En la Tercera Sesi\u00f3n Ordinaria de la Junta de Gobierno del Consejo de Promoci\u00f3n Tur\u00edstica de M\u00e9xico (CPTM), que encabez\u00f3 el titular de la Sectur, Enrique de la Madrid, se destac\u00f3 en este lapso han ingresado 4.7 millones de visitantes m\u00e1s a los que se ten\u00eda hace apenas tres a\u00f1os.<\/p>\n<p>A su vez, el consejo indic\u00f3 que de acuerdo con datos m\u00e1s recientes de la Unidad de Pol\u00edtica Migratoria de la Secretar\u00eda de Gobernaci\u00f3n (Segob), los ingresos generados por internaci\u00f3n crecieron a raz\u00f3n de 9.2 por ciento y los que provienen por v\u00eda a\u00e9rea 8.6 por ciento.<\/p>\n<p>Asimismo, las recientes cifras de Banco de M\u00e9xico (Banxico) indican que el ingreso de divisas de visitantes internacionales, en el mismo periodo, ascendi\u00f3 a 10 mil 721.4 millones de d\u00f3lares, un repunte de 8.5 por ciento respecto a los primeros siete meses del a\u00f1o pasado.<\/p>\n<p>Destaca tambi\u00e9n que durante este periodo la llegada de visitantes de Estados Unidos se increment\u00f3 en 13.6 por ciento; de Reino Unido en 10.5; de Colombia en 32.5 y de China en 23.5 por ciento.<\/p>\n<p>De igual forma, se resalt\u00f3 la tendencia creciente que registra la conectividad a\u00e9rea tanto internacional como nacional y que se traduce en un repunte en los vuelos de 7.8 y 4.7 por ciento, respectivamente, en relaci\u00f3n a los \u00edndices observados de enero-agosto del 2014.<\/p>\n<p>El informe que present\u00f3 la Junta de Gobierno del Consejo se\u00f1ala que de octubre a diciembre de este a\u00f1o se realizar\u00e1n diversas actividades de promoci\u00f3n en Estados Unidos y Canad\u00e1, para impulsar el mercado hispano y ofrecer opciones de turismo para los visitantes de esos pa\u00edses en \u00e9poca invernal.<\/p>\n<p>Adem\u00e1s, se dieron a conocer las distintas actividades que se llevar\u00e1n a cabo en ferias nacionales e internacionales para promover al pa\u00eds, as\u00ed como los eventos que se tienen en puerta para lo que resta de 2015 y que contribuir\u00e1n a apuntalar la actividad tur\u00edstica.<\/p>\n","protected":false},"excerpt":{"rendered":"<p>El arribo de visitantes internacionales por v\u00eda a\u00e9rea aument\u00f3 11.7 por ciento de enero a agosto de este a\u00f1o, respecto a igual periodo de 2014, , inform\u00f3 la Secretar\u00eda de Turismo (Sectur). Este segmento es el que m\u00e1s contribuye al ingreso de divisas, pues representa m\u00e1s de 80 por ciento de la derrama econ\u00f3mica.<\/p>\n","protected":false},"author":3,"featured_media":237971,"comment_status":"open","ping_status":"open","sticky":false,"template":"","format":"standard","meta":{"_monsterinsights_skip_tracking":false,"_monsterinsights_sitenote_active":false,"_monsterinsights_sitenote_note":"","_monsterinsights_sitenote_category":0,"footnotes":""},"categories":[25512],"tags":[2318,43673,440,43681,2734],"class_list":["post-237868","post","type-post","status-publish","format-standard","has-post-thumbnail","hentry","category-nacional-nacional","tag-cptm","tag-nacional","tag-secretaria-de-turismo","tag-turismo","tag-turistas"],"_links":{"self":[{"href":"https:\/\/www.diarioimagen.net\/index.php?rest_route=\/wp\/v2\/posts\/237868","targetHints":{"allow":["GET"]}}],"collection":[{"href":"https:\/\/www.diarioimagen.net\/index.php?rest_route=\/wp\/v2\/posts"}],"about":[{"href":"https:\/\/www.diarioimagen.net\/index.php?rest_route=\/wp\/v2\/types\/post"}],"author":[{"embeddable":true,"href":"https:\/\/www.diarioimagen.net\/index.php?rest_route=\/wp\/v2\/users\/3"}],"replies":[{"embeddable":true,"href":"https:\/\/www.diarioimagen.net\/index.php?rest_route=%2Fwp%2Fv2%2Fcomments&post=237868"}],"version-history":[{"count":0,"href":"https:\/\/www.diarioimagen.net\/index.php?rest_route=\/wp\/v2\/posts\/237868\/revisions"}],"wp:featuredmedia":[{"embeddable":true,"href":"https:\/\/www.diarioimagen.net\/index.php?rest_route=\/wp\/v2\/media\/237971"}],"wp:attachment":[{"href":"https:\/\/www.diarioimagen.net\/index.php?rest_route=%2Fwp%2Fv2%2Fmedia&parent=237868"}],"wp:term":[{"taxonomy":"category","embeddable":true,"href":"https:\/\/www.diarioimagen.net\/index.php?rest_route=%2Fwp%2Fv2%2Fcategories&post=237868"},{"taxonomy":"post_tag","embeddable":true,"href":"https:\/\/www.diarioimagen.net\/index.php?rest_route=%2Fwp%2Fv2%2Ftags&post=237868"}],"curies":[{"name":"wp","href":"https:\/\/api.w.org\/{rel}","templated":true}]}}