{"id":237870,"date":"2015-10-12T00:07:21","date_gmt":"2015-10-12T05:07:21","guid":{"rendered":"http:\/\/www.diarioimagen.net\/?p=237870"},"modified":"2015-10-12T03:27:24","modified_gmt":"2015-10-12T08:27:24","slug":"generacion-1980-1985-de-derecho-de-la-uaem-conmemoro-tres-decadas-de-haber-egresado","status":"publish","type":"post","link":"https:\/\/www.diarioimagen.net\/?p=237870","title":{"rendered":"Generaci\u00f3n 1980-1985 de Derecho de la UAEM conmemor\u00f3 tres d\u00e9cadas de haber egresado"},"content":{"rendered":"<p><a href=\"http:\/\/www.diarioimagen.net\/?attachment_id=237927\" rel=\"attachment wp-att-237927\"><img loading=\"lazy\" decoding=\"async\" class=\"alignleft size-medium wp-image-237927\" src=\"http:\/\/www.diarioimagen.net\/wp-content\/uploads\/2015\/10\/UAEM-2716-240x135.jpg\" alt=\"UAEM-2716\" width=\"240\" height=\"135\" srcset=\"https:\/\/www.diarioimagen.net\/wp-content\/uploads\/2015\/10\/UAEM-2716-240x135.jpg 240w, https:\/\/www.diarioimagen.net\/wp-content\/uploads\/2015\/10\/UAEM-2716-420x236.jpg 420w, https:\/\/www.diarioimagen.net\/wp-content\/uploads\/2015\/10\/UAEM-2716-235x132.jpg 235w, https:\/\/www.diarioimagen.net\/wp-content\/uploads\/2015\/10\/UAEM-2716-202x114.jpg 202w, https:\/\/www.diarioimagen.net\/wp-content\/uploads\/2015\/10\/UAEM-2716-350x196.jpg 350w, https:\/\/www.diarioimagen.net\/wp-content\/uploads\/2015\/10\/UAEM-2716-220x123.jpg 220w, https:\/\/www.diarioimagen.net\/wp-content\/uploads\/2015\/10\/UAEM-2716-237x132.jpg 237w, https:\/\/www.diarioimagen.net\/wp-content\/uploads\/2015\/10\/UAEM-2716.jpg 480w\" sizes=\"auto, (max-width: 240px) 100vw, 240px\" \/><\/a>La generaci\u00f3n 1980-1985 de la Licenciatura en Derecho de la Universidad Aut\u00f3noma del Estado de M\u00e9xico, de la cual el rector Jorge Olvera Garc\u00eda forma parte, conmemor\u00f3 tres d\u00e9cadas de haber egresado, motivo por el cual se devel\u00f3 en las instalaciones de dicho organismo acad\u00e9mico una placa conmemorativa, mediante la cual los profesionistas dan testimonio de agradecimiento y reconocimiento a la Facultad de Derecho a 30 a\u00f1os de su egreso.<\/p>\n<p>En el marco de la ceremonia conmemorativa, acompa\u00f1ado por la directora de la Facultad, Inocenta Pe\u00f1a Ortiz, y el ex rector, ex director del organismo universitario y padrino de la generaci\u00f3n, Tom\u00e1s Ruiz P\u00e9rez, Jorge Olvera Garc\u00eda resalt\u00f3 que los egresados son la imagen y el resultado m\u00e1s loable de la instituci\u00f3n.<\/p>\n<p>Anunci\u00f3 la construcci\u00f3n en la Facultad, de la Plaza de la Identidad, que ser\u00e1 un importante s\u00edmbolo del v\u00ednculo entre la UAEM y sus egresados; ser\u00e1 una insignia para aquellos que han transitado por la instituci\u00f3n. \u201cSe edificar\u00e1 una fuente y un cuadro con los nombres de los m\u00e1s notables egresados\u201d.<\/p>\n","protected":false},"excerpt":{"rendered":"<p>La generaci\u00f3n 1980-1985 de la Licenciatura en Derecho de la Universidad Aut\u00f3noma del Estado de M\u00e9xico, de la cual el rector Jorge Olvera Garc\u00eda forma parte, conmemor\u00f3 tres d\u00e9cadas de haber egresado, motivo por el cual se devel\u00f3 en las instalaciones de dicho organismo acad\u00e9mico una placa conmemorativa, mediante la cual los profesionistas dan testimonio de agradecimiento y reconocimiento a la Facultad de Derecho a 30 a\u00f1os de su egreso.<\/p>\n","protected":false},"author":3,"featured_media":237927,"comment_status":"open","ping_status":"open","sticky":false,"template":"","format":"standard","meta":{"_monsterinsights_skip_tracking":false,"_monsterinsights_sitenote_active":false,"_monsterinsights_sitenote_note":"","_monsterinsights_sitenote_category":0,"footnotes":""},"categories":[35155],"tags":[1306,31107,43675,1491],"class_list":["post-237870","post","type-post","status-publish","format-standard","has-post-thumbnail","hentry","category-estado-de-mexico-estado-de-mexico","tag-derecho","tag-egresados","tag-estado-de-mexico","tag-uaem"],"_links":{"self":[{"href":"https:\/\/www.diarioimagen.net\/index.php?rest_route=\/wp\/v2\/posts\/237870","targetHints":{"allow":["GET"]}}],"collection":[{"href":"https:\/\/www.diarioimagen.net\/index.php?rest_route=\/wp\/v2\/posts"}],"about":[{"href":"https:\/\/www.diarioimagen.net\/index.php?rest_route=\/wp\/v2\/types\/post"}],"author":[{"embeddable":true,"href":"https:\/\/www.diarioimagen.net\/index.php?rest_route=\/wp\/v2\/users\/3"}],"replies":[{"embeddable":true,"href":"https:\/\/www.diarioimagen.net\/index.php?rest_route=%2Fwp%2Fv2%2Fcomments&post=237870"}],"version-history":[{"count":0,"href":"https:\/\/www.diarioimagen.net\/index.php?rest_route=\/wp\/v2\/posts\/237870\/revisions"}],"wp:featuredmedia":[{"embeddable":true,"href":"https:\/\/www.diarioimagen.net\/index.php?rest_route=\/wp\/v2\/media\/237927"}],"wp:attachment":[{"href":"https:\/\/www.diarioimagen.net\/index.php?rest_route=%2Fwp%2Fv2%2Fmedia&parent=237870"}],"wp:term":[{"taxonomy":"category","embeddable":true,"href":"https:\/\/www.diarioimagen.net\/index.php?rest_route=%2Fwp%2Fv2%2Fcategories&post=237870"},{"taxonomy":"post_tag","embeddable":true,"href":"https:\/\/www.diarioimagen.net\/index.php?rest_route=%2Fwp%2Fv2%2Ftags&post=237870"}],"curies":[{"name":"wp","href":"https:\/\/api.w.org\/{rel}","templated":true}]}}