{"id":237925,"date":"2015-10-12T00:09:18","date_gmt":"2015-10-12T05:09:18","guid":{"rendered":"http:\/\/www.diarioimagen.net\/?p=237925"},"modified":"2015-10-13T03:33:14","modified_gmt":"2015-10-13T08:33:14","slug":"la-concurrida-contienda-por-sinaloa","status":"publish","type":"post","link":"https:\/\/www.diarioimagen.net\/?p=237925","title":{"rendered":"La concurrida contienda por Sinaloa"},"content":{"rendered":"<h2>Tras la puerta del poder<\/h2>\n<h5>Roberto Vizca\u00edno<\/h5>\n<p>&nbsp;<\/p>\n<ul>\n<li><strong><em>Hasta hoy existen al menos 10 aspirantes por el PRI y un renegado que ir\u00e1 como independiente<\/em><\/strong><\/li>\n<li><strong><em>La gubernatura durar\u00e1 4 a\u00f1os 10 meses, las alcald\u00edas 1 a\u00f1o 10 meses y las diputaciones 2 a\u00f1os<\/em><\/strong><\/li>\n<li><strong><em>Beltrones da a conocer hoy a su equipo en el PRI; la tarea es sacar candidaturas de unidad<\/em><\/strong><\/li>\n<\/ul>\n<div id=\"attachment_237974\" style=\"width: 250px\" class=\"wp-caption alignleft\"><a href=\"http:\/\/www.diarioimagen.net\/?attachment_id=237974\" rel=\"attachment wp-att-237974\"><img loading=\"lazy\" decoding=\"async\" aria-describedby=\"caption-attachment-237974\" class=\"size-medium wp-image-237974\" src=\"http:\/\/www.diarioimagen.net\/wp-content\/uploads\/2015\/10\/tio-sam-RAMON-2716-240x159.jpg\" alt=\"T\u00edo Sam... | Ram\u00f3n\" width=\"240\" height=\"159\" srcset=\"https:\/\/www.diarioimagen.net\/wp-content\/uploads\/2015\/10\/tio-sam-RAMON-2716-240x159.jpg 240w, https:\/\/www.diarioimagen.net\/wp-content\/uploads\/2015\/10\/tio-sam-RAMON-2716-420x278.jpg 420w, https:\/\/www.diarioimagen.net\/wp-content\/uploads\/2015\/10\/tio-sam-RAMON-2716.jpg 1200w\" sizes=\"auto, (max-width: 240px) 100vw, 240px\" \/><\/a><p id=\"caption-attachment-237974\" class=\"wp-caption-text\">T\u00edo Sam&#8230; | Ram\u00f3n<\/p><\/div>\n<p>Esta semana el Congreso de Sinaloa emitir\u00e1 la convocatoria a elecciones a gobernador, alcaldes y diputados locales para el 5 de junio de 2016.<\/p>\n<p>Con este lanzamiento se inician formalmente los trabajos de unos comicios muy singulares de los cuales deber\u00e1n surgir un gobernador de 4 a\u00f1os 10 meses; 18 alcaldes de 1 a\u00f1o 10 meses y un conjunto legislativo de apenas 2 a\u00f1os.<\/p>\n<p>Todo esto para empatar las siguientes elecciones estatales con las intermedias federales del siguiente sexenio, es decir con las de 2021.<\/p>\n<p>Y a pesar de la singularidad de estos comicios, y del irregular per\u00edodo a cumplir, s\u00f3lo para la candidatura del PRI a gobernador del Estado existe ya una lista de al menos 10 aspirantes entre pol\u00edticos locales y federales.<\/p>\n<p>La fila, de acuerdo a los sondeos previos estatales la encabeza <strong>Gerardo Vargas Landeros<\/strong>, secretario general de Gobierno del gobernador Mario L\u00f3pez Valdez, a quien todos en la entidad conocen como Malova.<\/p>\n<p>De 53 a\u00f1os de edad, Vargas Landeros naci\u00f3 el 12 de octubre de 1962 en Ciudad Obreg\u00f3n, y tiene como antecedente haber sido el operador pol\u00edtico en campa\u00f1a de Malova, una militancia de 35 a\u00f1os en el PRI con apenas una diputaci\u00f3n federal entre 2006 y 2009.<\/p>\n<p>Sin embargo el desempe\u00f1o de su cargo, desde donde ha desarrollado una actividad cercana a la gente, lo ha posicionado como el de mayores preferencias ciudadanas.<\/p>\n<p>Entre los otros aspirantes est\u00e1 el poderoso empresario Jes\u00fas Vizcarra, due\u00f1o de Sukarne y ex diputado federal, ex secretario de Desarrollo Econ\u00f3mico, ex alcalde de Culiac\u00e1n y ex candidato perdedor a la gubernatura de Sinaloa.<\/p>\n<p>Vizcarra dice e insiste en que no quiere participar de nuevo, pero su equipo lo empuja cada que puede, que es casi todos los d\u00edas.<\/p>\n<p>Y de ah\u00ed hacia abajo la lista la engrosan:<\/p>\n<p>&#8211; Francisco Labastida, coordinador de Proyectos Estrat\u00e9gicos del Gobierno estatal e hijo del ex gobernador y ex candidato presidencial del mismo nombre.<\/p>\n<p>&#8211; <strong>Arturo Duarte<\/strong> ex alcalde, <strong>el ex subsecretario de Administraci\u00f3n y Finanzas quien ya realiza una persistente campa\u00f1a por redes sociales\u2026<\/strong><\/p>\n<p>&#8211;<strong>Aar\u00f3n Ir\u00edzar, senador del <\/strong>PRI y quien cuenta con una militancia desde 1968 y una larga lista de cargos locales as\u00ed como ex diputaciones y alcald\u00edas.<\/p>\n<p>&#8211;<strong>Daniel Amador, senador por el <\/strong>PRI y miembro del SNTE, ex diputado federal.<\/p>\n<p>-Diva Hadamira Gast\u00e9lum, senadora y lideresa de las mujeres pri\u00edstas.<\/p>\n<p>&#8211;\u00a0Sergio Torres F\u00e9lix, acalde de Culiac\u00e1n quien dice ir\u00e1 por la candidatura de su partido y quien reconoce no tener buen posicionamiento en las encuestas por lo cual se promovi\u00f3 para ser delegado en Sinaloa de la Conferencia Nacional de Municipios de M\u00e9xico y poder desarrollar una campa\u00f1a de posicionamiento en su estado.<\/p>\n<p>&#8211;\u00a0Heriberto Galindo, ex embajador de M\u00e9xico en Cuba y ex diputado federal.<\/p>\n<p>-David L\u00f3pez ex coordinador de Comunicaci\u00f3n Social de la Presidencia de la Rep\u00fablica y actual coordinador de los diputados del PRI de Sinaloa.<\/p>\n<p>En este escenario no falta ya el renegado pri\u00edsta que renunci\u00f3 el pasado 14 de agosto a este partido para irse por la libre como candidato independiente a la gubernatura del estado.<\/p>\n<p>Esta es la posici\u00f3n que escogi\u00f3 Francisco Cuauht\u00e9moc Fr\u00edas Castro, secretario de Educaci\u00f3n P\u00fablica y Cultura del gobierno de Malova, quien ya anunci\u00f3 su dimisi\u00f3n a este cargo para el jueves 15 de este mes.<\/p>\n<p>Sin embargo Fr\u00edas Castro ya realiza campa\u00f1a a trav\u00e9s del reparto de calcoman\u00edas que ya circulan pegadas a autos en Culiac\u00e1n y Los Mochis.<\/p>\n<p>A este grupo de aspirantes pri\u00edstas se le deber\u00e1 sumar los listados de los otros partidos para hacer una de las campa\u00f1as m\u00e1s concurridas en Sinaloa de los \u00faltimos a\u00f1os.<\/p>\n<p style=\"text-align: center;\"><strong>LA AGENDA<\/strong><\/p>\n<p>Una vez que el Congreso del Estado expida esta semana la convocatoria a elecciones generales en el estado, durante la segunda quincena deber\u00e1 quedar instalado el \u00f3rgano electoral bajo la supervisi\u00f3n del INE y del Trife para dar inicio del proceso.<\/p>\n<p>La instalaci\u00f3n e inicio de operaci\u00f3n de los consejos distritales y municipales se realizar\u00e1 en la segunda quincena de noviembre.<\/p>\n<p>En diciembre pr\u00f3ximo deber\u00e1n fijarse los topes de precampa\u00f1as y campa\u00f1as. Las\u00a0 precampa\u00f1as durar\u00e1n 40 d\u00edas.<\/p>\n<p>En caso de que los partidos no logren sacar adelante candidaturas de unidad, las precampa\u00f1as entre los inscritos en cada partido se realizar\u00e1n entre mediados de febrero a mediados de marzo para que, entre el <strong>17 al 26 de marzo de 2016, se registren los candidatos a gobernador ante el \u00f3rgano electoral.<\/strong><\/p>\n<p>Lo mismo deber\u00e1 ocurrir en el resto de las postulaciones, es as\u00ed que entre el 12 al 21 de marzo de 2016, deber\u00e1n quedar registrados los candidatos a diputados locales por mayor\u00eda relativa y de representaci\u00f3n proporcional.<\/p>\n<p>Y del 12 al 21 de marzo de 2016 se registrar\u00e1n los candidatos a alcaldes, s\u00edndicos procuradores y regidores por mayor\u00eda relativa y de representaci\u00f3n proporcional.<\/p>\n<p><strong>La campa\u00f1a para gobernador dar\u00e1 inicio el lunes 4 de abril, es decir 63 d\u00edas antes de la jornada electoral<\/strong> mientras que <strong>las campa\u00f1as para diputados y alcaldes deber\u00e1n dar inicio 48 d\u00edas antes<\/strong> de la jornada electoral.<\/p>\n<p><strong>La jornada electoral se celebrar\u00e1 el primer domingo de junio de 2016, el 5 de junio.<\/strong><\/p>\n<p style=\"text-align: center;\"><strong>PERIODOS<\/strong><\/p>\n<p>La 62 Legislatura que deber\u00e1 surgir de los comicios del domingo 5 de junio de 2016, \u00a0iniciar\u00e1 funciones el 1 de octubre de 2016, con una duraci\u00f3n de 2 a\u00f1os, para concluir el 30 de septiembre de 2018.<\/p>\n<p>Los alcaldes surgidos en esa elecci\u00f3n iniciar\u00e1n el 1 de enero de 2017 para un periodo de 1 a\u00f1o 10 meses. Concluir\u00e1 el 31 de octubre de 2018.<\/p>\n<p>El primero de enero de 2017 asumir\u00e1 el cargo el nuevo gobernador para un periodo de 4 a\u00f1os y 10 meses, concluyendo el 31 de octubre de 2021.<\/p>\n<p style=\"text-align: center;\"><strong>EL EQUIPO<\/strong><\/p>\n<p>Luego de un parto pol\u00edtico muy complejo y de negociaciones profundas que lo llev\u00f3 finalmente a la presidencia del PRI el 20 de agosto pasado, el sonorense Manlio Fabio Beltrones finalmente logr\u00f3 integrar un equipo de colaboradores.<\/p>\n<p>Durante los pasados 52 d\u00edas se especul\u00f3 sobre si Beltrones colocar\u00eda s\u00f3lo a sus cercanos o si en las 14 secretar\u00edas, 4 coordinaciones, 2 comisiones, 1 unidad y las carteras de Contralor\u00eda y la de Defensa\u00a0 de los Derechos de Militantes incluir\u00eda a personajes cercanos a algunos de los reconocidos aspirantes a suceder al presidente Enrique Pe\u00f1a Nieto en 2018.<\/p>\n<p>La tradici\u00f3n pri\u00edsta indicaba en el largo r\u00e9gimen tricolor que acab\u00f3 en el 2000 con la llegada del panista Vicente Fox a Los Pinos, que los aspirantes presidenciales pod\u00edan contar con un \u201crepresentante\u201d dentro del CEN del PRI.<\/p>\n<p>Sin embargo, ayer trascendi\u00f3 que en esta ocasi\u00f3n, y con el reingreso de un pri\u00edsta a Los Pinos, esta vieja tradici\u00f3n no existe m\u00e1s y que en el CEN del PRI encabezado por Beltrones s\u00f3lo actuar\u00e1n colaboradores cercanos al sonorense \u2014al menos en las posiciones centrales que son: secretar\u00eda general adjunta, secretar\u00eda de Organizaci\u00f3n, secretar\u00eda de Acci\u00f3n Electoral, presidencia de Fundaci\u00f3n Colosio, secretar\u00eda de Prensa y otras\u2014, y de la secretaria general Carolina Monroy del Mazo.<\/p>\n<p>En estos cargos se ubicaba anoche a Marco Bernal, Manuel A\u00f1orve, Alejandro Guti\u00e9rrez, Willy Ochoa y a Jes\u00fas Anaya.<\/p>\n<p>Hoy a las 11 se ver\u00e1 si lo anterior es cierto.<\/p>\n<p><em><a href=\"mailto:rvizcainoa@gmail.com\" target=\"_blank\">rvizcainoa@gmail.com<\/a><\/em><\/p>\n","protected":false},"excerpt":{"rendered":"<p><span style=\"color: #005497;\"><strong>Roberto Vizca\u00edno<\/strong><\/span><br \/>\n<br \/>\nEsta semana el Congreso de Sinaloa emitir\u00e1 la convocatoria a elecciones a gobernador, alcaldes y diputados locales para el 5 de junio de 2016.<\/p>\n","protected":false},"author":3,"featured_media":237974,"comment_status":"open","ping_status":"open","sticky":false,"template":"","format":"standard","meta":{"_monsterinsights_skip_tracking":false,"_monsterinsights_sitenote_active":false,"_monsterinsights_sitenote_note":"","_monsterinsights_sitenote_category":0,"footnotes":""},"categories":[136],"tags":[43674,93,94],"class_list":["post-237925","post","type-post","status-publish","format-standard","has-post-thumbnail","hentry","category-roberto-vizcaino-opinion","tag-opinion","tag-roberto-vizcaino","tag-tras-la-puerta-del-poder"],"_links":{"self":[{"href":"https:\/\/www.diarioimagen.net\/index.php?rest_route=\/wp\/v2\/posts\/237925","targetHints":{"allow":["GET"]}}],"collection":[{"href":"https:\/\/www.diarioimagen.net\/index.php?rest_route=\/wp\/v2\/posts"}],"about":[{"href":"https:\/\/www.diarioimagen.net\/index.php?rest_route=\/wp\/v2\/types\/post"}],"author":[{"embeddable":true,"href":"https:\/\/www.diarioimagen.net\/index.php?rest_route=\/wp\/v2\/users\/3"}],"replies":[{"embeddable":true,"href":"https:\/\/www.diarioimagen.net\/index.php?rest_route=%2Fwp%2Fv2%2Fcomments&post=237925"}],"version-history":[{"count":0,"href":"https:\/\/www.diarioimagen.net\/index.php?rest_route=\/wp\/v2\/posts\/237925\/revisions"}],"wp:featuredmedia":[{"embeddable":true,"href":"https:\/\/www.diarioimagen.net\/index.php?rest_route=\/wp\/v2\/media\/237974"}],"wp:attachment":[{"href":"https:\/\/www.diarioimagen.net\/index.php?rest_route=%2Fwp%2Fv2%2Fmedia&parent=237925"}],"wp:term":[{"taxonomy":"category","embeddable":true,"href":"https:\/\/www.diarioimagen.net\/index.php?rest_route=%2Fwp%2Fv2%2Fcategories&post=237925"},{"taxonomy":"post_tag","embeddable":true,"href":"https:\/\/www.diarioimagen.net\/index.php?rest_route=%2Fwp%2Fv2%2Ftags&post=237925"}],"curies":[{"name":"wp","href":"https:\/\/api.w.org\/{rel}","templated":true}]}}