{"id":237949,"date":"2015-10-12T00:05:33","date_gmt":"2015-10-12T05:05:33","guid":{"rendered":"http:\/\/www.diarioimagen.net\/?p=237949"},"modified":"2015-10-12T03:38:01","modified_gmt":"2015-10-12T08:38:01","slug":"la-corrupcion-susto-o-combate","status":"publish","type":"post","link":"https:\/\/www.diarioimagen.net\/?p=237949","title":{"rendered":"La corrupci\u00f3n, \u00bfsusto o combate?"},"content":{"rendered":"<h2>Detr\u00e1s del Poder<\/h2>\n<h5>Jos\u00e9 Antonio L\u00f3pez Sosa<\/h5>\n<p>&nbsp;<\/p>\n<p>Estamos en un punto, que la corrupci\u00f3n dej\u00f3 de asustarnos como sociedad, no se trata de insinuar siquiera que es algo cultural \u2014como algunos pol\u00edticos lo han dicho\u2014, tampoco de no ver la megaestructura de corrupci\u00f3n que se ha engendrado desde hace m\u00e1s de cien a\u00f1os en el sistema pol\u00edtico mexicano.<\/p>\n<p>Dar un poco de dinero para evitar una multa nos parece cosa del diario, lo mismo ocurre con los grandes empresarios e importantes pol\u00edticos que reciben unos pocos millones de pesos a cambio de alg\u00fan privilegio, concesi\u00f3n o negocio debajo de la mesa.<\/p>\n<p>Como sociedad somos juez y parte de la corrupci\u00f3n, lo mismo la clase pol\u00edtica, funge como juez, parte y promotor de la corrupci\u00f3n, en sus distintos niveles de gobierno y en los distintos poderes federales y estatales.<\/p>\n<p>Ahora bien, hay honrosas excepciones, eso est\u00e1 m\u00e1s que claro, otro grave error es generalizar y decir que todos o que ninguno, la corrupci\u00f3n existe en todos lados, incluso en los medios de comunicaci\u00f3n y lo que es peor, en algunos colegas periodistas.<\/p>\n<p>En las \u00faltimas semanas se han documentado casos monumentales, para desgracia de quienes ejercemos esta profesi\u00f3n porque despu\u00e9s, la generalizaci\u00f3n tambi\u00e9n nos apedrea.<\/p>\n<p>Lleg\u00f3 el momento en que el susto quiz\u00e1 pas\u00f3, ya no hay nada que nos asuste en materia de corrupci\u00f3n, ni pol\u00edtico por el que se puedan meter las manos al fuego.<\/p>\n<p>Un d\u00eda aparece un esc\u00e1ndalo y el otro tambi\u00e9n, muchos solapados por gente tan cercana a todos, que pareciera una empresa aparte, la gran corporaci\u00f3n de la corrupci\u00f3n mexicana.<\/p>\n<p>En fin, \u00bfes malo ya no tener susto por la corrupci\u00f3n?, \u00bfser\u00e1 que estamos conformes con este putrefacto sistema?<\/p>\n<p>Por otro lado, todos hablamos del combate a la corrupci\u00f3n y est\u00e1 el cl\u00e1sico lugar com\u00fan: comenzar desde casa. S\u00ed, es cierto pero no es suficiente, el dilema es \u00bfc\u00f3mo una sociedad como la nuestra se puede organizar para combatir de forma sistem\u00e1tica la corrupci\u00f3n?, la plataforma M\u00e9xico-Leaks me parece una alternativa muy importante, lo mismo que el trabajo period\u00edstico de profesionales como Carmen Aristegui o Jenaro Villamil, colegas profesionales que son tachados por otros colegas con intereses meta period\u00edsticos como autores de \u201cperiodismo ficci\u00f3n\u201d.<\/p>\n<p>Adem\u00e1s de estas dos v\u00edas, la period\u00edstica con colegas de la talla de Aristegui y Villamil \u2014entre otros que persiguen el mismo rumbo\u2014, y la electr\u00f3nica con M\u00e9xico-Leaks, \u00bfqu\u00e9 otro sistema como sociedad podemos crear para verdaderamente combatir la corrupci\u00f3n?<\/p>\n<p><em><a href=\"http:\/\/www.lopezsosa.com\" target=\"_blank\">www.lopezsosa.com<\/a><br \/>\n<\/em><em><a href=\"mailto:joseantonio@lopezsosa.com\" target=\"_blank\">joseantonio@lopezsosa.com<\/a><\/em><br \/>\n<em><a href=\"http:\/\/twitter.com\/joseantonio1977\" target=\"_blank\">@joseantonio1977<\/a><\/em><\/p>\n","protected":false},"excerpt":{"rendered":"<p><span style=\"color: #005497;\"><strong>Jos\u00e9 Antonio L\u00f3pez Sosa<\/strong><\/span><\/p>\n","protected":false},"author":3,"featured_media":0,"comment_status":"open","ping_status":"open","sticky":false,"template":"","format":"standard","meta":{"_monsterinsights_skip_tracking":false,"_monsterinsights_sitenote_active":false,"_monsterinsights_sitenote_note":"","_monsterinsights_sitenote_category":0,"footnotes":""},"categories":[637],"tags":[638,43690,43674],"class_list":["post-237949","post","type-post","status-publish","format-standard","hentry","category-jose-antonio-lopez-sosa","tag-detras-del-poder","tag-jose-antonio-lopez-sosa","tag-opinion"],"_links":{"self":[{"href":"https:\/\/www.diarioimagen.net\/index.php?rest_route=\/wp\/v2\/posts\/237949","targetHints":{"allow":["GET"]}}],"collection":[{"href":"https:\/\/www.diarioimagen.net\/index.php?rest_route=\/wp\/v2\/posts"}],"about":[{"href":"https:\/\/www.diarioimagen.net\/index.php?rest_route=\/wp\/v2\/types\/post"}],"author":[{"embeddable":true,"href":"https:\/\/www.diarioimagen.net\/index.php?rest_route=\/wp\/v2\/users\/3"}],"replies":[{"embeddable":true,"href":"https:\/\/www.diarioimagen.net\/index.php?rest_route=%2Fwp%2Fv2%2Fcomments&post=237949"}],"version-history":[{"count":0,"href":"https:\/\/www.diarioimagen.net\/index.php?rest_route=\/wp\/v2\/posts\/237949\/revisions"}],"wp:attachment":[{"href":"https:\/\/www.diarioimagen.net\/index.php?rest_route=%2Fwp%2Fv2%2Fmedia&parent=237949"}],"wp:term":[{"taxonomy":"category","embeddable":true,"href":"https:\/\/www.diarioimagen.net\/index.php?rest_route=%2Fwp%2Fv2%2Fcategories&post=237949"},{"taxonomy":"post_tag","embeddable":true,"href":"https:\/\/www.diarioimagen.net\/index.php?rest_route=%2Fwp%2Fv2%2Ftags&post=237949"}],"curies":[{"name":"wp","href":"https:\/\/api.w.org\/{rel}","templated":true}]}}