{"id":238050,"date":"2015-10-13T00:05:25","date_gmt":"2015-10-13T05:05:25","guid":{"rendered":"http:\/\/www.diarioimagen.net\/?p=238050"},"modified":"2015-10-14T00:49:24","modified_gmt":"2015-10-14T05:49:24","slug":"cultura-de-cuidado-y-atencion-animal","status":"publish","type":"post","link":"https:\/\/www.diarioimagen.net\/?p=238050","title":{"rendered":"Cultura de cuidado y atenci\u00f3n animal"},"content":{"rendered":"<h2>Arco Norte<\/h2>\n<h5>Jos\u00e9 Luis Monta\u00f1ez Aguilar<\/h5>\n<p>&nbsp;<\/p>\n<div id=\"attachment_238140\" style=\"width: 250px\" class=\"wp-caption alignleft\"><a href=\"http:\/\/www.diarioimagen.net\/?attachment_id=238140\" rel=\"attachment wp-att-238140\"><img loading=\"lazy\" decoding=\"async\" aria-describedby=\"caption-attachment-238140\" class=\"size-medium wp-image-238140\" src=\"http:\/\/www.diarioimagen.net\/wp-content\/uploads\/2015\/10\/arco-2717-240x160.jpg\" alt=\"Eruviel \u00c1vila - Inauguraci\u00f3n del Foro: La Salud Animal como factor determinante en la Salud P\u00fablica.\" width=\"240\" height=\"160\" srcset=\"https:\/\/www.diarioimagen.net\/wp-content\/uploads\/2015\/10\/arco-2717-240x160.jpg 240w, https:\/\/www.diarioimagen.net\/wp-content\/uploads\/2015\/10\/arco-2717-420x280.jpg 420w, https:\/\/www.diarioimagen.net\/wp-content\/uploads\/2015\/10\/arco-2717.jpg 640w\" sizes=\"auto, (max-width: 240px) 100vw, 240px\" \/><\/a><p id=\"caption-attachment-238140\" class=\"wp-caption-text\">Eruviel \u00c1vila &#8211; Inauguraci\u00f3n del Foro: La Salud Animal como factor determinante en la Salud P\u00fablica.<\/p><\/div>\n<p>Eruviel \u00c1vila Villegas afirm\u00f3 que para impulsar la cultura de respeto y cuidado de animales, en la entidad mexiquense se intensificar\u00e1n las campa\u00f1as de esterilizaci\u00f3n gratuita de perros, con la instalaci\u00f3n de m\u00e1s sitios para realizar estas intervenciones, acci\u00f3n que propondr\u00e1 pueda ser llevada a cabo en el resto de los estados del pa\u00eds.<\/p>\n<p>En Valle de Bravo, donde inaugur\u00f3 el foro \u201cLa Salud Animal como Factor Determinante en la Salud P\u00fablica\u201d, y acompa\u00f1ado de activistas en la materia como el actor Eugenio Derbez y el conductor Marco Antonio Regil, el mandatario mexiquense particip\u00f3 en la aplicaci\u00f3n de vacunas antirr\u00e1bicas y se\u00f1al\u00f3 que en el Edomex se construir\u00e1n cinco parques caninos m\u00e1s en la entidad, como los que ya existen en Metepec y Toluca.<\/p>\n<p>Acompa\u00f1ado de activistas para el cuidado animal, como el actor Eugenio Derbez, y el conductor Marco Antonio Regil, Eruviel \u00c1vila dijo que se analiza la posibilidad de implementar en los reclusorios de la entidad el Prision Dog Project, acci\u00f3n que encabeza Pauline Quinn, fundadora de este programa en Estados Unidos, y que consiste en que los reclusos sean capacitados y entrenen perros callejeros que sirvan de asistentes a personas con alguna discapacidad o enfermedad de debilidad visual.<\/p>\n<p>El gobernador Eruviel \u00c1vila indic\u00f3 que en el Estado de M\u00e9xico ya se sanciona penalmente el maltrato animal hasta con dos a\u00f1os de prisi\u00f3n, y se estudiar\u00e1 la posibilidad de incrementar estas condenas. Asimismo, agradeci\u00f3 a la Universidad Aut\u00f3noma del Estado de M\u00e9xico por la campa\u00f1a que lleva a cabo de esterilizaci\u00f3n de perros en las diferentes regiones de la entidad.<\/p>\n<p><em><a href=\"mailto:montanezaguilar@gmail.com\" target=\"_blank\">montanezaguilar@gmail.com<\/a><\/em><\/p>\n","protected":false},"excerpt":{"rendered":"<p><span style=\"color: #005497;\">Jos\u00e9 Luis Monta\u00f1ez Aguilar<\/span><br \/>\n<br \/>\nEruviel \u00c1vila Villegas afirm\u00f3 que para impulsar la cultura de respeto y cuidado de animales, en la entidad mexiquense se intensificar\u00e1n las campa\u00f1as de esterilizaci\u00f3n gratuita de perros, con la instalaci\u00f3n de m\u00e1s sitios para realizar estas intervenciones, acci\u00f3n que propondr\u00e1 pueda ser llevada a cabo en el resto de los estados del pa\u00eds.<\/p>\n","protected":false},"author":3,"featured_media":238140,"comment_status":"open","ping_status":"open","sticky":false,"template":"","format":"standard","meta":{"_monsterinsights_skip_tracking":false,"_monsterinsights_sitenote_active":false,"_monsterinsights_sitenote_note":"","_monsterinsights_sitenote_category":0,"footnotes":""},"categories":[5],"tags":[13284,43674],"class_list":["post-238050","post","type-post","status-publish","format-standard","has-post-thumbnail","hentry","category-estado-de-mexico","tag-arco-norte","tag-opinion"],"_links":{"self":[{"href":"https:\/\/www.diarioimagen.net\/index.php?rest_route=\/wp\/v2\/posts\/238050","targetHints":{"allow":["GET"]}}],"collection":[{"href":"https:\/\/www.diarioimagen.net\/index.php?rest_route=\/wp\/v2\/posts"}],"about":[{"href":"https:\/\/www.diarioimagen.net\/index.php?rest_route=\/wp\/v2\/types\/post"}],"author":[{"embeddable":true,"href":"https:\/\/www.diarioimagen.net\/index.php?rest_route=\/wp\/v2\/users\/3"}],"replies":[{"embeddable":true,"href":"https:\/\/www.diarioimagen.net\/index.php?rest_route=%2Fwp%2Fv2%2Fcomments&post=238050"}],"version-history":[{"count":0,"href":"https:\/\/www.diarioimagen.net\/index.php?rest_route=\/wp\/v2\/posts\/238050\/revisions"}],"wp:featuredmedia":[{"embeddable":true,"href":"https:\/\/www.diarioimagen.net\/index.php?rest_route=\/wp\/v2\/media\/238140"}],"wp:attachment":[{"href":"https:\/\/www.diarioimagen.net\/index.php?rest_route=%2Fwp%2Fv2%2Fmedia&parent=238050"}],"wp:term":[{"taxonomy":"category","embeddable":true,"href":"https:\/\/www.diarioimagen.net\/index.php?rest_route=%2Fwp%2Fv2%2Fcategories&post=238050"},{"taxonomy":"post_tag","embeddable":true,"href":"https:\/\/www.diarioimagen.net\/index.php?rest_route=%2Fwp%2Fv2%2Ftags&post=238050"}],"curies":[{"name":"wp","href":"https:\/\/api.w.org\/{rel}","templated":true}]}}