{"id":238203,"date":"2015-10-14T00:04:40","date_gmt":"2015-10-14T05:04:40","guid":{"rendered":"http:\/\/www.diarioimagen.net\/?p=238203"},"modified":"2015-10-14T02:46:55","modified_gmt":"2015-10-14T07:46:55","slug":"identifican-a-los-agresores-del-ex-gobernador-de-colima","status":"publish","type":"post","link":"https:\/\/www.diarioimagen.net\/?p=238203","title":{"rendered":"Identifican a agresores del ex gobernador de Colima"},"content":{"rendered":"<ul>\n<li><em><strong>Su salud evoluciona favorablemente<\/strong><\/em><\/li>\n<\/ul>\n<h6>Claudia Arellano<\/h6>\n<p>&nbsp;<\/p>\n<div id=\"attachment_238204\" style=\"width: 250px\" class=\"wp-caption alignleft\"><a href=\"http:\/\/www.diarioimagen.net\/?attachment_id=238204\" rel=\"attachment wp-att-238204\"><img loading=\"lazy\" decoding=\"async\" aria-describedby=\"caption-attachment-238204\" class=\"wp-image-238204 size-medium\" src=\"http:\/\/www.diarioimagen.net\/wp-content\/uploads\/2015\/10\/COLIMA-portal-240x140.jpg\" alt=\"El estado de salud de Fernando Moreno Pe\u00f1a evoluciona bien y no hay riesgo de complicaciones, anunci\u00f3 el mandatario el gobernador Mario Anguiano.\" width=\"240\" height=\"140\" srcset=\"https:\/\/www.diarioimagen.net\/wp-content\/uploads\/2015\/10\/COLIMA-portal-240x140.jpg 240w, https:\/\/www.diarioimagen.net\/wp-content\/uploads\/2015\/10\/COLIMA-portal-420x245.jpg 420w, https:\/\/www.diarioimagen.net\/wp-content\/uploads\/2015\/10\/COLIMA-portal.jpg 480w\" sizes=\"auto, (max-width: 240px) 100vw, 240px\" \/><\/a><p id=\"caption-attachment-238204\" class=\"wp-caption-text\">El estado de salud de Fernando Moreno Pe\u00f1a evoluciona bien y no hay riesgo de complicaciones, anunci\u00f3 el mandatario colimense, Mario Anguiano.<\/p><\/div>\n<p>Luego del atentado que sufriera el ex gobernador Fernando Moreno Pe\u00f1a, el coordinador de Seguridad P\u00fablica de Colima, Humberto Vuelvas Aguilar, se\u00f1alo que con base en las im\u00e1genes del sistema de videovigilancia ya se tienen plenamente identificados a los agresores; sin embargo, no es momento de difundir los nombres por razones de seguridad, y en el informe se coment\u00f3 que solamente uno de los individuos hizo los disparos.<\/p>\n<p>Asimismo, trascendi\u00f3 que Moreno Pe\u00f1a ya se encuentra estable y de hecho ayer mismo podr\u00eda haber rendido su declaraci\u00f3n, adem\u00e1s se confirm\u00f3 que el d\u00eda del atentado Moreno Pe\u00f1a no llevaba escoltas, y eso fue una decisi\u00f3n del ex mandatario de Colima.<\/p>\n<p>\u201c\u00c9l tiene asignados elementos para su seguridad, como todos los ex gobernadores, pero anteayer no se hac\u00eda acompa\u00f1ar por ninguno de ellos. Fue una decisi\u00f3n personal de no llevar custodios al restaurante y hasta el momento se llevan importantes avances en la investigaci\u00f3n para dar con los responsables. La declaraci\u00f3n del ex gobernador ser\u00e1 necesaria para establecer el m\u00f3vil del ataque y con ello se podr\u00e1n agregar diferentes l\u00edneas de investigaci\u00f3n\u201d, dijo.<\/p>\n<p>Se coment\u00f3 que se esperar\u00e1n 24 horas m\u00e1s para que el Moreno Pe\u00f1a deje terapia intensiva y despu\u00e9s rinda su declaraci\u00f3n ante las autoridades que investigan el ataque en su contra, pero ser\u00eda dado de alta hasta dentro de una semana.<\/p>\n<p>Moreno Pe\u00f1a est\u00e1 fuera de peligro, dijeron los m\u00e9dicos, luego de recibir seis balazos en un restaurante. Respecto a las investigaciones, apuntaron que todav\u00eda no se cuenta con pruebas suficientes para dar a conocer el m\u00f3vil del ataque.<\/p>\n<p style=\"text-align: center;\"><strong>Legisladores condenan atentado<\/strong><\/p>\n<p>Ante la noticia, legisladores de diversos partidos condenaron el atentado que sufri\u00f3 el ex gobernador Moreno Pe\u00f1a y exigieron que las autoridades federales investiguen a fondo para dar con los responsables.<\/p>\n<p>En tanto, el presidente de la Mesa Directiva de la C\u00e1mara de Diputados, Jes\u00fas Zambrano Grijalva, indic\u00f3 que \u201ces un hecho condenable que viene a hablar de los problemas tan profundos que seguimos teniendo en materia de seguridad p\u00fablica\u201d.<\/p>\n<p>Fernando Moreno Pe\u00f1a es el tercer ex gobernador de esa entidad que sufre este tipo de atentados. \u201c\u00bfQu\u00e9 es lo que est\u00e1 pasando ah\u00ed, qu\u00e9 es lo que est\u00e1 sucediendo, por qu\u00e9 se est\u00e1n dando este tipo de hechos criminales? Aqu\u00ed las \u00e1reas de inteligencia del Estado mexicano tienen una tarea por delante\u201d, dijo Zambrano.<\/p>\n<p>Por su parte, el coordinador del Partido Acci\u00f3n Nacional (PAN) en el Senado, Fernando Herrera \u00c1vila, conden\u00f3 el atentado y critic\u00f3 el clima de inseguridad que se registra en esa entidad, donde record\u00f3 que otro ex gobernador fue asesinado hace algunos a\u00f1os. Asimismo, Mario Anguiano Moreno, gobernador de Colima, indic\u00f3 que su administraci\u00f3n ha solicitado a las autoridades federales ayuda para lograr la captura de los responsables del ataque a Fernando Moreno Pe\u00f1a y al mismo tiempo evitar que este estado, ubicado entre los conflictivos Jalisco y Michoac\u00e1n, se convierta en un nuevo foco de violencia en el pa\u00eds.<\/p>\n<p>\u201cHemos pedido el apoyo y la coordinaci\u00f3n con el gobierno federal y las diferentes corporaciones de seguridad para esclarecer estos hechos. No escatimaremos esfuerzos ni recurso alguno para capturar a los responsables. No habr\u00e1 impunidad en estos hechos tan lamentables\u201d, a\u00f1adi\u00f3.<\/p>\n<p>En las redes sociales circula que el c\u00e1rtel de Sinaloa fue reconocido por el propio gobernador Mario Anguiano Moreno, a quien culpa del aumento de la violencia. \u201cLa verdad es que de acuerdo a la informaci\u00f3n que se tiene, y tambi\u00e9n de acuerdo con las personas que se han detenido. Lo que se percibe es que llega un grupo delictivo, que es el c\u00e1rtel de Sinaloa, y entonces, siempre que hay ese tipo de circunstancias hay disputa entre estos grupos delictivos\u201d, declar\u00f3 el mandatario la semana pasada.<\/p>\n","protected":false},"excerpt":{"rendered":"<p>Luego del atentado que sufriera el ex gobernador Fernando Moreno Pe\u00f1a, el coordinador de Seguridad P\u00fablica de Colima, Humberto Vuelvas Aguilar, se\u00f1alo que con base en las im\u00e1genes del sistema de videovigilancia ya se tienen plenamente identificados a los agresores; sin embargo, no es momento de difundir los nombres por razones de seguridad, y en el informe se coment\u00f3 que solamente uno de los individuos hizo los disparos.<\/p>\n","protected":false},"author":5,"featured_media":238204,"comment_status":"open","ping_status":"open","sticky":false,"template":"","format":"standard","meta":{"_monsterinsights_skip_tracking":false,"_monsterinsights_sitenote_active":false,"_monsterinsights_sitenote_note":"","_monsterinsights_sitenote_category":0,"footnotes":""},"categories":[7],"tags":[19379,4221,362,43677,1088],"class_list":["post-238203","post","type-post","status-publish","format-standard","has-post-thumbnail","hentry","category-seguridad","tag-atentado","tag-colima","tag-pri","tag-seguridad","tag-seguridad-publica"],"_links":{"self":[{"href":"https:\/\/www.diarioimagen.net\/index.php?rest_route=\/wp\/v2\/posts\/238203","targetHints":{"allow":["GET"]}}],"collection":[{"href":"https:\/\/www.diarioimagen.net\/index.php?rest_route=\/wp\/v2\/posts"}],"about":[{"href":"https:\/\/www.diarioimagen.net\/index.php?rest_route=\/wp\/v2\/types\/post"}],"author":[{"embeddable":true,"href":"https:\/\/www.diarioimagen.net\/index.php?rest_route=\/wp\/v2\/users\/5"}],"replies":[{"embeddable":true,"href":"https:\/\/www.diarioimagen.net\/index.php?rest_route=%2Fwp%2Fv2%2Fcomments&post=238203"}],"version-history":[{"count":0,"href":"https:\/\/www.diarioimagen.net\/index.php?rest_route=\/wp\/v2\/posts\/238203\/revisions"}],"wp:featuredmedia":[{"embeddable":true,"href":"https:\/\/www.diarioimagen.net\/index.php?rest_route=\/wp\/v2\/media\/238204"}],"wp:attachment":[{"href":"https:\/\/www.diarioimagen.net\/index.php?rest_route=%2Fwp%2Fv2%2Fmedia&parent=238203"}],"wp:term":[{"taxonomy":"category","embeddable":true,"href":"https:\/\/www.diarioimagen.net\/index.php?rest_route=%2Fwp%2Fv2%2Fcategories&post=238203"},{"taxonomy":"post_tag","embeddable":true,"href":"https:\/\/www.diarioimagen.net\/index.php?rest_route=%2Fwp%2Fv2%2Ftags&post=238203"}],"curies":[{"name":"wp","href":"https:\/\/api.w.org\/{rel}","templated":true}]}}