{"id":238206,"date":"2015-10-14T00:08:48","date_gmt":"2015-10-14T05:08:48","guid":{"rendered":"http:\/\/www.diarioimagen.net\/?p=238206"},"modified":"2015-10-14T02:39:28","modified_gmt":"2015-10-14T07:39:28","slug":"dejan-al-delegado-ricardo-monreal-paquete-con-1-5-mdp","status":"publish","type":"post","link":"https:\/\/www.diarioimagen.net\/?p=238206","title":{"rendered":"Dejan al delegado Monreal un paquete con 1.5 mdp"},"content":{"rendered":"<ul>\n<li><strong><em>\u201cDerechos de v\u00eda p\u00fablica\u201d<\/em><\/strong><\/li>\n<\/ul>\n<div id=\"attachment_238207\" style=\"width: 250px\" class=\"wp-caption alignleft\"><a href=\"http:\/\/www.diarioimagen.net\/?attachment_id=238207\" rel=\"attachment wp-att-238207\"><img loading=\"lazy\" decoding=\"async\" aria-describedby=\"caption-attachment-238207\" class=\"wp-image-238207 size-medium\" src=\"http:\/\/www.diarioimagen.net\/wp-content\/uploads\/2015\/10\/LANA-portal-240x140.jpg\" alt=\"El delegado Ricardo Monreal cont\u00f3 el dinero que recibi\u00f3 su secretaria delante de los medios de comunicaci\u00f3n.\" width=\"240\" height=\"140\" srcset=\"https:\/\/www.diarioimagen.net\/wp-content\/uploads\/2015\/10\/LANA-portal-240x140.jpg 240w, https:\/\/www.diarioimagen.net\/wp-content\/uploads\/2015\/10\/LANA-portal-420x245.jpg 420w, https:\/\/www.diarioimagen.net\/wp-content\/uploads\/2015\/10\/LANA-portal.jpg 480w\" sizes=\"auto, (max-width: 240px) 100vw, 240px\" \/><\/a><p id=\"caption-attachment-238207\" class=\"wp-caption-text\">El delegado Ricardo Monreal cont\u00f3 el dinero que recibi\u00f3 su secretaria delante de los medios de comunicaci\u00f3n.<\/p><\/div>\n<p>Al jefe de la delegaci\u00f3n Cuauht\u00e9moc, Ricardo Monreal, le lleg\u00f3 un paquete con un mill\u00f3n 579 mil pesos en efectivo. Un mensajero dijo a su secretaria particular, Yazm\u00edn Yebra, que regresar\u00eda en unos d\u00edas.<\/p>\n<p>\u201cSi se trata de derechos de la v\u00eda p\u00fablica, establecimientos mercantiles, que se ingrese a la Tesorer\u00eda, y si se trata de extorsiones a establecimientos, a ambulantes u otros negocios, que vengan y lo reclamen, lo vamos a devolver\u201d, se\u00f1al\u00f3 Monreal.<\/p>\n<p>En conferencia de prensa el director de Administraci\u00f3n, Salvador Loyo, y la tesorera, Nancy Balderas, contaron el dinero.<\/p>\n<p>\u201cYo no soy delegado \u201ccharolero\u201d, ni soy corrupto ni soy igual que todos. Si el mensajero que llev\u00f3 el dinero regresa, advirti\u00f3 Monreal, ser\u00e1 presentado ante el Ministerio P\u00fablico\u201d. exclam\u00f3 .<\/p>\n<p>A pregunta expresa de si dar\u00eda parte a la Procuradur\u00eda capitalina, donde la semana pasada ingres\u00f3 una denuncia por amenazas de muerte, el morenista dijo que s\u00ed, aunque reconoci\u00f3 que ya se hab\u00eda manipulado la evidencia.<\/p>\n<p>El \u00e1rea en que se entreg\u00f3 el paquete a su secretaria, con quien ha trabajado m\u00e1s de 20 a\u00f1os, se encuentra fuera de sus oficinas y no hay c\u00e1maras de vigilancia, m\u00e1s bien no sirven.<\/p>\n<p>El delegado coment\u00f3 que se podr\u00eda tratar del llamado \u201cni\u00f1o\u201d o pago por parte de los establecimientos. Por momentos, admiti\u00f3 Monreal, pens\u00f3 que este pago s\u00f3lo era una \u201cleyenda urbana\u201d.<\/p>\n<p>El paquete con el dinero fue entregado a las 16:00 horas del lunes y Monreal asegur\u00f3 que lo ingresar\u00e1 a la Tesorer\u00eda de la delegaci\u00f3n etiquetado como recursos no identificados y que presentar\u00e1 la denuncia correspondiente ante la Procuradur\u00eda de Justicia del Distrito Federal.<\/p>\n","protected":false},"excerpt":{"rendered":"<p>Al jefe de la delegaci\u00f3n Cuauht\u00e9moc, Ricardo Monreal, le lleg\u00f3 un paquete con un mill\u00f3n 579 mil pesos en efectivo. Un mensajero dijo a su secretaria particular, Yazm\u00edn Yebra, que regresar\u00eda en unos d\u00edas.<\/p>\n","protected":false},"author":5,"featured_media":238207,"comment_status":"open","ping_status":"open","sticky":false,"template":"","format":"standard","meta":{"_monsterinsights_skip_tracking":false,"_monsterinsights_sitenote_active":false,"_monsterinsights_sitenote_note":"","_monsterinsights_sitenote_category":0,"footnotes":""},"categories":[6],"tags":[204,5160,3675],"class_list":["post-238206","post","type-post","status-publish","format-standard","has-post-thumbnail","hentry","category-cd-de-mexico","tag-ciudad-de-mexico","tag-cuauhtemoc","tag-ricardo-monreal-avila"],"_links":{"self":[{"href":"https:\/\/www.diarioimagen.net\/index.php?rest_route=\/wp\/v2\/posts\/238206","targetHints":{"allow":["GET"]}}],"collection":[{"href":"https:\/\/www.diarioimagen.net\/index.php?rest_route=\/wp\/v2\/posts"}],"about":[{"href":"https:\/\/www.diarioimagen.net\/index.php?rest_route=\/wp\/v2\/types\/post"}],"author":[{"embeddable":true,"href":"https:\/\/www.diarioimagen.net\/index.php?rest_route=\/wp\/v2\/users\/5"}],"replies":[{"embeddable":true,"href":"https:\/\/www.diarioimagen.net\/index.php?rest_route=%2Fwp%2Fv2%2Fcomments&post=238206"}],"version-history":[{"count":0,"href":"https:\/\/www.diarioimagen.net\/index.php?rest_route=\/wp\/v2\/posts\/238206\/revisions"}],"wp:featuredmedia":[{"embeddable":true,"href":"https:\/\/www.diarioimagen.net\/index.php?rest_route=\/wp\/v2\/media\/238207"}],"wp:attachment":[{"href":"https:\/\/www.diarioimagen.net\/index.php?rest_route=%2Fwp%2Fv2%2Fmedia&parent=238206"}],"wp:term":[{"taxonomy":"category","embeddable":true,"href":"https:\/\/www.diarioimagen.net\/index.php?rest_route=%2Fwp%2Fv2%2Fcategories&post=238206"},{"taxonomy":"post_tag","embeddable":true,"href":"https:\/\/www.diarioimagen.net\/index.php?rest_route=%2Fwp%2Fv2%2Ftags&post=238206"}],"curies":[{"name":"wp","href":"https:\/\/api.w.org\/{rel}","templated":true}]}}