{"id":238247,"date":"2015-10-14T00:08:13","date_gmt":"2015-10-14T05:08:13","guid":{"rendered":"http:\/\/www.diarioimagen.net\/?p=238247"},"modified":"2015-10-14T06:29:22","modified_gmt":"2015-10-14T11:29:22","slug":"apoyo-para-autoemplearse-a-mas-de-5-mil-emprendedores","status":"publish","type":"post","link":"https:\/\/www.diarioimagen.net\/?p=238247","title":{"rendered":"Apoyo para autoemplearse a m\u00e1s de 5 mil emprendedores"},"content":{"rendered":"<ul>\n<li><strong><em>Apoyos a giros comerciales<\/em><\/strong><\/li>\n<\/ul>\n<p><strong><a href=\"http:\/\/www.diarioimagen.net\/?attachment_id=238345\" rel=\"attachment wp-att-238345\"><img loading=\"lazy\" decoding=\"async\" class=\"alignleft size-medium wp-image-238345\" src=\"http:\/\/www.diarioimagen.net\/wp-content\/uploads\/2015\/10\/autoempleo-2718-240x159.jpg\" alt=\"autoempleo-2718\" width=\"240\" height=\"159\" srcset=\"https:\/\/www.diarioimagen.net\/wp-content\/uploads\/2015\/10\/autoempleo-2718-240x159.jpg 240w, https:\/\/www.diarioimagen.net\/wp-content\/uploads\/2015\/10\/autoempleo-2718-420x278.jpg 420w, https:\/\/www.diarioimagen.net\/wp-content\/uploads\/2015\/10\/autoempleo-2718.jpg 454w\" sizes=\"auto, (max-width: 240px) 100vw, 240px\" \/><\/a>Zinacantepec, Estado de M\u00e9xico<\/strong>.- El Estado de M\u00e9xico ocupa el primer lugar nacional en personas apoyadas con el programa de Fomento al Autoempleo, ya que en estos cuatro a\u00f1os de la administraci\u00f3n estatal, se ha beneficiado a m\u00e1s de 5 mil 500 emprendedores, inform\u00f3 el secretario del Trabajo, Javier Garc\u00eda Bejos.<\/p>\n<p>\u201cLos emprendedores son el mejor ejemplo de lo que muchos mexiquenses pueden hacer cuando deciden iniciar alg\u00fan proyecto que les permita abrirse paso en la vida y ofrecerle bienestar a sus familias, y en esa tarea no est\u00e1n solos, cuentan con el apoyo de los gobiernos del presidente Enrique Pe\u00f1a y de Eruviel \u00c1vila, quienes han implementado pol\u00edticas p\u00fablicas laborales con sentido humano\u201d, dijo durante la entrega de maquinaria y equipo a beneficiados.<\/p>\n<p>Durante el evento en la que se entregaron apoyos a giros comerciales de confecci\u00f3n de prendas, est\u00e9ticas, herrer\u00eda, panader\u00edas, taquer\u00edas, entre otros, y que se instalar\u00e1n en los municipios de Atlacomulco, Ixtlahuaca, Jiquipilco, El Oro, Villa Guerrero, Polotitl\u00e1n y Zinacantepec, Javier Garc\u00eda destac\u00f3 que esta cifra corresponde al Servicio Nacional de Empleo, por lo que las pol\u00edticas p\u00fablicas de este rubro tambi\u00e9n ofrecen a los mexiquenses las oportunidades para auto emplearse a trav\u00e9s del emprendedurismo, con lo que podr\u00e1n transformar y mejorar la realidad de miles de mexiquenses y sus familias.<\/p>\n<p>En las instalaciones del Instituto de Capacitaci\u00f3n y Adiestramiento para el Trabajo Industrial (ICATI) se entregaron a 34 beneficiarios del programa Fomento al Autoempleo, maquinaria y equipo para 21 iniciativas de Ocupaci\u00f3n por Cuenta Propia, para lo que se destin\u00f3 una inversi\u00f3n de m\u00e1s de 780 mil pesos.<\/p>\n<p>El secretario del Trabajo inform\u00f3 que los apoyos se otorgan en calidad de comodato y al paso de un a\u00f1o se entregan las facturas de propiedad a los micro empresarios, y consisten en mobiliario, maquinaria, equipo y herramienta, cuyo costo puede ser desde 25 mil pesos por persona y hasta 125 mil pesos como m\u00e1ximo, cuando el n\u00famero de integrantes sea de cinco o m\u00e1s ciudadanos.<\/p>\n","protected":false},"excerpt":{"rendered":"<p>El Estado de M\u00e9xico ocupa el primer lugar nacional en personas apoyadas con el programa de Fomento al Autoempleo, ya que en estos cuatro a\u00f1os de la administraci\u00f3n estatal, se ha beneficiado a m\u00e1s de 5 mil 500 emprendedores, inform\u00f3 el secretario del Trabajo, Javier Garc\u00eda Bejos.<\/p>\n","protected":false},"author":3,"featured_media":238345,"comment_status":"open","ping_status":"open","sticky":false,"template":"","format":"standard","meta":{"_monsterinsights_skip_tracking":false,"_monsterinsights_sitenote_active":false,"_monsterinsights_sitenote_note":"","_monsterinsights_sitenote_category":0,"footnotes":""},"categories":[5],"tags":[45304,43675,184],"class_list":["post-238247","post","type-post","status-publish","format-standard","has-post-thumbnail","hentry","category-estado-de-mexico","tag-emprendedores","tag-estado-de-mexico","tag-zinacantepec"],"_links":{"self":[{"href":"https:\/\/www.diarioimagen.net\/index.php?rest_route=\/wp\/v2\/posts\/238247","targetHints":{"allow":["GET"]}}],"collection":[{"href":"https:\/\/www.diarioimagen.net\/index.php?rest_route=\/wp\/v2\/posts"}],"about":[{"href":"https:\/\/www.diarioimagen.net\/index.php?rest_route=\/wp\/v2\/types\/post"}],"author":[{"embeddable":true,"href":"https:\/\/www.diarioimagen.net\/index.php?rest_route=\/wp\/v2\/users\/3"}],"replies":[{"embeddable":true,"href":"https:\/\/www.diarioimagen.net\/index.php?rest_route=%2Fwp%2Fv2%2Fcomments&post=238247"}],"version-history":[{"count":0,"href":"https:\/\/www.diarioimagen.net\/index.php?rest_route=\/wp\/v2\/posts\/238247\/revisions"}],"wp:featuredmedia":[{"embeddable":true,"href":"https:\/\/www.diarioimagen.net\/index.php?rest_route=\/wp\/v2\/media\/238345"}],"wp:attachment":[{"href":"https:\/\/www.diarioimagen.net\/index.php?rest_route=%2Fwp%2Fv2%2Fmedia&parent=238247"}],"wp:term":[{"taxonomy":"category","embeddable":true,"href":"https:\/\/www.diarioimagen.net\/index.php?rest_route=%2Fwp%2Fv2%2Fcategories&post=238247"},{"taxonomy":"post_tag","embeddable":true,"href":"https:\/\/www.diarioimagen.net\/index.php?rest_route=%2Fwp%2Fv2%2Ftags&post=238247"}],"curies":[{"name":"wp","href":"https:\/\/api.w.org\/{rel}","templated":true}]}}