{"id":238437,"date":"2015-10-15T00:04:26","date_gmt":"2015-10-15T05:04:26","guid":{"rendered":"http:\/\/www.diarioimagen.net\/?p=238437"},"modified":"2015-10-15T23:52:41","modified_gmt":"2015-10-16T04:52:41","slug":"reaparecen-condiciones-de-lluvia-en-gran-parte-del-pais","status":"publish","type":"post","link":"https:\/\/www.diarioimagen.net\/?p=238437","title":{"rendered":"Reaparecen condiciones de lluvia en gran parte del pa\u00eds"},"content":{"rendered":"<ul>\n<li><strong><em>Frente fr\u00edo y ondas tropicales<\/em><\/strong><\/li>\n<\/ul>\n<div id=\"attachment_238536\" style=\"width: 250px\" class=\"wp-caption alignleft\"><a href=\"http:\/\/www.diarioimagen.net\/?attachment_id=238536\" rel=\"attachment wp-att-238536\"><img loading=\"lazy\" decoding=\"async\" aria-describedby=\"caption-attachment-238536\" class=\"size-medium wp-image-238536\" src=\"http:\/\/www.diarioimagen.net\/wp-content\/uploads\/2015\/10\/LLUVIAS-2719-240x160.jpg\" alt=\"Continuar\u00e1n este fin de semana las condiciones de lluvias en la mayor parte del territorio nacional.\" width=\"240\" height=\"160\" srcset=\"https:\/\/www.diarioimagen.net\/wp-content\/uploads\/2015\/10\/LLUVIAS-2719-240x160.jpg 240w, https:\/\/www.diarioimagen.net\/wp-content\/uploads\/2015\/10\/LLUVIAS-2719-420x280.jpg 420w, https:\/\/www.diarioimagen.net\/wp-content\/uploads\/2015\/10\/LLUVIAS-2719.jpg 1200w\" sizes=\"auto, (max-width: 240px) 100vw, 240px\" \/><\/a><p id=\"caption-attachment-238536\" class=\"wp-caption-text\">Continuar\u00e1n este fin de semana las condiciones de lluvias en la mayor parte del territorio nacional.<\/p><\/div>\n<p>Se reanudar\u00e1n las condiciones de lluvias generalizadas en gran parte del pa\u00eds debido al paso del frente fr\u00edo n\u00famero 6, en combinaci\u00f3n con las ondas tropicales 42 y 43, adem\u00e1s del ingreso de humedad de ambas costas de la Rep\u00fablica.<\/p>\n<p>El Servicio Meteorol\u00f3gico Nacional (SMN) inform\u00f3 que en el transcurso de las pr\u00f3ximas horas se esperan lluvias muy fuertes en San Luis Potos\u00ed y Veracruz, debido a los efectos del frente fr\u00edo n\u00famero 6.<\/p>\n<p>Este sistema favorece la generaci\u00f3n de lluvias fuertes en Tamaulipas, Hidalgo y Puebla adem\u00e1s de precipitaciones menores a 25 mil\u00edmetros en Nuevo Le\u00f3n, Quer\u00e9taro y Tlaxcala, precis\u00f3 en su reporte m\u00e1s reciente.<\/p>\n<p>En cuanto a la masa de aire fr\u00edo que acompa\u00f1a al sistema frontal, se prev\u00e9 que adem\u00e1s de propiciar descensos de temperatura genere vientos con rachas de hasta 45 kil\u00f3metros por hora en el litoral del Golfo de M\u00e9xico y de hasta 60 kil\u00f3metros por hora en el istmo y Golfo de Tehuantepec.<\/p>\n<p>Los meteor\u00f3logos prev\u00e9n lluvias puntuales intensas en Chiapas y Tabasco; muy fuerte en Oaxaca, Yucat\u00e1n, Campeche y Quintana Roo, as\u00ed como fuertes en Jalisco, Michoac\u00e1n, Guerrero y el Estado de M\u00e9xico.<\/p>\n<p>&nbsp;<\/p>\n","protected":false},"excerpt":{"rendered":"<p>Se reanudar\u00e1n las condiciones de lluvias generalizadas en gran parte del pa\u00eds debido al paso del frente fr\u00edo n\u00famero 6, en combinaci\u00f3n con las ondas tropicales 42 y 43, adem\u00e1s del ingreso de humedad de ambas costas de la Rep\u00fablica. El Servicio Meteorol\u00f3gico Nacional (SMN) inform\u00f3 que en el transcurso de las pr\u00f3ximas horas se esperan lluvias muy fuertes en San Luis Potos\u00ed y Veracruz, debido a los efectos del frente fr\u00edo n\u00famero 6.<\/p>\n","protected":false},"author":3,"featured_media":238536,"comment_status":"open","ping_status":"open","sticky":false,"template":"","format":"standard","meta":{"_monsterinsights_skip_tracking":false,"_monsterinsights_sitenote_active":false,"_monsterinsights_sitenote_note":"","_monsterinsights_sitenote_category":0,"footnotes":""},"categories":[3],"tags":[377,1849,43673,530,380],"class_list":["post-238437","post","type-post","status-publish","format-standard","has-post-thumbnail","hentry","category-nacional","tag-frente-frio","tag-lluvias","tag-nacional","tag-servicio-meteorologico-nacional","tag-smn"],"_links":{"self":[{"href":"https:\/\/www.diarioimagen.net\/index.php?rest_route=\/wp\/v2\/posts\/238437","targetHints":{"allow":["GET"]}}],"collection":[{"href":"https:\/\/www.diarioimagen.net\/index.php?rest_route=\/wp\/v2\/posts"}],"about":[{"href":"https:\/\/www.diarioimagen.net\/index.php?rest_route=\/wp\/v2\/types\/post"}],"author":[{"embeddable":true,"href":"https:\/\/www.diarioimagen.net\/index.php?rest_route=\/wp\/v2\/users\/3"}],"replies":[{"embeddable":true,"href":"https:\/\/www.diarioimagen.net\/index.php?rest_route=%2Fwp%2Fv2%2Fcomments&post=238437"}],"version-history":[{"count":0,"href":"https:\/\/www.diarioimagen.net\/index.php?rest_route=\/wp\/v2\/posts\/238437\/revisions"}],"wp:featuredmedia":[{"embeddable":true,"href":"https:\/\/www.diarioimagen.net\/index.php?rest_route=\/wp\/v2\/media\/238536"}],"wp:attachment":[{"href":"https:\/\/www.diarioimagen.net\/index.php?rest_route=%2Fwp%2Fv2%2Fmedia&parent=238437"}],"wp:term":[{"taxonomy":"category","embeddable":true,"href":"https:\/\/www.diarioimagen.net\/index.php?rest_route=%2Fwp%2Fv2%2Fcategories&post=238437"},{"taxonomy":"post_tag","embeddable":true,"href":"https:\/\/www.diarioimagen.net\/index.php?rest_route=%2Fwp%2Fv2%2Ftags&post=238437"}],"curies":[{"name":"wp","href":"https:\/\/api.w.org\/{rel}","templated":true}]}}