{"id":238578,"date":"2015-10-16T00:04:26","date_gmt":"2015-10-16T05:04:26","guid":{"rendered":"http:\/\/www.diarioimagen.net\/?p=238578"},"modified":"2015-10-18T22:46:58","modified_gmt":"2015-10-19T03:46:58","slug":"alista-pgr-tercer-peritaje-en-caso-iguala-con-expertos-de-5-paises","status":"publish","type":"post","link":"https:\/\/www.diarioimagen.net\/?p=238578","title":{"rendered":"Alista PGR tercer peritaje para el caso Ayotzinapa"},"content":{"rendered":"<ul>\n<li><strong><em>Con expertos de cinco pa\u00edses<\/em><\/strong><\/li>\n<\/ul>\n<div id=\"attachment_238579\" style=\"width: 250px\" class=\"wp-caption alignleft\"><a href=\"http:\/\/www.diarioimagen.net\/?attachment_id=238579\" rel=\"attachment wp-att-238579\"><img loading=\"lazy\" decoding=\"async\" aria-describedby=\"caption-attachment-238579\" class=\"size-medium wp-image-238579\" src=\"http:\/\/www.diarioimagen.net\/wp-content\/uploads\/2015\/10\/PERITAJE-portal-240x140.jpg\" alt=\"Preparan el tercer peritaje con expertos de cinco pa\u00edses en el basurero de Cocula, Guerrero. \" width=\"240\" height=\"140\" srcset=\"https:\/\/www.diarioimagen.net\/wp-content\/uploads\/2015\/10\/PERITAJE-portal-240x140.jpg 240w, https:\/\/www.diarioimagen.net\/wp-content\/uploads\/2015\/10\/PERITAJE-portal-420x245.jpg 420w, https:\/\/www.diarioimagen.net\/wp-content\/uploads\/2015\/10\/PERITAJE-portal.jpg 480w\" sizes=\"auto, (max-width: 240px) 100vw, 240px\" \/><\/a><p id=\"caption-attachment-238579\" class=\"wp-caption-text\">Preparan el tercer peritaje con expertos de cinco pa\u00edses en el basurero de Cocula, Guerrero.<\/p><\/div>\n<p>La pr\u00f3xima semana se reunir\u00e1 Eber Omar Betanzos Torres, subprocurador de la PGR, con expertos de cinco pa\u00edses para preparar un tercer peritaje en el basurero de Cocula, Guerrero, para buscar el paradero de los 43 normalistas desaparecidos.<\/p>\n<p>Indic\u00f3 que la Subprocuradur\u00eda en Investigaci\u00f3n Especializada en Delincuencia Organizada (Seido) a\u00fan no env\u00eda el expediente del caso a la subprocuradur\u00eda de Derechos Humanos, Prevenci\u00f3n del Delito y Servicios a la Comunidad, de la que es titular.<\/p>\n<p>Se\u00f1al\u00f3 que expertos de Alemania, Canad\u00e1, Espa\u00f1a, Estados Unidos y M\u00e9xico fueron convocados por la procuradora general de la Rep\u00fablica, Arely G\u00f3mez Gonz\u00e1lez, quienes podr\u00e1n proponer a otros que coadyuven con ellos, para llevar a cabo ese tercer peritaje.<\/p>\n<p>Inform\u00f3 que la pr\u00f3xima semana se reunir\u00e1 con esos expertos, para delinear las caracter\u00edsticas que deber\u00e1 contener ese \u00faltimo estudio.<\/p>\n<p>\u201cTendremos la pr\u00f3xima semana una reuni\u00f3n de trabajo con ellos a efecto de poder tratar dentro de otros asuntos uno que es este, en t\u00e9rminos de este tercer estudio y bueno las caracter\u00edsticas, los contenidos que va a tener\u201d, explic\u00f3 Betanzos Torres.<\/p>\n<p>Sin embargo aclar\u00f3 que a\u00fan no hay una fecha para realizar ese tercer peritaje, ya que primero se tiene que acordar con el grupo colegiado que lo llevar\u00e1 a cabo y cu\u00e1les ser\u00e1n sus contenidos.<\/p>\n<p>El subprocurador precis\u00f3 que en esa reuni\u00f3n con los expertos, no participar\u00e1n los padres de los normalistas desaparecidos.<\/p>\n<p>Dej\u00f3 claro que el caso Ayotzinapa est\u00e1 abierto y el objetivo fundamental es la localizaci\u00f3n de los normalistas y extern\u00f3 que otra prioridad ser\u00e1 trabajar de manera m\u00e1s cercana con los familiares de los normalistas.<\/p>\n","protected":false},"excerpt":{"rendered":"<p>La pr\u00f3xima semana se reunir\u00e1 Eber Omar Betanzos Torres, subprocurador de la PGR, con expertos de cinco pa\u00edses para preparar un tercer peritaje en el basurero de Cocula, Guerrero, para buscar el paradero de los 43 normalistas desaparecidos.<\/p>\n","protected":false},"author":5,"featured_media":238579,"comment_status":"open","ping_status":"open","sticky":false,"template":"","format":"standard","meta":{"_monsterinsights_skip_tracking":false,"_monsterinsights_sitenote_active":false,"_monsterinsights_sitenote_note":"","_monsterinsights_sitenote_category":0,"footnotes":""},"categories":[3],"tags":[21346,43673,232,43677,25065],"class_list":["post-238578","post","type-post","status-publish","format-standard","has-post-thumbnail","hentry","category-nacional","tag-ayotzinapa","tag-nacional","tag-pgr","tag-seguridad","tag-seido"],"_links":{"self":[{"href":"https:\/\/www.diarioimagen.net\/index.php?rest_route=\/wp\/v2\/posts\/238578","targetHints":{"allow":["GET"]}}],"collection":[{"href":"https:\/\/www.diarioimagen.net\/index.php?rest_route=\/wp\/v2\/posts"}],"about":[{"href":"https:\/\/www.diarioimagen.net\/index.php?rest_route=\/wp\/v2\/types\/post"}],"author":[{"embeddable":true,"href":"https:\/\/www.diarioimagen.net\/index.php?rest_route=\/wp\/v2\/users\/5"}],"replies":[{"embeddable":true,"href":"https:\/\/www.diarioimagen.net\/index.php?rest_route=%2Fwp%2Fv2%2Fcomments&post=238578"}],"version-history":[{"count":0,"href":"https:\/\/www.diarioimagen.net\/index.php?rest_route=\/wp\/v2\/posts\/238578\/revisions"}],"wp:featuredmedia":[{"embeddable":true,"href":"https:\/\/www.diarioimagen.net\/index.php?rest_route=\/wp\/v2\/media\/238579"}],"wp:attachment":[{"href":"https:\/\/www.diarioimagen.net\/index.php?rest_route=%2Fwp%2Fv2%2Fmedia&parent=238578"}],"wp:term":[{"taxonomy":"category","embeddable":true,"href":"https:\/\/www.diarioimagen.net\/index.php?rest_route=%2Fwp%2Fv2%2Fcategories&post=238578"},{"taxonomy":"post_tag","embeddable":true,"href":"https:\/\/www.diarioimagen.net\/index.php?rest_route=%2Fwp%2Fv2%2Ftags&post=238578"}],"curies":[{"name":"wp","href":"https:\/\/api.w.org\/{rel}","templated":true}]}}