{"id":238968,"date":"2015-10-20T00:04:21","date_gmt":"2015-10-20T05:04:21","guid":{"rendered":"http:\/\/www.diarioimagen.net\/?p=238968"},"modified":"2015-10-21T02:09:43","modified_gmt":"2015-10-21T07:09:43","slug":"desiste-eduardo-guerrero-contender-por-la-presidencia-del-tsjdf","status":"publish","type":"post","link":"https:\/\/www.diarioimagen.net\/?p=238968","title":{"rendered":"Eduardo Guerrero ya no participar\u00e1 en la contienda por TSJDF"},"content":{"rendered":"<ul>\n<li><strong><em>Quedan Edgar El\u00edas Azar y Rafael Guerra \u00c1lvarez<\/em><\/strong><\/li>\n<\/ul>\n<div id=\"attachment_238978\" style=\"width: 250px\" class=\"wp-caption alignleft\"><a href=\"http:\/\/www.diarioimagen.net\/?attachment_id=238978\" rel=\"attachment wp-att-238978\"><img loading=\"lazy\" decoding=\"async\" aria-describedby=\"caption-attachment-238978\" class=\"wp-image-238978 size-medium\" src=\"http:\/\/www.diarioimagen.net\/wp-content\/uploads\/2015\/10\/Magistrado-portal-240x140.jpg\" alt=\"El magistrado Eduardo Alfonso Guerrero Mart\u00ednez comunic\u00f3 ante el pleno su decisi\u00f3n de ya no participar en la elecci\u00f3n del pr\u00f3ximo 4 de noviembre.\" width=\"240\" height=\"140\" srcset=\"https:\/\/www.diarioimagen.net\/wp-content\/uploads\/2015\/10\/Magistrado-portal-240x140.jpg 240w, https:\/\/www.diarioimagen.net\/wp-content\/uploads\/2015\/10\/Magistrado-portal-420x245.jpg 420w, https:\/\/www.diarioimagen.net\/wp-content\/uploads\/2015\/10\/Magistrado-portal.jpg 480w\" sizes=\"auto, (max-width: 240px) 100vw, 240px\" \/><\/a><p id=\"caption-attachment-238978\" class=\"wp-caption-text\">El magistrado Eduardo Alfonso Guerrero Mart\u00ednez comunic\u00f3 ante el pleno su decisi\u00f3n de ya no participar en la elecci\u00f3n del pr\u00f3ximo 4 de noviembre.<\/p><\/div>\n<p>En sesi\u00f3n del pleno de magistrados del Tribunal Superior de Justicia del Distrito Federal (TSJDF), los aspirantes a la presidencia presentaron sus proyectos, y en la que los integrantes del \u00f3rgano colegiado tuvieron la oportunidad de cuestionar a los candidatos sobre c\u00f3mo llevar\u00e1n a cabo sus propuestas.<\/p>\n<p>Cada uno de los aspirantes cont\u00f3 con media hora para una intervenci\u00f3n inicial.<\/p>\n<p>Hacia el final de su intervenci\u00f3n inicial, el magistrado Eduardo Alfonso Guerrero Mart\u00ednez, comunic\u00f3 a sus pares del pleno su decisi\u00f3n de ya no participar en la elecci\u00f3n del pr\u00f3ximo 4 de noviembre.<\/p>\n<p>De esta forma, s\u00f3lo se mantienen en este proceso los magistrados Edgar El\u00edas Azar y Rafael Guerra \u00c1lvarez.<\/p>\n<p>La sesi\u00f3n privada de ayer se prolong\u00f3 casi tres horas, y durante la misma los magistrados tuvieron la oportunidad de cuestionar directamente a los magistrados El\u00edas Azar y Guerra \u00c1lvarez, sobre c\u00f3mo llevar\u00e1n a cabo su plan de trabajo para el siguiente periodo.<\/p>\n<p>La elecci\u00f3n a presidente del TSJDF se realizar\u00e1 el pr\u00f3ximo 4 de noviembre, en sesi\u00f3n p\u00fablica del pleno de magistrados, mediante voto secreto de sus integrantes.<\/p>\n","protected":false},"excerpt":{"rendered":"<p>En sesi\u00f3n del pleno de magistrados del Tribunal Superior de Justicia del Distrito Federal (TSJDF), los aspirantes a la presidencia presentaron sus proyectos, y en la que los integrantes del \u00f3rgano colegiado tuvieron la oportunidad de cuestionar a los candidatos sobre c\u00f3mo llevar\u00e1n a cabo sus propuestas.<\/p>\n","protected":false},"author":5,"featured_media":238978,"comment_status":"open","ping_status":"open","sticky":false,"template":"","format":"standard","meta":{"_monsterinsights_skip_tracking":false,"_monsterinsights_sitenote_active":false,"_monsterinsights_sitenote_note":"","_monsterinsights_sitenote_category":0,"footnotes":""},"categories":[6],"tags":[204,1925,798,2942,862],"class_list":["post-238968","post","type-post","status-publish","format-standard","has-post-thumbnail","hentry","category-cd-de-mexico","tag-ciudad-de-mexico","tag-edgar-elias-azar","tag-elecciones","tag-tribunal-superior-de-justicia-del-distrito-federal","tag-tsjdf"],"_links":{"self":[{"href":"https:\/\/www.diarioimagen.net\/index.php?rest_route=\/wp\/v2\/posts\/238968","targetHints":{"allow":["GET"]}}],"collection":[{"href":"https:\/\/www.diarioimagen.net\/index.php?rest_route=\/wp\/v2\/posts"}],"about":[{"href":"https:\/\/www.diarioimagen.net\/index.php?rest_route=\/wp\/v2\/types\/post"}],"author":[{"embeddable":true,"href":"https:\/\/www.diarioimagen.net\/index.php?rest_route=\/wp\/v2\/users\/5"}],"replies":[{"embeddable":true,"href":"https:\/\/www.diarioimagen.net\/index.php?rest_route=%2Fwp%2Fv2%2Fcomments&post=238968"}],"version-history":[{"count":0,"href":"https:\/\/www.diarioimagen.net\/index.php?rest_route=\/wp\/v2\/posts\/238968\/revisions"}],"wp:featuredmedia":[{"embeddable":true,"href":"https:\/\/www.diarioimagen.net\/index.php?rest_route=\/wp\/v2\/media\/238978"}],"wp:attachment":[{"href":"https:\/\/www.diarioimagen.net\/index.php?rest_route=%2Fwp%2Fv2%2Fmedia&parent=238968"}],"wp:term":[{"taxonomy":"category","embeddable":true,"href":"https:\/\/www.diarioimagen.net\/index.php?rest_route=%2Fwp%2Fv2%2Fcategories&post=238968"},{"taxonomy":"post_tag","embeddable":true,"href":"https:\/\/www.diarioimagen.net\/index.php?rest_route=%2Fwp%2Fv2%2Ftags&post=238968"}],"curies":[{"name":"wp","href":"https:\/\/api.w.org\/{rel}","templated":true}]}}